{"id":886,"date":"2013-03-20T07:10:50","date_gmt":"2013-03-20T06:10:50","guid":{"rendered":"http:\/\/www.fotofreunde-lev.de\/?p=886"},"modified":"2013-03-22T10:39:44","modified_gmt":"2013-03-22T09:39:44","slug":"4-madels-und-viel-spas","status":"publish","type":"post","link":"https:\/\/www.fotofreunde-lev.de\/?p=886","title":{"rendered":"4 M\u00e4dels und viel Spa\u00df"},"content":{"rendered":"<p>Fiona hatte Schwester, Cousine und Freundin in&#8217;s Studio getrieben.<br \/>\nWas dann abging &#8230;. waren 8 Stunden harte Arbeit f\u00fcr uns hinter der Kamera.<br \/>\nDie M\u00e4dels hatten ihren Spa\u00df!<\/p>\n<p><!--more--><\/p>\n<p>Und &#8230;. na ja, wir &#8222;alten M\u00e4nner&#8220; kamen geh\u00f6rig in&#8217;s Schwitzen.<br \/>\nWas auch eines ihrer Ziele war, wie mir hinterher ?????? beichtete. \ud83d\ude09<\/p>\n<div data-carousel-extra='{\"blog_id\":1,\"permalink\":\"https:\\\/\\\/www.fotofreunde-lev.de\\\/?p=886\",\"likes_blog_id\":false}' class=\"tiled-gallery type-rectangular tiled-gallery-unresized\" data-original-width=\"756\"><div class=\"gallery-row\" style=\"width: 751px; height: 276px;\"><div class=\"gallery-group images-1\" style=\"width: 188px; height: 280px;\"><div class=\"tiled-gallery-item tiled-gallery-item-small\"><a href=\"https:\/\/www.fotofreunde-lev.de\/?attachment_id=943\"><img loading=\"lazy\" decoding=\"async\" data-attachment-id=\"943\" data-orig-file=\"https:\/\/www.fotofreunde-lev.de\/wp-content\/uploads\/2013\/03\/D7H_23871_x2MPx_Pl.jpg\" data-orig-size=\"1197,1800\" data-comments-opened=\"1\" data-image-meta=\"{&quot;aperture&quot;:&quot;8&quot;,&quot;credit&quot;:&quot;Wolfgang Weeber&quot;,&quot;camera&quot;:&quot;NIKON D700&quot;,&quot;caption&quot;:&quot;&quot;,&quot;created_timestamp&quot;:&quot;1361037093&quot;,&quot;copyright&quot;:&quot;whw-fotografie.de&quot;,&quot;focal_length&quot;:&quot;110&quot;,&quot;iso&quot;:&quot;200&quot;,&quot;shutter_speed&quot;:&quot;0.00625&quot;,&quot;title&quot;:&quot;&quot;}\" data-image-title=\"D7H_23871_x2MPx_Pl\" data-image-description=\"\" data-medium-file=\"https:\/\/www.fotofreunde-lev.de\/wp-content\/uploads\/2013\/03\/D7H_23871_x2MPx_Pl-292x440.jpg\" data-large-file=\"https:\/\/www.fotofreunde-lev.de\/wp-content\/uploads\/2013\/03\/D7H_23871_x2MPx_Pl-680x1024.jpg\" src=\"https:\/\/www.fotofreunde-lev.de\/wp-content\/uploads\/2013\/03\/D7H_23871_x2MPx_Pl.jpg?w=184&#038;h=276\" width=\"184\" height=\"276\" align=\"left\" title=\"D7H_23871_x2MPx_Pl\" \/><\/a><\/div><\/div><div class=\"gallery-group images-1\" style=\"width: 188px; height: 280px;\"><div class=\"tiled-gallery-item tiled-gallery-item-small\"><a href=\"https:\/\/www.fotofreunde-lev.de\/?attachment_id=938\"><img loading=\"lazy\" decoding=\"async\" data-attachment-id=\"938\" data-orig-file=\"https:\/\/www.fotofreunde-lev.de\/wp-content\/uploads\/2013\/03\/D7H_23942_x2MPx_Pl.jpg\" data-orig-size=\"1197,1800\" data-comments-opened=\"1\" data-image-meta=\"{&quot;aperture&quot;:&quot;8&quot;,&quot;credit&quot;:&quot;Wolfgang Weeber&quot;,&quot;camera&quot;:&quot;NIKON D700&quot;,&quot;caption&quot;:&quot;&quot;,&quot;created_timestamp&quot;:&quot;1361038778&quot;,&quot;copyright&quot;:&quot;whw-fotografie.de&quot;,&quot;focal_length&quot;:&quot;46&quot;,&quot;iso&quot;:&quot;200&quot;,&quot;shutter_speed&quot;:&quot;0.00625&quot;,&quot;title&quot;:&quot;&quot;}\" data-image-title=\"D7H_23942_x2MPx_Pl\" data-image-description=\"\" data-medium-file=\"https:\/\/www.fotofreunde-lev.de\/wp-content\/uploads\/2013\/03\/D7H_23942_x2MPx_Pl-292x440.jpg\" data-large-file=\"https:\/\/www.fotofreunde-lev.de\/wp-content\/uploads\/2013\/03\/D7H_23942_x2MPx_Pl-680x1024.jpg\" src=\"https:\/\/www.fotofreunde-lev.de\/wp-content\/uploads\/2013\/03\/D7H_23942_x2MPx_Pl.jpg?w=184&#038;h=276\" width=\"184\" height=\"276\" align=\"left\" title=\"D7H_23942_x2MPx_Pl\" \/><\/a><\/div><\/div><div class=\"gallery-group images-1\" style=\"width: 188px; height: 280px;\"><div class=\"tiled-gallery-item tiled-gallery-item-small\"><a href=\"https:\/\/www.fotofreunde-lev.de\/?attachment_id=944\"><img loading=\"lazy\" decoding=\"async\" data-attachment-id=\"944\" data-orig-file=\"https:\/\/www.fotofreunde-lev.de\/wp-content\/uploads\/2013\/03\/D7H_23819_x2MPx_Pl.jpg\" data-orig-size=\"1197,1800\" data-comments-opened=\"1\" data-image-meta=\"{&quot;aperture&quot;:&quot;8&quot;,&quot;credit&quot;:&quot;Wolfgang Weeber&quot;,&quot;camera&quot;:&quot;NIKON D700&quot;,&quot;caption&quot;:&quot;&quot;,&quot;created_timestamp&quot;:&quot;1361032698&quot;,&quot;copyright&quot;:&quot;whw-fotografie.de&quot;,&quot;focal_length&quot;:&quot;65&quot;,&quot;iso&quot;:&quot;200&quot;,&quot;shutter_speed&quot;:&quot;0.00625&quot;,&quot;title&quot;:&quot;&quot;}\" data-image-title=\"D7H_23819_x2MPx_Pl\" data-image-description=\"\" data-medium-file=\"https:\/\/www.fotofreunde-lev.de\/wp-content\/uploads\/2013\/03\/D7H_23819_x2MPx_Pl-292x440.jpg\" data-large-file=\"https:\/\/www.fotofreunde-lev.de\/wp-content\/uploads\/2013\/03\/D7H_23819_x2MPx_Pl-680x1024.jpg\" src=\"https:\/\/www.fotofreunde-lev.de\/wp-content\/uploads\/2013\/03\/D7H_23819_x2MPx_Pl.jpg?w=184&#038;h=276\" width=\"184\" height=\"276\" align=\"left\" title=\"D7H_23819_x2MPx_Pl\" \/><\/a><\/div><\/div><div class=\"gallery-group images-1\" style=\"width: 187px; height: 280px;\"><div class=\"tiled-gallery-item tiled-gallery-item-small\"><a href=\"https:\/\/www.fotofreunde-lev.de\/?attachment_id=950\"><img loading=\"lazy\" decoding=\"async\" data-attachment-id=\"950\" data-orig-file=\"https:\/\/www.fotofreunde-lev.de\/wp-content\/uploads\/2013\/03\/D7H_23449_x2MPx_Pl.jpg\" data-orig-size=\"1197,1800\" data-comments-opened=\"1\" data-image-meta=\"{&quot;aperture&quot;:&quot;8&quot;,&quot;credit&quot;:&quot;Wolfgang Weeber&quot;,&quot;camera&quot;:&quot;NIKON D700&quot;,&quot;caption&quot;:&quot;&quot;,&quot;created_timestamp&quot;:&quot;1361019233&quot;,&quot;copyright&quot;:&quot;whw-fotografie.de&quot;,&quot;focal_length&quot;:&quot;120&quot;,&quot;iso&quot;:&quot;200&quot;,&quot;shutter_speed&quot;:&quot;0.00625&quot;,&quot;title&quot;:&quot;&quot;}\" data-image-title=\"D7H_23449_x2MPx_Pl\" data-image-description=\"\" data-medium-file=\"https:\/\/www.fotofreunde-lev.de\/wp-content\/uploads\/2013\/03\/D7H_23449_x2MPx_Pl-292x440.jpg\" data-large-file=\"https:\/\/www.fotofreunde-lev.de\/wp-content\/uploads\/2013\/03\/D7H_23449_x2MPx_Pl-680x1024.jpg\" src=\"https:\/\/www.fotofreunde-lev.de\/wp-content\/uploads\/2013\/03\/D7H_23449_x2MPx_Pl.jpg?w=183&#038;h=276\" width=\"183\" height=\"276\" align=\"left\" title=\"D7H_23449_x2MPx_Pl\" \/><\/a><\/div><\/div><\/div><div class=\"gallery-row\" style=\"width: 751px; height: 261px;\"><div class=\"gallery-group images-1\" style=\"width: 178px; height: 265px;\"><div class=\"tiled-gallery-item tiled-gallery-item-small\"><a href=\"https:\/\/www.fotofreunde-lev.de\/?attachment_id=948\"><img loading=\"lazy\" decoding=\"async\" data-attachment-id=\"948\" data-orig-file=\"https:\/\/www.fotofreunde-lev.de\/wp-content\/uploads\/2013\/03\/D7H_23524_x2MPx_Pl.jpg\" data-orig-size=\"1197,1800\" data-comments-opened=\"1\" data-image-meta=\"{&quot;aperture&quot;:&quot;8&quot;,&quot;credit&quot;:&quot;Wolfgang Weeber&quot;,&quot;camera&quot;:&quot;NIKON D700&quot;,&quot;caption&quot;:&quot;&quot;,&quot;created_timestamp&quot;:&quot;1361020275&quot;,&quot;copyright&quot;:&quot;whw-fotografie.de&quot;,&quot;focal_length&quot;:&quot;112&quot;,&quot;iso&quot;:&quot;200&quot;,&quot;shutter_speed&quot;:&quot;0.00625&quot;,&quot;title&quot;:&quot;&quot;}\" data-image-title=\"D7H_23524_x2MPx_Pl\" data-image-description=\"\" data-medium-file=\"https:\/\/www.fotofreunde-lev.de\/wp-content\/uploads\/2013\/03\/D7H_23524_x2MPx_Pl-292x440.jpg\" data-large-file=\"https:\/\/www.fotofreunde-lev.de\/wp-content\/uploads\/2013\/03\/D7H_23524_x2MPx_Pl-680x1024.jpg\" src=\"https:\/\/www.fotofreunde-lev.de\/wp-content\/uploads\/2013\/03\/D7H_23524_x2MPx_Pl.jpg?w=174&#038;h=261\" width=\"174\" height=\"261\" align=\"left\" title=\"D7H_23524_x2MPx_Pl\" \/><\/a><\/div><\/div><div class=\"gallery-group images-1\" style=\"width: 396px; height: 265px;\"><div class=\"tiled-gallery-item tiled-gallery-item-large\"><a href=\"https:\/\/www.fotofreunde-lev.de\/?attachment_id=945\"><img loading=\"lazy\" decoding=\"async\" data-attachment-id=\"945\" data-orig-file=\"https:\/\/www.fotofreunde-lev.de\/wp-content\/uploads\/2013\/03\/D7H_23774_x2MPx_Pl.jpg\" data-orig-size=\"1800,1197\" data-comments-opened=\"1\" data-image-meta=\"{&quot;aperture&quot;:&quot;4.5&quot;,&quot;credit&quot;:&quot;Wolfgang Weeber&quot;,&quot;camera&quot;:&quot;NIKON D700&quot;,&quot;caption&quot;:&quot;&quot;,&quot;created_timestamp&quot;:&quot;1361030133&quot;,&quot;copyright&quot;:&quot;whw-fotografie.de&quot;,&quot;focal_length&quot;:&quot;86&quot;,&quot;iso&quot;:&quot;100&quot;,&quot;shutter_speed&quot;:&quot;0.00625&quot;,&quot;title&quot;:&quot;&quot;}\" data-image-title=\"D7H_23774_x2MPx_Pl\" data-image-description=\"\" data-medium-file=\"https:\/\/www.fotofreunde-lev.de\/wp-content\/uploads\/2013\/03\/D7H_23774_x2MPx_Pl-440x292.jpg\" data-large-file=\"https:\/\/www.fotofreunde-lev.de\/wp-content\/uploads\/2013\/03\/D7H_23774_x2MPx_Pl-980x651.jpg\" src=\"https:\/\/www.fotofreunde-lev.de\/wp-content\/uploads\/2013\/03\/D7H_23774_x2MPx_Pl.jpg?w=392&#038;h=261\" width=\"392\" height=\"261\" align=\"left\" title=\"D7H_23774_x2MPx_Pl\" \/><\/a><\/div><\/div><div class=\"gallery-group images-1\" style=\"width: 177px; height: 265px;\"><div class=\"tiled-gallery-item tiled-gallery-item-small\"><a href=\"https:\/\/www.fotofreunde-lev.de\/?attachment_id=936\"><img loading=\"lazy\" decoding=\"async\" data-attachment-id=\"936\" data-orig-file=\"https:\/\/www.fotofreunde-lev.de\/wp-content\/uploads\/2013\/03\/D7H_23953_x2MPx_Pl.jpg\" data-orig-size=\"1197,1800\" data-comments-opened=\"1\" data-image-meta=\"{&quot;aperture&quot;:&quot;8&quot;,&quot;credit&quot;:&quot;Wolfgang Weeber&quot;,&quot;camera&quot;:&quot;NIKON D700&quot;,&quot;caption&quot;:&quot;&quot;,&quot;created_timestamp&quot;:&quot;1361038920&quot;,&quot;copyright&quot;:&quot;whw-fotografie.de&quot;,&quot;focal_length&quot;:&quot;50&quot;,&quot;iso&quot;:&quot;200&quot;,&quot;shutter_speed&quot;:&quot;0.00625&quot;,&quot;title&quot;:&quot;&quot;}\" data-image-title=\"D7H_23953_x2MPx_Pl\" data-image-description=\"\" data-medium-file=\"https:\/\/www.fotofreunde-lev.de\/wp-content\/uploads\/2013\/03\/D7H_23953_x2MPx_Pl-292x440.jpg\" data-large-file=\"https:\/\/www.fotofreunde-lev.de\/wp-content\/uploads\/2013\/03\/D7H_23953_x2MPx_Pl-680x1024.jpg\" src=\"https:\/\/www.fotofreunde-lev.de\/wp-content\/uploads\/2013\/03\/D7H_23953_x2MPx_Pl.jpg?w=173&#038;h=261\" width=\"173\" height=\"261\" align=\"left\" title=\"D7H_23953_x2MPx_Pl\" \/><\/a><\/div><\/div><\/div><div class=\"gallery-row\" style=\"width: 751px; height: 210px;\"><div class=\"gallery-group images-1\" style=\"width: 144px; height: 214px;\"><div class=\"tiled-gallery-item tiled-gallery-item-small\"><a href=\"https:\/\/www.fotofreunde-lev.de\/?attachment_id=941\"><img loading=\"lazy\" decoding=\"async\" data-attachment-id=\"941\" data-orig-file=\"https:\/\/www.fotofreunde-lev.de\/wp-content\/uploads\/2013\/03\/D7H_23880_x2MPx_Pl.jpg\" data-orig-size=\"1197,1800\" data-comments-opened=\"1\" data-image-meta=\"{&quot;aperture&quot;:&quot;8&quot;,&quot;credit&quot;:&quot;Wolfgang Weeber&quot;,&quot;camera&quot;:&quot;NIKON D700&quot;,&quot;caption&quot;:&quot;&quot;,&quot;created_timestamp&quot;:&quot;1361037207&quot;,&quot;copyright&quot;:&quot;whw-fotografie.de&quot;,&quot;focal_length&quot;:&quot;82&quot;,&quot;iso&quot;:&quot;200&quot;,&quot;shutter_speed&quot;:&quot;0.00625&quot;,&quot;title&quot;:&quot;&quot;}\" data-image-title=\"D7H_23880_x2MPx_Pl\" data-image-description=\"\" data-medium-file=\"https:\/\/www.fotofreunde-lev.de\/wp-content\/uploads\/2013\/03\/D7H_23880_x2MPx_Pl-292x440.jpg\" data-large-file=\"https:\/\/www.fotofreunde-lev.de\/wp-content\/uploads\/2013\/03\/D7H_23880_x2MPx_Pl-680x1024.jpg\" src=\"https:\/\/www.fotofreunde-lev.de\/wp-content\/uploads\/2013\/03\/D7H_23880_x2MPx_Pl.jpg?w=140&#038;h=210\" width=\"140\" height=\"210\" align=\"left\" title=\"D7H_23880_x2MPx_Pl\" \/><\/a><\/div><\/div><div class=\"gallery-group images-1\" style=\"width: 320px; height: 214px;\"><div class=\"tiled-gallery-item tiled-gallery-item-large\"><a href=\"https:\/\/www.fotofreunde-lev.de\/?attachment_id=953\"><img loading=\"lazy\" decoding=\"async\" data-attachment-id=\"953\" data-orig-file=\"https:\/\/www.fotofreunde-lev.de\/wp-content\/uploads\/2013\/03\/D7H_23164_x2MPx_Pl.jpg\" data-orig-size=\"1800,1197\" data-comments-opened=\"1\" data-image-meta=\"{&quot;aperture&quot;:&quot;8&quot;,&quot;credit&quot;:&quot;Wolfgang Weeber&quot;,&quot;camera&quot;:&quot;NIKON D700&quot;,&quot;caption&quot;:&quot;&quot;,&quot;created_timestamp&quot;:&quot;1361015816&quot;,&quot;copyright&quot;:&quot;whw-fotografie.de&quot;,&quot;focal_length&quot;:&quot;65&quot;,&quot;iso&quot;:&quot;200&quot;,&quot;shutter_speed&quot;:&quot;0.00625&quot;,&quot;title&quot;:&quot;&quot;}\" data-image-title=\"D7H_23164_x2MPx_Pl\" data-image-description=\"\" data-medium-file=\"https:\/\/www.fotofreunde-lev.de\/wp-content\/uploads\/2013\/03\/D7H_23164_x2MPx_Pl-440x292.jpg\" data-large-file=\"https:\/\/www.fotofreunde-lev.de\/wp-content\/uploads\/2013\/03\/D7H_23164_x2MPx_Pl-980x651.jpg\" src=\"https:\/\/www.fotofreunde-lev.de\/wp-content\/uploads\/2013\/03\/D7H_23164_x2MPx_Pl.jpg?w=316&#038;h=210\" width=\"316\" height=\"210\" align=\"left\" title=\"D7H_23164_x2MPx_Pl\" \/><\/a><\/div><\/div><div class=\"gallery-group images-1\" style=\"width: 144px; height: 214px;\"><div class=\"tiled-gallery-item tiled-gallery-item-small\"><a href=\"https:\/\/www.fotofreunde-lev.de\/?attachment_id=947\"><img loading=\"lazy\" decoding=\"async\" data-attachment-id=\"947\" data-orig-file=\"https:\/\/www.fotofreunde-lev.de\/wp-content\/uploads\/2013\/03\/D7H_23571_x2MPx_Pl.jpg\" data-orig-size=\"1198,1800\" data-comments-opened=\"1\" data-image-meta=\"{&quot;aperture&quot;:&quot;8&quot;,&quot;credit&quot;:&quot;Wolfgang Weeber&quot;,&quot;camera&quot;:&quot;NIKON D700&quot;,&quot;caption&quot;:&quot;&quot;,&quot;created_timestamp&quot;:&quot;1361020552&quot;,&quot;copyright&quot;:&quot;whw-fotografie.de&quot;,&quot;focal_length&quot;:&quot;82&quot;,&quot;iso&quot;:&quot;200&quot;,&quot;shutter_speed&quot;:&quot;0.00625&quot;,&quot;title&quot;:&quot;&quot;}\" data-image-title=\"D7H_23571_x2MPx_Pl\" data-image-description=\"\" data-medium-file=\"https:\/\/www.fotofreunde-lev.de\/wp-content\/uploads\/2013\/03\/D7H_23571_x2MPx_Pl-292x440.jpg\" data-large-file=\"https:\/\/www.fotofreunde-lev.de\/wp-content\/uploads\/2013\/03\/D7H_23571_x2MPx_Pl-681x1024.jpg\" src=\"https:\/\/www.fotofreunde-lev.de\/wp-content\/uploads\/2013\/03\/D7H_23571_x2MPx_Pl.jpg?w=140&#038;h=210\" width=\"140\" height=\"210\" align=\"left\" title=\"D7H_23571_x2MPx_Pl\" \/><\/a><\/div><\/div><div class=\"gallery-group images-1\" style=\"width: 143px; height: 214px;\"><div class=\"tiled-gallery-item tiled-gallery-item-small\"><a href=\"https:\/\/www.fotofreunde-lev.de\/?attachment_id=942\"><img loading=\"lazy\" decoding=\"async\" data-attachment-id=\"942\" data-orig-file=\"https:\/\/www.fotofreunde-lev.de\/wp-content\/uploads\/2013\/03\/D7H_23879_x2MPx_Pl.jpg\" data-orig-size=\"1197,1800\" data-comments-opened=\"1\" data-image-meta=\"{&quot;aperture&quot;:&quot;8&quot;,&quot;credit&quot;:&quot;Wolfgang Weeber&quot;,&quot;camera&quot;:&quot;NIKON D700&quot;,&quot;caption&quot;:&quot;&quot;,&quot;created_timestamp&quot;:&quot;1361037206&quot;,&quot;copyright&quot;:&quot;whw-fotografie.de&quot;,&quot;focal_length&quot;:&quot;82&quot;,&quot;iso&quot;:&quot;200&quot;,&quot;shutter_speed&quot;:&quot;0.00625&quot;,&quot;title&quot;:&quot;&quot;}\" data-image-title=\"D7H_23879_x2MPx_Pl\" data-image-description=\"\" data-medium-file=\"https:\/\/www.fotofreunde-lev.de\/wp-content\/uploads\/2013\/03\/D7H_23879_x2MPx_Pl-292x440.jpg\" data-large-file=\"https:\/\/www.fotofreunde-lev.de\/wp-content\/uploads\/2013\/03\/D7H_23879_x2MPx_Pl-680x1024.jpg\" src=\"https:\/\/www.fotofreunde-lev.de\/wp-content\/uploads\/2013\/03\/D7H_23879_x2MPx_Pl.jpg?w=139&#038;h=210\" width=\"139\" height=\"210\" align=\"left\" title=\"D7H_23879_x2MPx_Pl\" \/><\/a><\/div><\/div><\/div><div class=\"gallery-row\" style=\"width: 751px; height: 370px;\"><div class=\"gallery-group images-1\" style=\"width: 251px; height: 374px;\"><div class=\"tiled-gallery-item tiled-gallery-item-small\"><a href=\"https:\/\/www.fotofreunde-lev.de\/?attachment_id=951\"><img loading=\"lazy\" decoding=\"async\" data-attachment-id=\"951\" data-orig-file=\"https:\/\/www.fotofreunde-lev.de\/wp-content\/uploads\/2013\/03\/D7H_23211_x2MPx_Pl.jpg\" data-orig-size=\"1197,1800\" data-comments-opened=\"1\" data-image-meta=\"{&quot;aperture&quot;:&quot;8&quot;,&quot;credit&quot;:&quot;Wolfgang Weeber&quot;,&quot;camera&quot;:&quot;NIKON D700&quot;,&quot;caption&quot;:&quot;&quot;,&quot;created_timestamp&quot;:&quot;1361016328&quot;,&quot;copyright&quot;:&quot;whw-fotografie.de&quot;,&quot;focal_length&quot;:&quot;105&quot;,&quot;iso&quot;:&quot;200&quot;,&quot;shutter_speed&quot;:&quot;0.00625&quot;,&quot;title&quot;:&quot;&quot;}\" data-image-title=\"D7H_23211_x2MPx_Pl\" data-image-description=\"\" data-medium-file=\"https:\/\/www.fotofreunde-lev.de\/wp-content\/uploads\/2013\/03\/D7H_23211_x2MPx_Pl-292x440.jpg\" data-large-file=\"https:\/\/www.fotofreunde-lev.de\/wp-content\/uploads\/2013\/03\/D7H_23211_x2MPx_Pl-680x1024.jpg\" src=\"https:\/\/www.fotofreunde-lev.de\/wp-content\/uploads\/2013\/03\/D7H_23211_x2MPx_Pl.jpg?w=247&#038;h=370\" width=\"247\" height=\"370\" align=\"left\" title=\"D7H_23211_x2MPx_Pl\" \/><\/a><\/div><\/div><div class=\"gallery-group images-1\" style=\"width: 250px; height: 374px;\"><div class=\"tiled-gallery-item tiled-gallery-item-small\"><a href=\"https:\/\/www.fotofreunde-lev.de\/?attachment_id=934\"><img loading=\"lazy\" decoding=\"async\" data-attachment-id=\"934\" data-orig-file=\"https:\/\/www.fotofreunde-lev.de\/wp-content\/uploads\/2013\/03\/D7H_23959_x2MPx_Pl.jpg\" data-orig-size=\"1197,1800\" data-comments-opened=\"1\" data-image-meta=\"{&quot;aperture&quot;:&quot;8&quot;,&quot;credit&quot;:&quot;Wolfgang Weeber&quot;,&quot;camera&quot;:&quot;NIKON D700&quot;,&quot;caption&quot;:&quot;&quot;,&quot;created_timestamp&quot;:&quot;1361038943&quot;,&quot;copyright&quot;:&quot;whw-fotografie.de&quot;,&quot;focal_length&quot;:&quot;48&quot;,&quot;iso&quot;:&quot;200&quot;,&quot;shutter_speed&quot;:&quot;0.00625&quot;,&quot;title&quot;:&quot;&quot;}\" data-image-title=\"D7H_23959_x2MPx_Pl\" data-image-description=\"\" data-medium-file=\"https:\/\/www.fotofreunde-lev.de\/wp-content\/uploads\/2013\/03\/D7H_23959_x2MPx_Pl-292x440.jpg\" data-large-file=\"https:\/\/www.fotofreunde-lev.de\/wp-content\/uploads\/2013\/03\/D7H_23959_x2MPx_Pl-680x1024.jpg\" src=\"https:\/\/www.fotofreunde-lev.de\/wp-content\/uploads\/2013\/03\/D7H_23959_x2MPx_Pl.jpg?w=246&#038;h=370\" width=\"246\" height=\"370\" align=\"left\" title=\"D7H_23959_x2MPx_Pl\" \/><\/a><\/div><\/div><div class=\"gallery-group images-1\" style=\"width: 250px; height: 374px;\"><div class=\"tiled-gallery-item tiled-gallery-item-small\"><a href=\"https:\/\/www.fotofreunde-lev.de\/?attachment_id=952\"><img loading=\"lazy\" decoding=\"async\" data-attachment-id=\"952\" data-orig-file=\"https:\/\/www.fotofreunde-lev.de\/wp-content\/uploads\/2013\/03\/D7H_23191_x2MPx_Pl.jpg\" data-orig-size=\"1197,1800\" data-comments-opened=\"1\" data-image-meta=\"{&quot;aperture&quot;:&quot;8&quot;,&quot;credit&quot;:&quot;Wolfgang Weeber&quot;,&quot;camera&quot;:&quot;NIKON D700&quot;,&quot;caption&quot;:&quot;&quot;,&quot;created_timestamp&quot;:&quot;1361016222&quot;,&quot;copyright&quot;:&quot;whw-fotografie.de&quot;,&quot;focal_length&quot;:&quot;52&quot;,&quot;iso&quot;:&quot;200&quot;,&quot;shutter_speed&quot;:&quot;0.00625&quot;,&quot;title&quot;:&quot;&quot;}\" data-image-title=\"D7H_23191_x2MPx_Pl\" data-image-description=\"\" data-medium-file=\"https:\/\/www.fotofreunde-lev.de\/wp-content\/uploads\/2013\/03\/D7H_23191_x2MPx_Pl-292x440.jpg\" data-large-file=\"https:\/\/www.fotofreunde-lev.de\/wp-content\/uploads\/2013\/03\/D7H_23191_x2MPx_Pl-680x1024.jpg\" src=\"https:\/\/www.fotofreunde-lev.de\/wp-content\/uploads\/2013\/03\/D7H_23191_x2MPx_Pl.jpg?w=246&#038;h=370\" width=\"246\" height=\"370\" align=\"left\" title=\"D7H_23191_x2MPx_Pl\" \/><\/a><\/div><\/div><\/div><div class=\"gallery-row\" style=\"width: 751px; height: 210px;\"><div class=\"gallery-group images-1\" style=\"width: 144px; height: 214px;\"><div class=\"tiled-gallery-item tiled-gallery-item-small\"><a href=\"https:\/\/www.fotofreunde-lev.de\/?attachment_id=940\"><img loading=\"lazy\" decoding=\"async\" data-attachment-id=\"940\" data-orig-file=\"https:\/\/www.fotofreunde-lev.de\/wp-content\/uploads\/2013\/03\/D7H_23889_x2MPx_Pl.jpg\" data-orig-size=\"1197,1800\" data-comments-opened=\"1\" data-image-meta=\"{&quot;aperture&quot;:&quot;8&quot;,&quot;credit&quot;:&quot;Wolfgang Weeber&quot;,&quot;camera&quot;:&quot;NIKON D700&quot;,&quot;caption&quot;:&quot;&quot;,&quot;created_timestamp&quot;:&quot;1361037382&quot;,&quot;copyright&quot;:&quot;whw-fotografie.de&quot;,&quot;focal_length&quot;:&quot;105&quot;,&quot;iso&quot;:&quot;200&quot;,&quot;shutter_speed&quot;:&quot;0.00625&quot;,&quot;title&quot;:&quot;&quot;}\" data-image-title=\"D7H_23889_x2MPx_Pl\" data-image-description=\"\" data-medium-file=\"https:\/\/www.fotofreunde-lev.de\/wp-content\/uploads\/2013\/03\/D7H_23889_x2MPx_Pl-292x440.jpg\" data-large-file=\"https:\/\/www.fotofreunde-lev.de\/wp-content\/uploads\/2013\/03\/D7H_23889_x2MPx_Pl-680x1024.jpg\" src=\"https:\/\/www.fotofreunde-lev.de\/wp-content\/uploads\/2013\/03\/D7H_23889_x2MPx_Pl.jpg?w=140&#038;h=210\" width=\"140\" height=\"210\" align=\"left\" title=\"D7H_23889_x2MPx_Pl\" \/><\/a><\/div><\/div><div class=\"gallery-group images-1\" style=\"width: 320px; height: 214px;\"><div class=\"tiled-gallery-item tiled-gallery-item-large\"><a href=\"https:\/\/www.fotofreunde-lev.de\/?attachment_id=937\"><img loading=\"lazy\" decoding=\"async\" data-attachment-id=\"937\" data-orig-file=\"https:\/\/www.fotofreunde-lev.de\/wp-content\/uploads\/2013\/03\/D7H_23945_x2MPx_Pl.jpg\" data-orig-size=\"1800,1197\" data-comments-opened=\"1\" data-image-meta=\"{&quot;aperture&quot;:&quot;8&quot;,&quot;credit&quot;:&quot;Wolfgang Weeber&quot;,&quot;camera&quot;:&quot;NIKON D700&quot;,&quot;caption&quot;:&quot;&quot;,&quot;created_timestamp&quot;:&quot;1361038804&quot;,&quot;copyright&quot;:&quot;whw-fotografie.de&quot;,&quot;focal_length&quot;:&quot;62&quot;,&quot;iso&quot;:&quot;200&quot;,&quot;shutter_speed&quot;:&quot;0.00625&quot;,&quot;title&quot;:&quot;&quot;}\" data-image-title=\"D7H_23945_x2MPx_Pl\" data-image-description=\"\" data-medium-file=\"https:\/\/www.fotofreunde-lev.de\/wp-content\/uploads\/2013\/03\/D7H_23945_x2MPx_Pl-440x292.jpg\" data-large-file=\"https:\/\/www.fotofreunde-lev.de\/wp-content\/uploads\/2013\/03\/D7H_23945_x2MPx_Pl-980x651.jpg\" src=\"https:\/\/www.fotofreunde-lev.de\/wp-content\/uploads\/2013\/03\/D7H_23945_x2MPx_Pl.jpg?w=316&#038;h=210\" width=\"316\" height=\"210\" align=\"left\" title=\"D7H_23945_x2MPx_Pl\" \/><\/a><\/div><\/div><div class=\"gallery-group images-1\" style=\"width: 144px; height: 214px;\"><div class=\"tiled-gallery-item tiled-gallery-item-small\"><a href=\"https:\/\/www.fotofreunde-lev.de\/?attachment_id=946\"><img loading=\"lazy\" decoding=\"async\" data-attachment-id=\"946\" data-orig-file=\"https:\/\/www.fotofreunde-lev.de\/wp-content\/uploads\/2013\/03\/D7H_23717_x2MPx_Pl.jpg\" data-orig-size=\"1197,1800\" data-comments-opened=\"1\" data-image-meta=\"{&quot;aperture&quot;:&quot;8&quot;,&quot;credit&quot;:&quot;Wolfgang Weeber&quot;,&quot;camera&quot;:&quot;NIKON D700&quot;,&quot;caption&quot;:&quot;&quot;,&quot;created_timestamp&quot;:&quot;1361026815&quot;,&quot;copyright&quot;:&quot;whw-fotografie.de&quot;,&quot;focal_length&quot;:&quot;120&quot;,&quot;iso&quot;:&quot;200&quot;,&quot;shutter_speed&quot;:&quot;0.00625&quot;,&quot;title&quot;:&quot;&quot;}\" data-image-title=\"D7H_23717_x2MPx_Pl\" data-image-description=\"\" data-medium-file=\"https:\/\/www.fotofreunde-lev.de\/wp-content\/uploads\/2013\/03\/D7H_23717_x2MPx_Pl-292x440.jpg\" data-large-file=\"https:\/\/www.fotofreunde-lev.de\/wp-content\/uploads\/2013\/03\/D7H_23717_x2MPx_Pl-680x1024.jpg\" src=\"https:\/\/www.fotofreunde-lev.de\/wp-content\/uploads\/2013\/03\/D7H_23717_x2MPx_Pl.jpg?w=140&#038;h=210\" width=\"140\" height=\"210\" align=\"left\" title=\"D7H_23717_x2MPx_Pl\" \/><\/a><\/div><\/div><div class=\"gallery-group images-1\" style=\"width: 143px; height: 214px;\"><div class=\"tiled-gallery-item tiled-gallery-item-small\"><a href=\"https:\/\/www.fotofreunde-lev.de\/?attachment_id=935\"><img loading=\"lazy\" decoding=\"async\" data-attachment-id=\"935\" data-orig-file=\"https:\/\/www.fotofreunde-lev.de\/wp-content\/uploads\/2013\/03\/D7H_23966_x2MPx_Pl.jpg\" data-orig-size=\"1197,1800\" data-comments-opened=\"1\" data-image-meta=\"{&quot;aperture&quot;:&quot;8&quot;,&quot;credit&quot;:&quot;Wolfgang Weeber&quot;,&quot;camera&quot;:&quot;NIKON D700&quot;,&quot;caption&quot;:&quot;&quot;,&quot;created_timestamp&quot;:&quot;1361039080&quot;,&quot;copyright&quot;:&quot;whw-fotografie.de&quot;,&quot;focal_length&quot;:&quot;46&quot;,&quot;iso&quot;:&quot;200&quot;,&quot;shutter_speed&quot;:&quot;0.00625&quot;,&quot;title&quot;:&quot;&quot;}\" data-image-title=\"D7H_23966_x2MPx_Pl\" data-image-description=\"\" data-medium-file=\"https:\/\/www.fotofreunde-lev.de\/wp-content\/uploads\/2013\/03\/D7H_23966_x2MPx_Pl-292x440.jpg\" data-large-file=\"https:\/\/www.fotofreunde-lev.de\/wp-content\/uploads\/2013\/03\/D7H_23966_x2MPx_Pl-680x1024.jpg\" src=\"https:\/\/www.fotofreunde-lev.de\/wp-content\/uploads\/2013\/03\/D7H_23966_x2MPx_Pl.jpg?w=139&#038;h=210\" width=\"139\" height=\"210\" align=\"left\" title=\"D7H_23966_x2MPx_Pl\" \/><\/a><\/div><\/div><\/div><div class=\"gallery-row\" style=\"width: 751px; height: 559px;\"><div class=\"gallery-group images-1\" style=\"width: 376px; height: 563px;\"><div class=\"tiled-gallery-item tiled-gallery-item-large\"><a href=\"https:\/\/www.fotofreunde-lev.de\/?attachment_id=949\"><img loading=\"lazy\" decoding=\"async\" data-attachment-id=\"949\" data-orig-file=\"https:\/\/www.fotofreunde-lev.de\/wp-content\/uploads\/2013\/03\/D7H_23471_x2MPx_Pl.jpg\" data-orig-size=\"1197,1800\" data-comments-opened=\"1\" data-image-meta=\"{&quot;aperture&quot;:&quot;8&quot;,&quot;credit&quot;:&quot;Wolfgang Weeber&quot;,&quot;camera&quot;:&quot;NIKON D700&quot;,&quot;caption&quot;:&quot;&quot;,&quot;created_timestamp&quot;:&quot;1361019387&quot;,&quot;copyright&quot;:&quot;whw-fotografie.de&quot;,&quot;focal_length&quot;:&quot;52&quot;,&quot;iso&quot;:&quot;200&quot;,&quot;shutter_speed&quot;:&quot;0.00625&quot;,&quot;title&quot;:&quot;&quot;}\" data-image-title=\"D7H_23471_x2MPx_Pl\" data-image-description=\"\" data-medium-file=\"https:\/\/www.fotofreunde-lev.de\/wp-content\/uploads\/2013\/03\/D7H_23471_x2MPx_Pl-292x440.jpg\" data-large-file=\"https:\/\/www.fotofreunde-lev.de\/wp-content\/uploads\/2013\/03\/D7H_23471_x2MPx_Pl-680x1024.jpg\" src=\"https:\/\/www.fotofreunde-lev.de\/wp-content\/uploads\/2013\/03\/D7H_23471_x2MPx_Pl.jpg?w=372&#038;h=559\" width=\"372\" height=\"559\" align=\"left\" title=\"D7H_23471_x2MPx_Pl\" \/><\/a><\/div><\/div><div class=\"gallery-group images-1\" style=\"width: 375px; height: 563px;\"><div class=\"tiled-gallery-item tiled-gallery-item-large\"><a href=\"https:\/\/www.fotofreunde-lev.de\/?attachment_id=939\"><img loading=\"lazy\" decoding=\"async\" data-attachment-id=\"939\" data-orig-file=\"https:\/\/www.fotofreunde-lev.de\/wp-content\/uploads\/2013\/03\/D7H_23938_x2MPx_Pl.jpg\" data-orig-size=\"1197,1800\" data-comments-opened=\"1\" data-image-meta=\"{&quot;aperture&quot;:&quot;8&quot;,&quot;credit&quot;:&quot;Wolfgang Weeber&quot;,&quot;camera&quot;:&quot;NIKON D700&quot;,&quot;caption&quot;:&quot;&quot;,&quot;created_timestamp&quot;:&quot;1361038708&quot;,&quot;copyright&quot;:&quot;whw-fotografie.de&quot;,&quot;focal_length&quot;:&quot;48&quot;,&quot;iso&quot;:&quot;200&quot;,&quot;shutter_speed&quot;:&quot;0.00625&quot;,&quot;title&quot;:&quot;&quot;}\" data-image-title=\"D7H_23938_x2MPx_Pl\" data-image-description=\"\" data-medium-file=\"https:\/\/www.fotofreunde-lev.de\/wp-content\/uploads\/2013\/03\/D7H_23938_x2MPx_Pl-292x440.jpg\" data-large-file=\"https:\/\/www.fotofreunde-lev.de\/wp-content\/uploads\/2013\/03\/D7H_23938_x2MPx_Pl-680x1024.jpg\" src=\"https:\/\/www.fotofreunde-lev.de\/wp-content\/uploads\/2013\/03\/D7H_23938_x2MPx_Pl.jpg?w=371&#038;h=559\" width=\"371\" height=\"559\" align=\"left\" title=\"D7H_23938_x2MPx_Pl\" \/><\/a><\/div><\/div><\/div><\/div>\n<p>&nbsp;<\/p>\n<p>Mehr von dem ausdrucksstarken 5. Model findet sich <a href=\"http:\/\/www.whw-fotografie.de\/?p=2509\" target=\"_blank\">hier<\/a> \ud83d\ude06<\/p>\n","protected":false},"excerpt":{"rendered":"<p>Fiona hatte Schwester, Cousine und Freundin in&#8217;s Studio getrieben. Was dann abging &#8230;. waren 8 Stunden harte Arbeit f\u00fcr uns hinter der Kamera. Die M\u00e4dels hatten ihren Spa\u00df!<\/p>\n","protected":false},"author":2,"featured_media":954,"comment_status":"open","ping_status":"open","sticky":false,"template":"","format":"gallery","meta":{"footnotes":"","_links_to":"","_links_to_target":""},"categories":[33],"tags":[48],"class_list":["post-886","post","type-post","status-publish","format-gallery","has-post-thumbnail","hentry","category-portrait","tag-studio","post_format-post-format-gallery"],"_links":{"self":[{"href":"https:\/\/www.fotofreunde-lev.de\/index.php?rest_route=\/wp\/v2\/posts\/886","targetHints":{"allow":["GET"]}}],"collection":[{"href":"https:\/\/www.fotofreunde-lev.de\/index.php?rest_route=\/wp\/v2\/posts"}],"about":[{"href":"https:\/\/www.fotofreunde-lev.de\/index.php?rest_route=\/wp\/v2\/types\/post"}],"author":[{"embeddable":true,"href":"https:\/\/www.fotofreunde-lev.de\/index.php?rest_route=\/wp\/v2\/users\/2"}],"replies":[{"embeddable":true,"href":"https:\/\/www.fotofreunde-lev.de\/index.php?rest_route=%2Fwp%2Fv2%2Fcomments&post=886"}],"version-history":[{"count":15,"href":"https:\/\/www.fotofreunde-lev.de\/index.php?rest_route=\/wp\/v2\/posts\/886\/revisions"}],"predecessor-version":[{"id":908,"href":"https:\/\/www.fotofreunde-lev.de\/index.php?rest_route=\/wp\/v2\/posts\/886\/revisions\/908"}],"wp:featuredmedia":[{"embeddable":true,"href":"https:\/\/www.fotofreunde-lev.de\/index.php?rest_route=\/wp\/v2\/media\/954"}],"wp:attachment":[{"href":"https:\/\/www.fotofreunde-lev.de\/index.php?rest_route=%2Fwp%2Fv2%2Fmedia&parent=886"}],"wp:term":[{"taxonomy":"category","embeddable":true,"href":"https:\/\/www.fotofreunde-lev.de\/index.php?rest_route=%2Fwp%2Fv2%2Fcategories&post=886"},{"taxonomy":"post_tag","embeddable":true,"href":"https:\/\/www.fotofreunde-lev.de\/index.php?rest_route=%2Fwp%2Fv2%2Ftags&post=886"}],"curies":[{"name":"wp","href":"https:\/\/api.w.org\/{rel}","templated":true}]}}