{"id":6066,"date":"2022-12-29T17:12:53","date_gmt":"2022-12-29T16:12:53","guid":{"rendered":"https:\/\/www.fotofreunde-lev.de\/?p=6066"},"modified":"2022-12-29T17:24:01","modified_gmt":"2022-12-29T16:24:01","slug":"portraets-in-schwarzweiss","status":"publish","type":"post","link":"https:\/\/www.fotofreunde-lev.de\/?p=6066","title":{"rendered":"Portr\u00e4ts in Schwarzweiss"},"content":{"rendered":"<p>Menschen zu fotografieren geh\u00f6rt zu den spannendsten Gebieten der Fotografie. Die M\u00f6glichkeiten dabei sind vielf\u00e4ltig. Im Studio oder in einer anderen Location, mit k\u00fcnstlichem Licht oder durch die Nutzung des vorhandenen Lichts lassen sich vielf\u00e4ltige Aufnahmesituationen schaffen. Die Interaktion mit dem Modell ist dabei der anspruchsvollste und interessanteste Teil der Arbeit.<br \/>\nDiese Aufnahmen sind im Verlauf der letzten zehn Jahre entstanden.<\/p>\n<div data-carousel-extra='{\"blog_id\":1,\"permalink\":\"https:\\\/\\\/www.fotofreunde-lev.de\\\/?p=6066\",\"likes_blog_id\":false}' class=\"tiled-gallery type-rectangular tiled-gallery-unresized\" data-original-width=\"756\"><div class=\"gallery-row\" style=\"width: 751px; height: 497px;\"><div class=\"gallery-group images-1\" style=\"width: 500px; height: 501px;\"><div class=\"tiled-gallery-item tiled-gallery-item-large\"><a href=\"https:\/\/www.fotofreunde-lev.de\/?attachment_id=6058\"><img loading=\"lazy\" decoding=\"async\" data-attachment-id=\"6058\" data-orig-file=\"https:\/\/www.fotofreunde-lev.de\/wp-content\/uploads\/2022\/12\/Natascha.jpg\" data-orig-size=\"1200,1203\" data-comments-opened=\"1\" data-image-meta=\"{&quot;aperture&quot;:&quot;0&quot;,&quot;credit&quot;:&quot;&quot;,&quot;camera&quot;:&quot;&quot;,&quot;caption&quot;:&quot;&quot;,&quot;created_timestamp&quot;:&quot;0&quot;,&quot;copyright&quot;:&quot;&quot;,&quot;focal_length&quot;:&quot;0&quot;,&quot;iso&quot;:&quot;0&quot;,&quot;shutter_speed&quot;:&quot;0&quot;,&quot;title&quot;:&quot;&quot;,&quot;orientation&quot;:&quot;0&quot;,&quot;keywords&quot;:&quot;Array&quot;}\" data-image-title=\"Natascha\" data-image-description=\"\" data-medium-file=\"https:\/\/www.fotofreunde-lev.de\/wp-content\/uploads\/2022\/12\/Natascha-440x440.jpg\" data-large-file=\"https:\/\/www.fotofreunde-lev.de\/wp-content\/uploads\/2022\/12\/Natascha-980x982.jpg\" src=\"https:\/\/www.fotofreunde-lev.de\/wp-content\/uploads\/2022\/12\/Natascha.jpg?w=496&#038;h=497\" width=\"496\" height=\"497\" align=\"left\" title=\"Natascha\" \/><\/a><\/div><\/div><div class=\"gallery-group images-2\" style=\"width: 251px; height: 501px;\"><div class=\"tiled-gallery-item tiled-gallery-item-small\"><a href=\"https:\/\/www.fotofreunde-lev.de\/?attachment_id=6064\"><img loading=\"lazy\" decoding=\"async\" data-attachment-id=\"6064\" data-orig-file=\"https:\/\/www.fotofreunde-lev.de\/wp-content\/uploads\/2022\/12\/Vanessa.jpg\" data-orig-size=\"1200,1200\" data-comments-opened=\"1\" data-image-meta=\"{&quot;aperture&quot;:&quot;0&quot;,&quot;credit&quot;:&quot;&quot;,&quot;camera&quot;:&quot;&quot;,&quot;caption&quot;:&quot;&quot;,&quot;created_timestamp&quot;:&quot;0&quot;,&quot;copyright&quot;:&quot;Gerhard Richardson&quot;,&quot;focal_length&quot;:&quot;0&quot;,&quot;iso&quot;:&quot;0&quot;,&quot;shutter_speed&quot;:&quot;0&quot;,&quot;title&quot;:&quot;&quot;,&quot;orientation&quot;:&quot;0&quot;,&quot;keywords&quot;:&quot;Array&quot;}\" data-image-title=\"Vanessa\" data-image-description=\"\" data-medium-file=\"https:\/\/www.fotofreunde-lev.de\/wp-content\/uploads\/2022\/12\/Vanessa-440x440.jpg\" data-large-file=\"https:\/\/www.fotofreunde-lev.de\/wp-content\/uploads\/2022\/12\/Vanessa-980x980.jpg\" src=\"https:\/\/www.fotofreunde-lev.de\/wp-content\/uploads\/2022\/12\/Vanessa.jpg?w=247&#038;h=247\" width=\"247\" height=\"247\" align=\"left\" title=\"Vanessa\" \/><\/a><\/div><div class=\"tiled-gallery-item tiled-gallery-item-small\"><a href=\"https:\/\/www.fotofreunde-lev.de\/?attachment_id=6063\"><img loading=\"lazy\" decoding=\"async\" data-attachment-id=\"6063\" data-orig-file=\"https:\/\/www.fotofreunde-lev.de\/wp-content\/uploads\/2022\/12\/unbekannt.jpg\" data-orig-size=\"1200,1200\" data-comments-opened=\"1\" data-image-meta=\"{&quot;aperture&quot;:&quot;0&quot;,&quot;credit&quot;:&quot;&quot;,&quot;camera&quot;:&quot;&quot;,&quot;caption&quot;:&quot;&quot;,&quot;created_timestamp&quot;:&quot;0&quot;,&quot;copyright&quot;:&quot;g.richardson&quot;,&quot;focal_length&quot;:&quot;0&quot;,&quot;iso&quot;:&quot;0&quot;,&quot;shutter_speed&quot;:&quot;0&quot;,&quot;title&quot;:&quot;&quot;,&quot;orientation&quot;:&quot;0&quot;,&quot;keywords&quot;:&quot;Array&quot;}\" data-image-title=\"unbekannt\" data-image-description=\"\" data-medium-file=\"https:\/\/www.fotofreunde-lev.de\/wp-content\/uploads\/2022\/12\/unbekannt-440x440.jpg\" data-large-file=\"https:\/\/www.fotofreunde-lev.de\/wp-content\/uploads\/2022\/12\/unbekannt-980x980.jpg\" src=\"https:\/\/www.fotofreunde-lev.de\/wp-content\/uploads\/2022\/12\/unbekannt.jpg?w=247&#038;h=246\" width=\"247\" height=\"246\" align=\"left\" title=\"unbekannt\" \/><\/a><\/div><\/div><\/div><div class=\"gallery-row\" style=\"width: 751px; height: 408px;\"><div class=\"gallery-group images-1\" style=\"width: 339px; height: 412px;\"><div class=\"tiled-gallery-item tiled-gallery-item-large\"><a href=\"https:\/\/www.fotofreunde-lev.de\/?attachment_id=6062\"><img loading=\"lazy\" decoding=\"async\" data-attachment-id=\"6062\" data-orig-file=\"https:\/\/www.fotofreunde-lev.de\/wp-content\/uploads\/2022\/12\/Sophia.jpg\" data-orig-size=\"985,1200\" data-comments-opened=\"1\" data-image-meta=\"{&quot;aperture&quot;:&quot;0&quot;,&quot;credit&quot;:&quot;&quot;,&quot;camera&quot;:&quot;&quot;,&quot;caption&quot;:&quot;&quot;,&quot;created_timestamp&quot;:&quot;0&quot;,&quot;copyright&quot;:&quot;g.richardson&quot;,&quot;focal_length&quot;:&quot;0&quot;,&quot;iso&quot;:&quot;0&quot;,&quot;shutter_speed&quot;:&quot;0&quot;,&quot;title&quot;:&quot;&quot;,&quot;orientation&quot;:&quot;0&quot;,&quot;keywords&quot;:&quot;Array&quot;}\" data-image-title=\"Sophia\" data-image-description=\"\" data-medium-file=\"https:\/\/www.fotofreunde-lev.de\/wp-content\/uploads\/2022\/12\/Sophia-361x440.jpg\" data-large-file=\"https:\/\/www.fotofreunde-lev.de\/wp-content\/uploads\/2022\/12\/Sophia-841x1024.jpg\" src=\"https:\/\/www.fotofreunde-lev.de\/wp-content\/uploads\/2022\/12\/Sophia.jpg?w=335&#038;h=408\" width=\"335\" height=\"408\" align=\"left\" title=\"Sophia\" \/><\/a><\/div><\/div><div class=\"gallery-group images-1\" style=\"width: 412px; height: 412px;\"><div class=\"tiled-gallery-item tiled-gallery-item-large\"><a href=\"https:\/\/www.fotofreunde-lev.de\/?attachment_id=6061\"><img loading=\"lazy\" decoding=\"async\" data-attachment-id=\"6061\" data-orig-file=\"https:\/\/www.fotofreunde-lev.de\/wp-content\/uploads\/2022\/12\/Sarah.jpg\" data-orig-size=\"1200,1200\" data-comments-opened=\"1\" data-image-meta=\"{&quot;aperture&quot;:&quot;0&quot;,&quot;credit&quot;:&quot;&quot;,&quot;camera&quot;:&quot;&quot;,&quot;caption&quot;:&quot;&quot;,&quot;created_timestamp&quot;:&quot;0&quot;,&quot;copyright&quot;:&quot;Gerhard Richardson&quot;,&quot;focal_length&quot;:&quot;0&quot;,&quot;iso&quot;:&quot;0&quot;,&quot;shutter_speed&quot;:&quot;0&quot;,&quot;title&quot;:&quot;&quot;,&quot;orientation&quot;:&quot;0&quot;,&quot;keywords&quot;:&quot;Array&quot;}\" data-image-title=\"Sarah\" data-image-description=\"\" data-medium-file=\"https:\/\/www.fotofreunde-lev.de\/wp-content\/uploads\/2022\/12\/Sarah-440x440.jpg\" data-large-file=\"https:\/\/www.fotofreunde-lev.de\/wp-content\/uploads\/2022\/12\/Sarah-980x980.jpg\" src=\"https:\/\/www.fotofreunde-lev.de\/wp-content\/uploads\/2022\/12\/Sarah.jpg?w=408&#038;h=408\" width=\"408\" height=\"408\" align=\"left\" title=\"Sarah\" \/><\/a><\/div><\/div><\/div><div class=\"gallery-row\" style=\"width: 751px; height: 216px;\"><div class=\"gallery-group images-1\" style=\"width: 156px; height: 220px;\"><div class=\"tiled-gallery-item tiled-gallery-item-small\"><a href=\"https:\/\/www.fotofreunde-lev.de\/?attachment_id=6060\"><img loading=\"lazy\" decoding=\"async\" data-attachment-id=\"6060\" data-orig-file=\"https:\/\/www.fotofreunde-lev.de\/wp-content\/uploads\/2022\/12\/Olesa.jpg\" data-orig-size=\"842,1200\" data-comments-opened=\"1\" data-image-meta=\"{&quot;aperture&quot;:&quot;0&quot;,&quot;credit&quot;:&quot;&quot;,&quot;camera&quot;:&quot;&quot;,&quot;caption&quot;:&quot;&quot;,&quot;created_timestamp&quot;:&quot;0&quot;,&quot;copyright&quot;:&quot;g.richardson&quot;,&quot;focal_length&quot;:&quot;0&quot;,&quot;iso&quot;:&quot;0&quot;,&quot;shutter_speed&quot;:&quot;0&quot;,&quot;title&quot;:&quot;&quot;,&quot;orientation&quot;:&quot;0&quot;,&quot;keywords&quot;:&quot;Array&quot;}\" data-image-title=\"Olesa\" data-image-description=\"\" data-medium-file=\"https:\/\/www.fotofreunde-lev.de\/wp-content\/uploads\/2022\/12\/Olesa-309x440.jpg\" data-large-file=\"https:\/\/www.fotofreunde-lev.de\/wp-content\/uploads\/2022\/12\/Olesa-719x1024.jpg\" src=\"https:\/\/www.fotofreunde-lev.de\/wp-content\/uploads\/2022\/12\/Olesa.jpg?w=152&#038;h=216\" width=\"152\" height=\"216\" align=\"left\" title=\"Olesa\" \/><\/a><\/div><\/div><div class=\"gallery-group images-1\" style=\"width: 220px; height: 220px;\"><div class=\"tiled-gallery-item tiled-gallery-item-small\"><a href=\"https:\/\/www.fotofreunde-lev.de\/?attachment_id=6057\"><img loading=\"lazy\" decoding=\"async\" data-attachment-id=\"6057\" data-orig-file=\"https:\/\/www.fotofreunde-lev.de\/wp-content\/uploads\/2022\/12\/Nancy.jpg\" data-orig-size=\"1200,1200\" data-comments-opened=\"1\" data-image-meta=\"{&quot;aperture&quot;:&quot;0&quot;,&quot;credit&quot;:&quot;&quot;,&quot;camera&quot;:&quot;&quot;,&quot;caption&quot;:&quot;&quot;,&quot;created_timestamp&quot;:&quot;0&quot;,&quot;copyright&quot;:&quot;&quot;,&quot;focal_length&quot;:&quot;0&quot;,&quot;iso&quot;:&quot;0&quot;,&quot;shutter_speed&quot;:&quot;0&quot;,&quot;title&quot;:&quot;&quot;,&quot;orientation&quot;:&quot;0&quot;,&quot;keywords&quot;:&quot;Array&quot;}\" data-image-title=\"Nancy\" data-image-description=\"\" data-medium-file=\"https:\/\/www.fotofreunde-lev.de\/wp-content\/uploads\/2022\/12\/Nancy-440x440.jpg\" data-large-file=\"https:\/\/www.fotofreunde-lev.de\/wp-content\/uploads\/2022\/12\/Nancy-980x980.jpg\" src=\"https:\/\/www.fotofreunde-lev.de\/wp-content\/uploads\/2022\/12\/Nancy.jpg?w=216&#038;h=216\" width=\"216\" height=\"216\" align=\"left\" title=\"Nancy\" \/><\/a><\/div><\/div><div class=\"gallery-group images-1\" style=\"width: 196px; height: 220px;\"><div class=\"tiled-gallery-item tiled-gallery-item-small\"><a href=\"https:\/\/www.fotofreunde-lev.de\/?attachment_id=6056\"><img loading=\"lazy\" decoding=\"async\" data-attachment-id=\"6056\" data-orig-file=\"https:\/\/www.fotofreunde-lev.de\/wp-content\/uploads\/2022\/12\/Kathleen.jpg\" data-orig-size=\"1064,1200\" data-comments-opened=\"1\" data-image-meta=\"{&quot;aperture&quot;:&quot;0&quot;,&quot;credit&quot;:&quot;&quot;,&quot;camera&quot;:&quot;&quot;,&quot;caption&quot;:&quot;&quot;,&quot;created_timestamp&quot;:&quot;0&quot;,&quot;copyright&quot;:&quot;g.richardson&quot;,&quot;focal_length&quot;:&quot;0&quot;,&quot;iso&quot;:&quot;0&quot;,&quot;shutter_speed&quot;:&quot;0&quot;,&quot;title&quot;:&quot;&quot;,&quot;orientation&quot;:&quot;0&quot;,&quot;keywords&quot;:&quot;Array&quot;}\" data-image-title=\"Kathleen\" data-image-description=\"\" data-medium-file=\"https:\/\/www.fotofreunde-lev.de\/wp-content\/uploads\/2022\/12\/Kathleen-390x440.jpg\" data-large-file=\"https:\/\/www.fotofreunde-lev.de\/wp-content\/uploads\/2022\/12\/Kathleen-908x1024.jpg\" src=\"https:\/\/www.fotofreunde-lev.de\/wp-content\/uploads\/2022\/12\/Kathleen.jpg?w=192&#038;h=216\" width=\"192\" height=\"216\" align=\"left\" title=\"Kathleen\" \/><\/a><\/div><\/div><div class=\"gallery-group images-1\" style=\"width: 179px; height: 220px;\"><div class=\"tiled-gallery-item tiled-gallery-item-small\"><a href=\"https:\/\/www.fotofreunde-lev.de\/?attachment_id=6055\"><img loading=\"lazy\" decoding=\"async\" data-attachment-id=\"6055\" data-orig-file=\"https:\/\/www.fotofreunde-lev.de\/wp-content\/uploads\/2022\/12\/Kai.jpg\" data-orig-size=\"972,1200\" data-comments-opened=\"1\" data-image-meta=\"{&quot;aperture&quot;:&quot;0&quot;,&quot;credit&quot;:&quot;&quot;,&quot;camera&quot;:&quot;&quot;,&quot;caption&quot;:&quot;&quot;,&quot;created_timestamp&quot;:&quot;0&quot;,&quot;copyright&quot;:&quot;g.richardson&quot;,&quot;focal_length&quot;:&quot;0&quot;,&quot;iso&quot;:&quot;0&quot;,&quot;shutter_speed&quot;:&quot;0&quot;,&quot;title&quot;:&quot;&quot;,&quot;orientation&quot;:&quot;0&quot;,&quot;keywords&quot;:&quot;Array&quot;}\" data-image-title=\"Kai\" data-image-description=\"\" data-medium-file=\"https:\/\/www.fotofreunde-lev.de\/wp-content\/uploads\/2022\/12\/Kai-356x440.jpg\" data-large-file=\"https:\/\/www.fotofreunde-lev.de\/wp-content\/uploads\/2022\/12\/Kai-829x1024.jpg\" src=\"https:\/\/www.fotofreunde-lev.de\/wp-content\/uploads\/2022\/12\/Kai.jpg?w=175&#038;h=216\" width=\"175\" height=\"216\" align=\"left\" title=\"Kai\" \/><\/a><\/div><\/div><\/div><div class=\"gallery-row\" style=\"width: 751px; height: 755px;\"><div class=\"gallery-group images-1\" style=\"width: 498px; height: 759px;\"><div class=\"tiled-gallery-item tiled-gallery-item-large\"><a href=\"https:\/\/www.fotofreunde-lev.de\/?attachment_id=6052\"><img loading=\"lazy\" decoding=\"async\" data-attachment-id=\"6052\" data-orig-file=\"https:\/\/www.fotofreunde-lev.de\/wp-content\/uploads\/2022\/12\/Eva.jpg\" data-orig-size=\"785,1200\" data-comments-opened=\"1\" data-image-meta=\"{&quot;aperture&quot;:&quot;0&quot;,&quot;credit&quot;:&quot;&quot;,&quot;camera&quot;:&quot;&quot;,&quot;caption&quot;:&quot;&quot;,&quot;created_timestamp&quot;:&quot;0&quot;,&quot;copyright&quot;:&quot;g.richardson&quot;,&quot;focal_length&quot;:&quot;0&quot;,&quot;iso&quot;:&quot;0&quot;,&quot;shutter_speed&quot;:&quot;0&quot;,&quot;title&quot;:&quot;&quot;,&quot;orientation&quot;:&quot;0&quot;,&quot;keywords&quot;:&quot;Array&quot;}\" data-image-title=\"Eva\" data-image-description=\"\" data-medium-file=\"https:\/\/www.fotofreunde-lev.de\/wp-content\/uploads\/2022\/12\/Eva-288x440.jpg\" data-large-file=\"https:\/\/www.fotofreunde-lev.de\/wp-content\/uploads\/2022\/12\/Eva-670x1024.jpg\" src=\"https:\/\/www.fotofreunde-lev.de\/wp-content\/uploads\/2022\/12\/Eva.jpg?w=494&#038;h=755\" width=\"494\" height=\"755\" align=\"left\" title=\"Eva\" \/><\/a><\/div><\/div><div class=\"gallery-group images-3\" style=\"width: 253px; height: 759px;\"><div class=\"tiled-gallery-item tiled-gallery-item-small\"><a href=\"https:\/\/www.fotofreunde-lev.de\/?attachment_id=6051\"><img loading=\"lazy\" decoding=\"async\" data-attachment-id=\"6051\" data-orig-file=\"https:\/\/www.fotofreunde-lev.de\/wp-content\/uploads\/2022\/12\/Clothea.jpg\" data-orig-size=\"1200,1200\" data-comments-opened=\"1\" data-image-meta=\"{&quot;aperture&quot;:&quot;0&quot;,&quot;credit&quot;:&quot;&quot;,&quot;camera&quot;:&quot;&quot;,&quot;caption&quot;:&quot;&quot;,&quot;created_timestamp&quot;:&quot;0&quot;,&quot;copyright&quot;:&quot;g.richardson&quot;,&quot;focal_length&quot;:&quot;0&quot;,&quot;iso&quot;:&quot;0&quot;,&quot;shutter_speed&quot;:&quot;0&quot;,&quot;title&quot;:&quot;&quot;,&quot;orientation&quot;:&quot;0&quot;,&quot;keywords&quot;:&quot;Array&quot;}\" data-image-title=\"Clothea\" data-image-description=\"\" data-medium-file=\"https:\/\/www.fotofreunde-lev.de\/wp-content\/uploads\/2022\/12\/Clothea-440x440.jpg\" data-large-file=\"https:\/\/www.fotofreunde-lev.de\/wp-content\/uploads\/2022\/12\/Clothea-980x980.jpg\" src=\"https:\/\/www.fotofreunde-lev.de\/wp-content\/uploads\/2022\/12\/Clothea.jpg?w=249&#038;h=249\" width=\"249\" height=\"249\" align=\"left\" title=\"Clothea\" \/><\/a><\/div><div class=\"tiled-gallery-item tiled-gallery-item-small\"><a href=\"https:\/\/www.fotofreunde-lev.de\/?attachment_id=6050\"><img loading=\"lazy\" decoding=\"async\" data-attachment-id=\"6050\" data-orig-file=\"https:\/\/www.fotofreunde-lev.de\/wp-content\/uploads\/2022\/12\/Chaesy.jpg\" data-orig-size=\"1200,1200\" data-comments-opened=\"1\" data-image-meta=\"{&quot;aperture&quot;:&quot;0&quot;,&quot;credit&quot;:&quot;&quot;,&quot;camera&quot;:&quot;&quot;,&quot;caption&quot;:&quot;&quot;,&quot;created_timestamp&quot;:&quot;0&quot;,&quot;copyright&quot;:&quot;g.richardson&quot;,&quot;focal_length&quot;:&quot;0&quot;,&quot;iso&quot;:&quot;0&quot;,&quot;shutter_speed&quot;:&quot;0&quot;,&quot;title&quot;:&quot;&quot;,&quot;orientation&quot;:&quot;0&quot;,&quot;keywords&quot;:&quot;Array&quot;}\" data-image-title=\"Chaesy\" data-image-description=\"\" data-medium-file=\"https:\/\/www.fotofreunde-lev.de\/wp-content\/uploads\/2022\/12\/Chaesy-440x440.jpg\" data-large-file=\"https:\/\/www.fotofreunde-lev.de\/wp-content\/uploads\/2022\/12\/Chaesy-980x980.jpg\" src=\"https:\/\/www.fotofreunde-lev.de\/wp-content\/uploads\/2022\/12\/Chaesy.jpg?w=249&#038;h=249\" width=\"249\" height=\"249\" align=\"left\" title=\"Chaesy\" \/><\/a><\/div><div class=\"tiled-gallery-item tiled-gallery-item-small\"><a href=\"https:\/\/www.fotofreunde-lev.de\/?attachment_id=6049\"><img loading=\"lazy\" decoding=\"async\" data-attachment-id=\"6049\" data-orig-file=\"https:\/\/www.fotofreunde-lev.de\/wp-content\/uploads\/2022\/12\/Birgit.jpg\" data-orig-size=\"1200,1200\" data-comments-opened=\"1\" data-image-meta=\"{&quot;aperture&quot;:&quot;0&quot;,&quot;credit&quot;:&quot;&quot;,&quot;camera&quot;:&quot;&quot;,&quot;caption&quot;:&quot;&quot;,&quot;created_timestamp&quot;:&quot;0&quot;,&quot;copyright&quot;:&quot;g.richardson&quot;,&quot;focal_length&quot;:&quot;0&quot;,&quot;iso&quot;:&quot;0&quot;,&quot;shutter_speed&quot;:&quot;0&quot;,&quot;title&quot;:&quot;&quot;,&quot;orientation&quot;:&quot;0&quot;,&quot;keywords&quot;:&quot;Array&quot;}\" data-image-title=\"Birgit\" data-image-description=\"\" data-medium-file=\"https:\/\/www.fotofreunde-lev.de\/wp-content\/uploads\/2022\/12\/Birgit-440x440.jpg\" data-large-file=\"https:\/\/www.fotofreunde-lev.de\/wp-content\/uploads\/2022\/12\/Birgit-980x980.jpg\" src=\"https:\/\/www.fotofreunde-lev.de\/wp-content\/uploads\/2022\/12\/Birgit.jpg?w=249&#038;h=249\" width=\"249\" height=\"249\" align=\"left\" title=\"Birgit\" \/><\/a><\/div><\/div><\/div><div class=\"gallery-row\" style=\"width: 751px; height: 633px;\"><div class=\"gallery-group images-1\" style=\"width: 426px; height: 637px;\"><div class=\"tiled-gallery-item tiled-gallery-item-large\"><a href=\"https:\/\/www.fotofreunde-lev.de\/?attachment_id=6048\"><img loading=\"lazy\" decoding=\"async\" data-attachment-id=\"6048\" data-orig-file=\"https:\/\/www.fotofreunde-lev.de\/wp-content\/uploads\/2022\/12\/Anna.jpg\" data-orig-size=\"800,1200\" data-comments-opened=\"1\" data-image-meta=\"{&quot;aperture&quot;:&quot;0&quot;,&quot;credit&quot;:&quot;&quot;,&quot;camera&quot;:&quot;&quot;,&quot;caption&quot;:&quot;&quot;,&quot;created_timestamp&quot;:&quot;0&quot;,&quot;copyright&quot;:&quot;&quot;,&quot;focal_length&quot;:&quot;0&quot;,&quot;iso&quot;:&quot;0&quot;,&quot;shutter_speed&quot;:&quot;0&quot;,&quot;title&quot;:&quot;&quot;,&quot;orientation&quot;:&quot;0&quot;,&quot;keywords&quot;:&quot;Array&quot;}\" data-image-title=\"Anna\" data-image-description=\"\" data-medium-file=\"https:\/\/www.fotofreunde-lev.de\/wp-content\/uploads\/2022\/12\/Anna-293x440.jpg\" data-large-file=\"https:\/\/www.fotofreunde-lev.de\/wp-content\/uploads\/2022\/12\/Anna-683x1024.jpg\" src=\"https:\/\/www.fotofreunde-lev.de\/wp-content\/uploads\/2022\/12\/Anna.jpg?w=422&#038;h=633\" width=\"422\" height=\"633\" align=\"left\" title=\"Anna\" \/><\/a><\/div><\/div><div class=\"gallery-group images-2\" style=\"width: 325px; height: 637px;\"><div class=\"tiled-gallery-item tiled-gallery-item-large\"><a href=\"https:\/\/www.fotofreunde-lev.de\/?attachment_id=6053\"><img loading=\"lazy\" decoding=\"async\" data-attachment-id=\"6053\" data-orig-file=\"https:\/\/www.fotofreunde-lev.de\/wp-content\/uploads\/2022\/12\/Ilka.jpg\" data-orig-size=\"1200,1200\" data-comments-opened=\"1\" data-image-meta=\"{&quot;aperture&quot;:&quot;0&quot;,&quot;credit&quot;:&quot;&quot;,&quot;camera&quot;:&quot;&quot;,&quot;caption&quot;:&quot;&quot;,&quot;created_timestamp&quot;:&quot;0&quot;,&quot;copyright&quot;:&quot;Gerhard Daniels&quot;,&quot;focal_length&quot;:&quot;0&quot;,&quot;iso&quot;:&quot;0&quot;,&quot;shutter_speed&quot;:&quot;0&quot;,&quot;title&quot;:&quot;&quot;,&quot;orientation&quot;:&quot;0&quot;,&quot;keywords&quot;:&quot;Array&quot;}\" data-image-title=\"Ilka\" data-image-description=\"\" data-medium-file=\"https:\/\/www.fotofreunde-lev.de\/wp-content\/uploads\/2022\/12\/Ilka-440x440.jpg\" data-large-file=\"https:\/\/www.fotofreunde-lev.de\/wp-content\/uploads\/2022\/12\/Ilka-980x980.jpg\" src=\"https:\/\/www.fotofreunde-lev.de\/wp-content\/uploads\/2022\/12\/Ilka.jpg?w=321&#038;h=321\" width=\"321\" height=\"321\" align=\"left\" title=\"Ilka\" \/><\/a><\/div><div class=\"tiled-gallery-item tiled-gallery-item-large\"><a href=\"https:\/\/www.fotofreunde-lev.de\/?attachment_id=6054\"><img loading=\"lazy\" decoding=\"async\" data-attachment-id=\"6054\" data-orig-file=\"https:\/\/www.fotofreunde-lev.de\/wp-content\/uploads\/2022\/12\/Juliette.jpg\" data-orig-size=\"1200,1153\" data-comments-opened=\"1\" data-image-meta=\"{&quot;aperture&quot;:&quot;0&quot;,&quot;credit&quot;:&quot;&quot;,&quot;camera&quot;:&quot;&quot;,&quot;caption&quot;:&quot;&quot;,&quot;created_timestamp&quot;:&quot;0&quot;,&quot;copyright&quot;:&quot;g.richardson&quot;,&quot;focal_length&quot;:&quot;0&quot;,&quot;iso&quot;:&quot;0&quot;,&quot;shutter_speed&quot;:&quot;0&quot;,&quot;title&quot;:&quot;&quot;,&quot;orientation&quot;:&quot;0&quot;,&quot;keywords&quot;:&quot;Array&quot;}\" data-image-title=\"Juliette\" data-image-description=\"\" data-medium-file=\"https:\/\/www.fotofreunde-lev.de\/wp-content\/uploads\/2022\/12\/Juliette-440x423.jpg\" data-large-file=\"https:\/\/www.fotofreunde-lev.de\/wp-content\/uploads\/2022\/12\/Juliette-980x942.jpg\" src=\"https:\/\/www.fotofreunde-lev.de\/wp-content\/uploads\/2022\/12\/Juliette.jpg?w=321&#038;h=308\" width=\"321\" height=\"308\" align=\"left\" title=\"Juliette\" \/><\/a><\/div><\/div><\/div><div class=\"gallery-row\" style=\"width: 751px; height: 751px;\"><div class=\"gallery-group images-1\" style=\"width: 751px; height: 755px;\"><div class=\"tiled-gallery-item tiled-gallery-item-large\"><a href=\"https:\/\/www.fotofreunde-lev.de\/?attachment_id=6059\"><img loading=\"lazy\" decoding=\"async\" data-attachment-id=\"6059\" data-orig-file=\"https:\/\/www.fotofreunde-lev.de\/wp-content\/uploads\/2022\/12\/Nicki.jpg\" data-orig-size=\"1200,1206\" data-comments-opened=\"1\" data-image-meta=\"{&quot;aperture&quot;:&quot;0&quot;,&quot;credit&quot;:&quot;&quot;,&quot;camera&quot;:&quot;&quot;,&quot;caption&quot;:&quot;&quot;,&quot;created_timestamp&quot;:&quot;0&quot;,&quot;copyright&quot;:&quot;g.richardson&quot;,&quot;focal_length&quot;:&quot;0&quot;,&quot;iso&quot;:&quot;0&quot;,&quot;shutter_speed&quot;:&quot;0&quot;,&quot;title&quot;:&quot;&quot;,&quot;orientation&quot;:&quot;0&quot;,&quot;keywords&quot;:&quot;Array&quot;}\" data-image-title=\"Nicki\" data-image-description=\"\" data-medium-file=\"https:\/\/www.fotofreunde-lev.de\/wp-content\/uploads\/2022\/12\/Nicki-438x440.jpg\" data-large-file=\"https:\/\/www.fotofreunde-lev.de\/wp-content\/uploads\/2022\/12\/Nicki-980x985.jpg\" src=\"https:\/\/www.fotofreunde-lev.de\/wp-content\/uploads\/2022\/12\/Nicki.jpg?w=747&#038;h=751\" width=\"747\" height=\"751\" align=\"left\" title=\"Nicki\" \/><\/a><\/div><\/div><\/div><\/div>\n","protected":false},"excerpt":{"rendered":"<p>Menschen zu fotografieren geh\u00f6rt zu den spannendsten Gebieten der Fotografie. Die M\u00f6glichkeiten dabei sind vielf\u00e4ltig. Im Studio oder in einer anderen Location, mit k\u00fcnstlichem Licht oder durch die Nutzung des vorhandenen Lichts lassen sich vielf\u00e4ltige Aufnahmesituationen schaffen. Die Interaktion mit dem Modell ist dabei der &hellip; <a href=\"https:\/\/www.fotofreunde-lev.de\/?p=6066\" class=\"more-link\"><span>Weiterlesen &#8230;<span class=\"screen-reader-text\">Portr\u00e4ts in Schwarzweiss<\/span><\/span><\/a><\/p>\n","protected":false},"author":47,"featured_media":6062,"comment_status":"open","ping_status":"open","sticky":false,"template":"","format":"gallery","meta":{"footnotes":"","_links_to":"","_links_to_target":""},"categories":[10,33],"tags":[383,389],"class_list":["post-6066","post","type-post","status-publish","format-gallery","has-post-thumbnail","hentry","category-menschen","category-portrait","tag-portraet","tag-schwarzweiss","post_format-post-format-gallery"],"_links":{"self":[{"href":"https:\/\/www.fotofreunde-lev.de\/index.php?rest_route=\/wp\/v2\/posts\/6066","targetHints":{"allow":["GET"]}}],"collection":[{"href":"https:\/\/www.fotofreunde-lev.de\/index.php?rest_route=\/wp\/v2\/posts"}],"about":[{"href":"https:\/\/www.fotofreunde-lev.de\/index.php?rest_route=\/wp\/v2\/types\/post"}],"author":[{"embeddable":true,"href":"https:\/\/www.fotofreunde-lev.de\/index.php?rest_route=\/wp\/v2\/users\/47"}],"replies":[{"embeddable":true,"href":"https:\/\/www.fotofreunde-lev.de\/index.php?rest_route=%2Fwp%2Fv2%2Fcomments&post=6066"}],"version-history":[{"count":4,"href":"https:\/\/www.fotofreunde-lev.de\/index.php?rest_route=\/wp\/v2\/posts\/6066\/revisions"}],"predecessor-version":[{"id":6098,"href":"https:\/\/www.fotofreunde-lev.de\/index.php?rest_route=\/wp\/v2\/posts\/6066\/revisions\/6098"}],"wp:featuredmedia":[{"embeddable":true,"href":"https:\/\/www.fotofreunde-lev.de\/index.php?rest_route=\/wp\/v2\/media\/6062"}],"wp:attachment":[{"href":"https:\/\/www.fotofreunde-lev.de\/index.php?rest_route=%2Fwp%2Fv2%2Fmedia&parent=6066"}],"wp:term":[{"taxonomy":"category","embeddable":true,"href":"https:\/\/www.fotofreunde-lev.de\/index.php?rest_route=%2Fwp%2Fv2%2Fcategories&post=6066"},{"taxonomy":"post_tag","embeddable":true,"href":"https:\/\/www.fotofreunde-lev.de\/index.php?rest_route=%2Fwp%2Fv2%2Ftags&post=6066"}],"curies":[{"name":"wp","href":"https:\/\/api.w.org\/{rel}","templated":true}]}}