{"id":6013,"date":"2022-11-01T14:34:07","date_gmt":"2022-11-01T13:34:07","guid":{"rendered":"https:\/\/www.fotofreunde-lev.de\/?p=6013"},"modified":"2022-11-01T14:34:07","modified_gmt":"2022-11-01T13:34:07","slug":"hammerstoecke","status":"publish","type":"post","link":"https:\/\/www.fotofreunde-lev.de\/?p=6013","title":{"rendered":"Hammerst\u00f6cke"},"content":{"rendered":"<p>Die ehemalige Sensenschmiede \u201eFreudenthaler Sensenhammer\u201c in Leverkusen ist heute ein Industriemuseum. Die alten Maschinen sind funktionsf\u00e4hig und werden regelm\u00e4\u00dfig zur Vorf\u00fchrungen genutzt. Zu den notwendigen Wartungsarbeiten geh\u00f6rt auch das Auswechseln der Hammerst\u00f6cke. Sie \u00a0reichen mehr als zwei Meter in den Boden und tragen das Widerlager f\u00fcr den Schmiedehammer. Damit sie die notwendige Stabilit\u00e4t haben, werden am oberen Ende eiserne Ringe aufgezogen. Eine aufw\u00e4ndige Arbeit. Dabei kommen die Ringe der alten Hammerst\u00f6cke zum Einsatz. Zun\u00e4chst erfolgt die Anpassung auf den richtigen Durchmesser. Anschlie\u00dfend werden die Ringe in einem gro\u00dfen Schmiedefeuer erw\u00e4rmt und im gl\u00fchenden Zustand auf den Hammerstock getrieben.<\/p>\n<div data-carousel-extra='{\"blog_id\":1,\"permalink\":\"https:\\\/\\\/www.fotofreunde-lev.de\\\/?p=6013\",\"likes_blog_id\":false}' class=\"tiled-gallery type-rectangular tiled-gallery-unresized\" data-original-width=\"756\"><div class=\"gallery-row\" style=\"width: 751px; height: 637px;\"><div class=\"gallery-group images-1\" style=\"width: 428px; height: 641px;\"><div class=\"tiled-gallery-item tiled-gallery-item-large\"><a href=\"https:\/\/www.fotofreunde-lev.de\/?attachment_id=6000\"><img loading=\"lazy\" decoding=\"async\" data-attachment-id=\"6000\" data-orig-file=\"https:\/\/www.fotofreunde-lev.de\/wp-content\/uploads\/2022\/11\/O8A1569.jpg\" data-orig-size=\"1000,1500\" data-comments-opened=\"1\" data-image-meta=\"{&quot;aperture&quot;:&quot;3.5&quot;,&quot;credit&quot;:&quot;Gerhard Daniels&quot;,&quot;camera&quot;:&quot;Canon EOS 5D Mark IV&quot;,&quot;caption&quot;:&quot;&quot;,&quot;created_timestamp&quot;:&quot;1663946353&quot;,&quot;copyright&quot;:&quot;&quot;,&quot;focal_length&quot;:&quot;200&quot;,&quot;iso&quot;:&quot;1000&quot;,&quot;shutter_speed&quot;:&quot;0.003125&quot;,&quot;title&quot;:&quot;&quot;,&quot;orientation&quot;:&quot;0&quot;,&quot;keywords&quot;:&quot;Array&quot;}\" data-image-title=\"_O8A1569\" data-image-description=\"\" data-medium-file=\"https:\/\/www.fotofreunde-lev.de\/wp-content\/uploads\/2022\/11\/O8A1569-293x440.jpg\" data-large-file=\"https:\/\/www.fotofreunde-lev.de\/wp-content\/uploads\/2022\/11\/O8A1569-683x1024.jpg\" src=\"https:\/\/www.fotofreunde-lev.de\/wp-content\/uploads\/2022\/11\/O8A1569.jpg?w=424&#038;h=637\" width=\"424\" height=\"637\" align=\"left\" title=\"_O8A1569\" \/><\/a><\/div><\/div><div class=\"gallery-group images-3\" style=\"width: 323px; height: 641px;\"><div class=\"tiled-gallery-item tiled-gallery-item-large\"><a href=\"https:\/\/www.fotofreunde-lev.de\/?attachment_id=6001\"><img loading=\"lazy\" decoding=\"async\" data-attachment-id=\"6001\" data-orig-file=\"https:\/\/www.fotofreunde-lev.de\/wp-content\/uploads\/2022\/11\/O8A1656.jpg\" data-orig-size=\"1500,1000\" data-comments-opened=\"1\" data-image-meta=\"{&quot;aperture&quot;:&quot;4.5&quot;,&quot;credit&quot;:&quot;Gerhard Daniels&quot;,&quot;camera&quot;:&quot;Canon EOS 5D Mark IV&quot;,&quot;caption&quot;:&quot;&quot;,&quot;created_timestamp&quot;:&quot;1663949495&quot;,&quot;copyright&quot;:&quot;&quot;,&quot;focal_length&quot;:&quot;200&quot;,&quot;iso&quot;:&quot;1600&quot;,&quot;shutter_speed&quot;:&quot;0.003125&quot;,&quot;title&quot;:&quot;&quot;,&quot;orientation&quot;:&quot;0&quot;,&quot;keywords&quot;:&quot;Array&quot;}\" data-image-title=\"_O8A1656\" data-image-description=\"\" data-medium-file=\"https:\/\/www.fotofreunde-lev.de\/wp-content\/uploads\/2022\/11\/O8A1656-440x293.jpg\" data-large-file=\"https:\/\/www.fotofreunde-lev.de\/wp-content\/uploads\/2022\/11\/O8A1656-980x653.jpg\" src=\"https:\/\/www.fotofreunde-lev.de\/wp-content\/uploads\/2022\/11\/O8A1656.jpg?w=319&#038;h=213\" width=\"319\" height=\"213\" align=\"left\" title=\"_O8A1656\" \/><\/a><\/div><div class=\"tiled-gallery-item tiled-gallery-item-large\"><a href=\"https:\/\/www.fotofreunde-lev.de\/?attachment_id=6004\"><img loading=\"lazy\" decoding=\"async\" data-attachment-id=\"6004\" data-orig-file=\"https:\/\/www.fotofreunde-lev.de\/wp-content\/uploads\/2022\/11\/O8A1690.jpg\" data-orig-size=\"1400,911\" data-comments-opened=\"1\" data-image-meta=\"{&quot;aperture&quot;:&quot;2.8&quot;,&quot;credit&quot;:&quot;Gerhard Daniels&quot;,&quot;camera&quot;:&quot;Canon EOS 5D Mark IV&quot;,&quot;caption&quot;:&quot;&quot;,&quot;created_timestamp&quot;:&quot;1663952789&quot;,&quot;copyright&quot;:&quot;&quot;,&quot;focal_length&quot;:&quot;70&quot;,&quot;iso&quot;:&quot;2500&quot;,&quot;shutter_speed&quot;:&quot;0.0125&quot;,&quot;title&quot;:&quot;&quot;,&quot;orientation&quot;:&quot;1&quot;,&quot;keywords&quot;:&quot;Array&quot;}\" data-image-title=\"_O8A1690\" data-image-description=\"\" data-medium-file=\"https:\/\/www.fotofreunde-lev.de\/wp-content\/uploads\/2022\/11\/O8A1690-440x286.jpg\" data-large-file=\"https:\/\/www.fotofreunde-lev.de\/wp-content\/uploads\/2022\/11\/O8A1690-980x638.jpg\" src=\"https:\/\/www.fotofreunde-lev.de\/wp-content\/uploads\/2022\/11\/O8A1690.jpg?w=319&#038;h=207\" width=\"319\" height=\"207\" align=\"left\" title=\"_O8A1690\" \/><\/a><\/div><div class=\"tiled-gallery-item tiled-gallery-item-large\"><a href=\"https:\/\/www.fotofreunde-lev.de\/?attachment_id=6003\"><img loading=\"lazy\" decoding=\"async\" data-attachment-id=\"6003\" data-orig-file=\"https:\/\/www.fotofreunde-lev.de\/wp-content\/uploads\/2022\/11\/O8A1677-1.jpg\" data-orig-size=\"1400,917\" data-comments-opened=\"1\" data-image-meta=\"{&quot;aperture&quot;:&quot;2.8&quot;,&quot;credit&quot;:&quot;Gerhard Daniels&quot;,&quot;camera&quot;:&quot;Canon EOS 5D Mark IV&quot;,&quot;caption&quot;:&quot;&quot;,&quot;created_timestamp&quot;:&quot;1663952269&quot;,&quot;copyright&quot;:&quot;&quot;,&quot;focal_length&quot;:&quot;200&quot;,&quot;iso&quot;:&quot;2500&quot;,&quot;shutter_speed&quot;:&quot;0.003125&quot;,&quot;title&quot;:&quot;&quot;,&quot;orientation&quot;:&quot;1&quot;,&quot;keywords&quot;:&quot;Array&quot;}\" data-image-title=\"_O8A1677\" data-image-description=\"\" data-medium-file=\"https:\/\/www.fotofreunde-lev.de\/wp-content\/uploads\/2022\/11\/O8A1677-1-440x288.jpg\" data-large-file=\"https:\/\/www.fotofreunde-lev.de\/wp-content\/uploads\/2022\/11\/O8A1677-1-980x642.jpg\" src=\"https:\/\/www.fotofreunde-lev.de\/wp-content\/uploads\/2022\/11\/O8A1677-1.jpg?w=319&#038;h=209\" width=\"319\" height=\"209\" align=\"left\" title=\"_O8A1677\" \/><\/a><\/div><\/div><\/div><div class=\"gallery-row\" style=\"width: 751px; height: 350px;\"><div class=\"gallery-group images-1\" style=\"width: 529px; height: 354px;\"><div class=\"tiled-gallery-item tiled-gallery-item-large\"><a href=\"https:\/\/www.fotofreunde-lev.de\/?attachment_id=6005\"><img loading=\"lazy\" decoding=\"async\" data-attachment-id=\"6005\" data-orig-file=\"https:\/\/www.fotofreunde-lev.de\/wp-content\/uploads\/2022\/11\/O8A1699.jpg\" data-orig-size=\"1400,933\" data-comments-opened=\"1\" data-image-meta=\"{&quot;aperture&quot;:&quot;5&quot;,&quot;credit&quot;:&quot;Gerhard Daniels&quot;,&quot;camera&quot;:&quot;Canon EOS 5D Mark IV&quot;,&quot;caption&quot;:&quot;&quot;,&quot;created_timestamp&quot;:&quot;1663953363&quot;,&quot;copyright&quot;:&quot;&quot;,&quot;focal_length&quot;:&quot;38&quot;,&quot;iso&quot;:&quot;3200&quot;,&quot;shutter_speed&quot;:&quot;0.01&quot;,&quot;title&quot;:&quot;&quot;,&quot;orientation&quot;:&quot;1&quot;,&quot;keywords&quot;:&quot;Array&quot;}\" data-image-title=\"_O8A1699\" data-image-description=\"\" data-medium-file=\"https:\/\/www.fotofreunde-lev.de\/wp-content\/uploads\/2022\/11\/O8A1699-440x293.jpg\" data-large-file=\"https:\/\/www.fotofreunde-lev.de\/wp-content\/uploads\/2022\/11\/O8A1699-980x653.jpg\" src=\"https:\/\/www.fotofreunde-lev.de\/wp-content\/uploads\/2022\/11\/O8A1699.jpg?w=525&#038;h=350\" width=\"525\" height=\"350\" align=\"left\" title=\"_O8A1699\" \/><\/a><\/div><\/div><div class=\"gallery-group images-2\" style=\"width: 222px; height: 354px;\"><div class=\"tiled-gallery-item tiled-gallery-item-small\"><a href=\"https:\/\/www.fotofreunde-lev.de\/?attachment_id=6006\"><img loading=\"lazy\" decoding=\"async\" data-attachment-id=\"6006\" data-orig-file=\"https:\/\/www.fotofreunde-lev.de\/wp-content\/uploads\/2022\/11\/O8A1793.jpg\" data-orig-size=\"1400,933\" data-comments-opened=\"1\" data-image-meta=\"{&quot;aperture&quot;:&quot;4&quot;,&quot;credit&quot;:&quot;Gerhard Daniels&quot;,&quot;camera&quot;:&quot;Canon EOS 5D Mark IV&quot;,&quot;caption&quot;:&quot;&quot;,&quot;created_timestamp&quot;:&quot;1663959224&quot;,&quot;copyright&quot;:&quot;&quot;,&quot;focal_length&quot;:&quot;50&quot;,&quot;iso&quot;:&quot;2000&quot;,&quot;shutter_speed&quot;:&quot;0.0125&quot;,&quot;title&quot;:&quot;&quot;,&quot;orientation&quot;:&quot;1&quot;,&quot;keywords&quot;:&quot;Array&quot;}\" data-image-title=\"_O8A1793\" data-image-description=\"\" data-medium-file=\"https:\/\/www.fotofreunde-lev.de\/wp-content\/uploads\/2022\/11\/O8A1793-440x293.jpg\" data-large-file=\"https:\/\/www.fotofreunde-lev.de\/wp-content\/uploads\/2022\/11\/O8A1793-980x653.jpg\" src=\"https:\/\/www.fotofreunde-lev.de\/wp-content\/uploads\/2022\/11\/O8A1793.jpg?w=218&#038;h=146\" width=\"218\" height=\"146\" align=\"left\" title=\"_O8A1793\" \/><\/a><\/div><div class=\"tiled-gallery-item tiled-gallery-item-small\"><a href=\"https:\/\/www.fotofreunde-lev.de\/?attachment_id=6008\"><img loading=\"lazy\" decoding=\"async\" data-attachment-id=\"6008\" data-orig-file=\"https:\/\/www.fotofreunde-lev.de\/wp-content\/uploads\/2022\/11\/O8A1704.jpg\" data-orig-size=\"1091,1000\" data-comments-opened=\"1\" data-image-meta=\"{&quot;aperture&quot;:&quot;5&quot;,&quot;credit&quot;:&quot;Gerhard Daniels&quot;,&quot;camera&quot;:&quot;Canon EOS 5D Mark IV&quot;,&quot;caption&quot;:&quot;&quot;,&quot;created_timestamp&quot;:&quot;1663953367&quot;,&quot;copyright&quot;:&quot;&quot;,&quot;focal_length&quot;:&quot;42&quot;,&quot;iso&quot;:&quot;3200&quot;,&quot;shutter_speed&quot;:&quot;0.01&quot;,&quot;title&quot;:&quot;&quot;,&quot;orientation&quot;:&quot;1&quot;,&quot;keywords&quot;:&quot;Array&quot;}\" data-image-title=\"_O8A1704\" data-image-description=\"\" data-medium-file=\"https:\/\/www.fotofreunde-lev.de\/wp-content\/uploads\/2022\/11\/O8A1704-440x403.jpg\" data-large-file=\"https:\/\/www.fotofreunde-lev.de\/wp-content\/uploads\/2022\/11\/O8A1704-980x898.jpg\" src=\"https:\/\/www.fotofreunde-lev.de\/wp-content\/uploads\/2022\/11\/O8A1704.jpg?w=218&#038;h=200\" width=\"218\" height=\"200\" align=\"left\" title=\"_O8A1704\" \/><\/a><\/div><\/div><\/div><div class=\"gallery-row\" style=\"width: 751px; height: 590px;\"><div class=\"gallery-group images-1\" style=\"width: 751px; height: 594px;\"><div class=\"tiled-gallery-item tiled-gallery-item-large\"><a href=\"https:\/\/www.fotofreunde-lev.de\/?attachment_id=6007\"><img loading=\"lazy\" decoding=\"async\" data-attachment-id=\"6007\" data-orig-file=\"https:\/\/www.fotofreunde-lev.de\/wp-content\/uploads\/2022\/11\/O8A1796.jpg\" data-orig-size=\"1266,1000\" data-comments-opened=\"1\" data-image-meta=\"{&quot;aperture&quot;:&quot;4&quot;,&quot;credit&quot;:&quot;Gerhard Daniels&quot;,&quot;camera&quot;:&quot;Canon EOS 5D Mark IV&quot;,&quot;caption&quot;:&quot;&quot;,&quot;created_timestamp&quot;:&quot;1663959381&quot;,&quot;copyright&quot;:&quot;&quot;,&quot;focal_length&quot;:&quot;50&quot;,&quot;iso&quot;:&quot;2000&quot;,&quot;shutter_speed&quot;:&quot;0.0125&quot;,&quot;title&quot;:&quot;&quot;,&quot;orientation&quot;:&quot;1&quot;,&quot;keywords&quot;:&quot;Array&quot;}\" data-image-title=\"_O8A1796\" data-image-description=\"\" data-medium-file=\"https:\/\/www.fotofreunde-lev.de\/wp-content\/uploads\/2022\/11\/O8A1796-440x348.jpg\" data-large-file=\"https:\/\/www.fotofreunde-lev.de\/wp-content\/uploads\/2022\/11\/O8A1796-980x774.jpg\" src=\"https:\/\/www.fotofreunde-lev.de\/wp-content\/uploads\/2022\/11\/O8A1796.jpg?w=747&#038;h=590\" width=\"747\" height=\"590\" align=\"left\" title=\"_O8A1796\" \/><\/a><\/div><\/div><\/div><\/div>\n","protected":false},"excerpt":{"rendered":"<p>Die ehemalige Sensenschmiede \u201eFreudenthaler Sensenhammer\u201c in Leverkusen ist heute ein Industriemuseum. Die alten Maschinen sind funktionsf\u00e4hig und werden regelm\u00e4\u00dfig zur Vorf\u00fchrungen genutzt. Zu den notwendigen Wartungsarbeiten geh\u00f6rt auch das Auswechseln der Hammerst\u00f6cke. Sie \u00a0reichen mehr als zwei Meter in den Boden und tragen das Widerlager &hellip; <a href=\"https:\/\/www.fotofreunde-lev.de\/?p=6013\" class=\"more-link\"><span>Weiterlesen &#8230;<span class=\"screen-reader-text\">Hammerst\u00f6cke<\/span><\/span><\/a><\/p>\n","protected":false},"author":47,"featured_media":6008,"comment_status":"open","ping_status":"open","sticky":false,"template":"","format":"gallery","meta":{"footnotes":"","_links_to":"","_links_to_target":""},"categories":[27,12],"tags":[391,392,390],"class_list":["post-6013","post","type-post","status-publish","format-gallery","has-post-thumbnail","hentry","category-industrie-und-handwerk","category-technik","tag-handwerk","tag-schmieden","tag-sensenhammer","post_format-post-format-gallery"],"_links":{"self":[{"href":"https:\/\/www.fotofreunde-lev.de\/index.php?rest_route=\/wp\/v2\/posts\/6013","targetHints":{"allow":["GET"]}}],"collection":[{"href":"https:\/\/www.fotofreunde-lev.de\/index.php?rest_route=\/wp\/v2\/posts"}],"about":[{"href":"https:\/\/www.fotofreunde-lev.de\/index.php?rest_route=\/wp\/v2\/types\/post"}],"author":[{"embeddable":true,"href":"https:\/\/www.fotofreunde-lev.de\/index.php?rest_route=\/wp\/v2\/users\/47"}],"replies":[{"embeddable":true,"href":"https:\/\/www.fotofreunde-lev.de\/index.php?rest_route=%2Fwp%2Fv2%2Fcomments&post=6013"}],"version-history":[{"count":1,"href":"https:\/\/www.fotofreunde-lev.de\/index.php?rest_route=\/wp\/v2\/posts\/6013\/revisions"}],"predecessor-version":[{"id":6014,"href":"https:\/\/www.fotofreunde-lev.de\/index.php?rest_route=\/wp\/v2\/posts\/6013\/revisions\/6014"}],"wp:featuredmedia":[{"embeddable":true,"href":"https:\/\/www.fotofreunde-lev.de\/index.php?rest_route=\/wp\/v2\/media\/6008"}],"wp:attachment":[{"href":"https:\/\/www.fotofreunde-lev.de\/index.php?rest_route=%2Fwp%2Fv2%2Fmedia&parent=6013"}],"wp:term":[{"taxonomy":"category","embeddable":true,"href":"https:\/\/www.fotofreunde-lev.de\/index.php?rest_route=%2Fwp%2Fv2%2Fcategories&post=6013"},{"taxonomy":"post_tag","embeddable":true,"href":"https:\/\/www.fotofreunde-lev.de\/index.php?rest_route=%2Fwp%2Fv2%2Ftags&post=6013"}],"curies":[{"name":"wp","href":"https:\/\/api.w.org\/{rel}","templated":true}]}}