{"id":5783,"date":"2022-01-12T09:44:13","date_gmt":"2022-01-12T08:44:13","guid":{"rendered":"https:\/\/www.fotofreunde-lev.de\/?p=5783"},"modified":"2022-01-14T17:17:50","modified_gmt":"2022-01-14T16:17:50","slug":"herbst-im-jahr-2021","status":"publish","type":"post","link":"https:\/\/www.fotofreunde-lev.de\/?p=5783","title":{"rendered":"Herbst im Jahr 2021"},"content":{"rendered":"<p style=\"text-align: left;\">Ein Spaziergang im Herbst 2021<\/p>\n<p>Nach etwas l\u00e4ngerer Zeit haben Kyra und ich es geschafft ein Kennenlernen Shooting durchzuf\u00fchren. Es f\u00fchrte uns in ein nahegelegenes Waldst\u00fcck in Langenfeld.<\/p>\n<p>Sie hatte sich entsprechend dem Wetter und den Farben des Herbstes angepasst. Seht selbst welche Ergebnisse wir erzeugt haben.<\/p>\n<p>Eine gute Grundlage f\u00fcr die zuk\u00fcnftige Zusammenarbeit.<\/p>\n<p>&nbsp;<\/p>\n<div data-carousel-extra='{\"blog_id\":1,\"permalink\":\"https:\\\/\\\/www.fotofreunde-lev.de\\\/?p=5783\",\"likes_blog_id\":false}' class=\"tiled-gallery type-rectangular tiled-gallery-unresized\" data-original-width=\"756\"><div class=\"gallery-row\" style=\"width: 751px; height: 276px;\"><div class=\"gallery-group images-1\" style=\"width: 188px; height: 280px;\"><div class=\"tiled-gallery-item tiled-gallery-item-small\"><a href=\"https:\/\/www.fotofreunde-lev.de\/?attachment_id=5787\"><img loading=\"lazy\" decoding=\"async\" data-attachment-id=\"5787\" data-orig-file=\"https:\/\/www.fotofreunde-lev.de\/wp-content\/uploads\/2022\/01\/Kyra_C6A0440-scaled.jpg\" data-orig-size=\"1707,2560\" data-comments-opened=\"1\" data-image-meta=\"{&quot;aperture&quot;:&quot;0&quot;,&quot;credit&quot;:&quot;&quot;,&quot;camera&quot;:&quot;&quot;,&quot;caption&quot;:&quot;&quot;,&quot;created_timestamp&quot;:&quot;0&quot;,&quot;copyright&quot;:&quot;Tel. +491737163908&quot;,&quot;focal_length&quot;:&quot;0&quot;,&quot;iso&quot;:&quot;0&quot;,&quot;shutter_speed&quot;:&quot;0&quot;,&quot;title&quot;:&quot;&quot;,&quot;orientation&quot;:&quot;0&quot;,&quot;keywords&quot;:&quot;Array&quot;}\" data-image-title=\"Kyra_C6A0440\" data-image-description=\"\" data-medium-file=\"https:\/\/www.fotofreunde-lev.de\/wp-content\/uploads\/2022\/01\/Kyra_C6A0440-293x440.jpg\" data-large-file=\"https:\/\/www.fotofreunde-lev.de\/wp-content\/uploads\/2022\/01\/Kyra_C6A0440-683x1024.jpg\" src=\"https:\/\/www.fotofreunde-lev.de\/wp-content\/uploads\/2022\/01\/Kyra_C6A0440-scaled.jpg?w=184&#038;h=276\" width=\"184\" height=\"276\" align=\"left\" title=\"Kyra_C6A0440\" \/><\/a><\/div><\/div><div class=\"gallery-group images-1\" style=\"width: 188px; height: 280px;\"><div class=\"tiled-gallery-item tiled-gallery-item-small\"><a href=\"https:\/\/www.fotofreunde-lev.de\/?attachment_id=5786\"><img loading=\"lazy\" decoding=\"async\" data-attachment-id=\"5786\" data-orig-file=\"https:\/\/www.fotofreunde-lev.de\/wp-content\/uploads\/2022\/01\/Kyra_C6A0399-scaled.jpg\" data-orig-size=\"1707,2560\" data-comments-opened=\"1\" data-image-meta=\"{&quot;aperture&quot;:&quot;0&quot;,&quot;credit&quot;:&quot;&quot;,&quot;camera&quot;:&quot;&quot;,&quot;caption&quot;:&quot;&quot;,&quot;created_timestamp&quot;:&quot;0&quot;,&quot;copyright&quot;:&quot;Tel. +491737163908&quot;,&quot;focal_length&quot;:&quot;0&quot;,&quot;iso&quot;:&quot;0&quot;,&quot;shutter_speed&quot;:&quot;0&quot;,&quot;title&quot;:&quot;&quot;,&quot;orientation&quot;:&quot;0&quot;,&quot;keywords&quot;:&quot;Array&quot;}\" data-image-title=\"Kyra_C6A0399\" data-image-description=\"\" data-medium-file=\"https:\/\/www.fotofreunde-lev.de\/wp-content\/uploads\/2022\/01\/Kyra_C6A0399-293x440.jpg\" data-large-file=\"https:\/\/www.fotofreunde-lev.de\/wp-content\/uploads\/2022\/01\/Kyra_C6A0399-683x1024.jpg\" src=\"https:\/\/www.fotofreunde-lev.de\/wp-content\/uploads\/2022\/01\/Kyra_C6A0399-scaled.jpg?w=184&#038;h=276\" width=\"184\" height=\"276\" align=\"left\" title=\"Kyra_C6A0399\" \/><\/a><\/div><\/div><div class=\"gallery-group images-1\" style=\"width: 188px; height: 280px;\"><div class=\"tiled-gallery-item tiled-gallery-item-small\"><a href=\"https:\/\/www.fotofreunde-lev.de\/?attachment_id=5785\"><img loading=\"lazy\" decoding=\"async\" data-attachment-id=\"5785\" data-orig-file=\"https:\/\/www.fotofreunde-lev.de\/wp-content\/uploads\/2022\/01\/C6A0358_Kyra-im-Herbst-scaled.jpg\" data-orig-size=\"1707,2560\" data-comments-opened=\"1\" data-image-meta=\"{&quot;aperture&quot;:&quot;2.5&quot;,&quot;credit&quot;:&quot;Volker Kuhnert&quot;,&quot;camera&quot;:&quot;Canon EOS R&quot;,&quot;caption&quot;:&quot;&quot;,&quot;created_timestamp&quot;:&quot;1636190872&quot;,&quot;copyright&quot;:&quot;Tel. +491737163908&quot;,&quot;focal_length&quot;:&quot;85&quot;,&quot;iso&quot;:&quot;100&quot;,&quot;shutter_speed&quot;:&quot;0.008&quot;,&quot;title&quot;:&quot;&quot;,&quot;orientation&quot;:&quot;0&quot;,&quot;keywords&quot;:&quot;Array&quot;}\" data-image-title=\"_C6A0358_Kyra im Herbst\" data-image-description=\"\" data-medium-file=\"https:\/\/www.fotofreunde-lev.de\/wp-content\/uploads\/2022\/01\/C6A0358_Kyra-im-Herbst-293x440.jpg\" data-large-file=\"https:\/\/www.fotofreunde-lev.de\/wp-content\/uploads\/2022\/01\/C6A0358_Kyra-im-Herbst-683x1024.jpg\" src=\"https:\/\/www.fotofreunde-lev.de\/wp-content\/uploads\/2022\/01\/C6A0358_Kyra-im-Herbst-scaled.jpg?w=184&#038;h=276\" width=\"184\" height=\"276\" align=\"left\" title=\"_C6A0358_Kyra im Herbst\" \/><\/a><\/div><\/div><div class=\"gallery-group images-1\" style=\"width: 187px; height: 280px;\"><div class=\"tiled-gallery-item tiled-gallery-item-small\"><a href=\"https:\/\/www.fotofreunde-lev.de\/?attachment_id=5784\"><img loading=\"lazy\" decoding=\"async\" data-attachment-id=\"5784\" data-orig-file=\"https:\/\/www.fotofreunde-lev.de\/wp-content\/uploads\/2022\/01\/Kyra_C6A0634-scaled.jpg\" data-orig-size=\"1707,2560\" data-comments-opened=\"1\" data-image-meta=\"{&quot;aperture&quot;:&quot;0&quot;,&quot;credit&quot;:&quot;&quot;,&quot;camera&quot;:&quot;&quot;,&quot;caption&quot;:&quot;&quot;,&quot;created_timestamp&quot;:&quot;0&quot;,&quot;copyright&quot;:&quot;Tel. +491737163908&quot;,&quot;focal_length&quot;:&quot;0&quot;,&quot;iso&quot;:&quot;0&quot;,&quot;shutter_speed&quot;:&quot;0&quot;,&quot;title&quot;:&quot;&quot;,&quot;orientation&quot;:&quot;0&quot;,&quot;keywords&quot;:&quot;Array&quot;}\" data-image-title=\"Kyra\" data-image-description=\"\" data-medium-file=\"https:\/\/www.fotofreunde-lev.de\/wp-content\/uploads\/2022\/01\/Kyra_C6A0634-293x440.jpg\" data-large-file=\"https:\/\/www.fotofreunde-lev.de\/wp-content\/uploads\/2022\/01\/Kyra_C6A0634-683x1024.jpg\" src=\"https:\/\/www.fotofreunde-lev.de\/wp-content\/uploads\/2022\/01\/Kyra_C6A0634-scaled.jpg?w=183&#038;h=276\" width=\"183\" height=\"276\" align=\"left\" title=\"Kyra\" \/><\/a><\/div><\/div><\/div><div class=\"gallery-row\" style=\"width: 751px; height: 370px;\"><div class=\"gallery-group images-1\" style=\"width: 251px; height: 374px;\"><div class=\"tiled-gallery-item tiled-gallery-item-small\"><a href=\"https:\/\/www.fotofreunde-lev.de\/?attachment_id=5795\"><img loading=\"lazy\" decoding=\"async\" data-attachment-id=\"5795\" data-orig-file=\"https:\/\/www.fotofreunde-lev.de\/wp-content\/uploads\/2022\/01\/Kyra_C6A0640-scaled.jpg\" data-orig-size=\"1707,2560\" data-comments-opened=\"1\" data-image-meta=\"{&quot;aperture&quot;:&quot;0&quot;,&quot;credit&quot;:&quot;&quot;,&quot;camera&quot;:&quot;&quot;,&quot;caption&quot;:&quot;&quot;,&quot;created_timestamp&quot;:&quot;0&quot;,&quot;copyright&quot;:&quot;Tel. +491737163908&quot;,&quot;focal_length&quot;:&quot;0&quot;,&quot;iso&quot;:&quot;0&quot;,&quot;shutter_speed&quot;:&quot;0&quot;,&quot;title&quot;:&quot;&quot;,&quot;orientation&quot;:&quot;0&quot;,&quot;keywords&quot;:&quot;Array&quot;}\" data-image-title=\"Kyra_C6A0640\" data-image-description=\"\" data-medium-file=\"https:\/\/www.fotofreunde-lev.de\/wp-content\/uploads\/2022\/01\/Kyra_C6A0640-293x440.jpg\" data-large-file=\"https:\/\/www.fotofreunde-lev.de\/wp-content\/uploads\/2022\/01\/Kyra_C6A0640-683x1024.jpg\" src=\"https:\/\/www.fotofreunde-lev.de\/wp-content\/uploads\/2022\/01\/Kyra_C6A0640-scaled.jpg?w=247&#038;h=370\" width=\"247\" height=\"370\" align=\"left\" title=\"Kyra_C6A0640\" \/><\/a><\/div><\/div><div class=\"gallery-group images-1\" style=\"width: 250px; height: 374px;\"><div class=\"tiled-gallery-item tiled-gallery-item-small\"><a href=\"https:\/\/www.fotofreunde-lev.de\/?attachment_id=5792\"><img loading=\"lazy\" decoding=\"async\" data-attachment-id=\"5792\" data-orig-file=\"https:\/\/www.fotofreunde-lev.de\/wp-content\/uploads\/2022\/01\/Kyra_C6A0569-scaled.jpg\" data-orig-size=\"1707,2560\" data-comments-opened=\"1\" data-image-meta=\"{&quot;aperture&quot;:&quot;0&quot;,&quot;credit&quot;:&quot;&quot;,&quot;camera&quot;:&quot;&quot;,&quot;caption&quot;:&quot;&quot;,&quot;created_timestamp&quot;:&quot;0&quot;,&quot;copyright&quot;:&quot;Tel. +491737163908&quot;,&quot;focal_length&quot;:&quot;0&quot;,&quot;iso&quot;:&quot;0&quot;,&quot;shutter_speed&quot;:&quot;0&quot;,&quot;title&quot;:&quot;&quot;,&quot;orientation&quot;:&quot;0&quot;,&quot;keywords&quot;:&quot;Array&quot;}\" data-image-title=\"Kyra_C6A0569\" data-image-description=\"\" data-medium-file=\"https:\/\/www.fotofreunde-lev.de\/wp-content\/uploads\/2022\/01\/Kyra_C6A0569-293x440.jpg\" data-large-file=\"https:\/\/www.fotofreunde-lev.de\/wp-content\/uploads\/2022\/01\/Kyra_C6A0569-683x1024.jpg\" src=\"https:\/\/www.fotofreunde-lev.de\/wp-content\/uploads\/2022\/01\/Kyra_C6A0569-scaled.jpg?w=246&#038;h=370\" width=\"246\" height=\"370\" align=\"left\" title=\"Kyra_C6A0569\" \/><\/a><\/div><\/div><div class=\"gallery-group images-1\" style=\"width: 250px; height: 374px;\"><div class=\"tiled-gallery-item tiled-gallery-item-small\"><a href=\"https:\/\/www.fotofreunde-lev.de\/?attachment_id=5791\"><img loading=\"lazy\" decoding=\"async\" data-attachment-id=\"5791\" data-orig-file=\"https:\/\/www.fotofreunde-lev.de\/wp-content\/uploads\/2022\/01\/Kyra_C6A0563-scaled.jpg\" data-orig-size=\"1706,2560\" data-comments-opened=\"1\" data-image-meta=\"{&quot;aperture&quot;:&quot;0&quot;,&quot;credit&quot;:&quot;&quot;,&quot;camera&quot;:&quot;&quot;,&quot;caption&quot;:&quot;&quot;,&quot;created_timestamp&quot;:&quot;0&quot;,&quot;copyright&quot;:&quot;Tel. +491737163908&quot;,&quot;focal_length&quot;:&quot;0&quot;,&quot;iso&quot;:&quot;0&quot;,&quot;shutter_speed&quot;:&quot;0&quot;,&quot;title&quot;:&quot;&quot;,&quot;orientation&quot;:&quot;0&quot;,&quot;keywords&quot;:&quot;Array&quot;}\" data-image-title=\"Kyra_C6A0563\" data-image-description=\"\" data-medium-file=\"https:\/\/www.fotofreunde-lev.de\/wp-content\/uploads\/2022\/01\/Kyra_C6A0563-293x440.jpg\" data-large-file=\"https:\/\/www.fotofreunde-lev.de\/wp-content\/uploads\/2022\/01\/Kyra_C6A0563-683x1024.jpg\" src=\"https:\/\/www.fotofreunde-lev.de\/wp-content\/uploads\/2022\/01\/Kyra_C6A0563-scaled.jpg?w=246&#038;h=370\" width=\"246\" height=\"370\" align=\"left\" title=\"Kyra_C6A0563\" \/><\/a><\/div><\/div><\/div><div class=\"gallery-row\" style=\"width: 751px; height: 504px;\"><div class=\"gallery-group images-1\" style=\"width: 411px; height: 508px;\"><div class=\"tiled-gallery-item tiled-gallery-item-large\"><a href=\"https:\/\/www.fotofreunde-lev.de\/?attachment_id=5790\"><img loading=\"lazy\" decoding=\"async\" data-attachment-id=\"5790\" data-orig-file=\"https:\/\/www.fotofreunde-lev.de\/wp-content\/uploads\/2022\/01\/Kyra_C6A0539-scaled-e1641977454276.jpg\" data-orig-size=\"755,934\" data-comments-opened=\"1\" data-image-meta=\"{&quot;aperture&quot;:&quot;0&quot;,&quot;credit&quot;:&quot;&quot;,&quot;camera&quot;:&quot;&quot;,&quot;caption&quot;:&quot;&quot;,&quot;created_timestamp&quot;:&quot;0&quot;,&quot;copyright&quot;:&quot;Tel. +491737163908&quot;,&quot;focal_length&quot;:&quot;0&quot;,&quot;iso&quot;:&quot;0&quot;,&quot;shutter_speed&quot;:&quot;0&quot;,&quot;title&quot;:&quot;&quot;,&quot;orientation&quot;:&quot;0&quot;,&quot;keywords&quot;:&quot;Array&quot;}\" data-image-title=\"Kyra im Herbst\" data-image-description=\"\" data-medium-file=\"https:\/\/www.fotofreunde-lev.de\/wp-content\/uploads\/2022\/01\/Kyra_C6A0539-scaled-e1641977454276-356x440.jpg\" data-large-file=\"https:\/\/www.fotofreunde-lev.de\/wp-content\/uploads\/2022\/01\/Kyra_C6A0539-683x1024.jpg\" src=\"https:\/\/www.fotofreunde-lev.de\/wp-content\/uploads\/2022\/01\/Kyra_C6A0539-scaled-e1641977454276.jpg?w=407&#038;h=504\" width=\"407\" height=\"504\" align=\"left\" title=\"Kyra im Herbst\" \/><\/a><\/div><\/div><div class=\"gallery-group images-1\" style=\"width: 340px; height: 508px;\"><div class=\"tiled-gallery-item tiled-gallery-item-large\"><a href=\"https:\/\/www.fotofreunde-lev.de\/?attachment_id=5789\"><img loading=\"lazy\" decoding=\"async\" data-attachment-id=\"5789\" data-orig-file=\"https:\/\/www.fotofreunde-lev.de\/wp-content\/uploads\/2022\/01\/Kyra_C6A0538-scaled.jpg\" data-orig-size=\"1707,2560\" data-comments-opened=\"1\" data-image-meta=\"{&quot;aperture&quot;:&quot;0&quot;,&quot;credit&quot;:&quot;&quot;,&quot;camera&quot;:&quot;&quot;,&quot;caption&quot;:&quot;&quot;,&quot;created_timestamp&quot;:&quot;0&quot;,&quot;copyright&quot;:&quot;Tel. +491737163908&quot;,&quot;focal_length&quot;:&quot;0&quot;,&quot;iso&quot;:&quot;0&quot;,&quot;shutter_speed&quot;:&quot;0&quot;,&quot;title&quot;:&quot;&quot;,&quot;orientation&quot;:&quot;0&quot;,&quot;keywords&quot;:&quot;Array&quot;}\" data-image-title=\"Kyra_C6A0538\" data-image-description=\"\" data-medium-file=\"https:\/\/www.fotofreunde-lev.de\/wp-content\/uploads\/2022\/01\/Kyra_C6A0538-293x440.jpg\" data-large-file=\"https:\/\/www.fotofreunde-lev.de\/wp-content\/uploads\/2022\/01\/Kyra_C6A0538-683x1024.jpg\" src=\"https:\/\/www.fotofreunde-lev.de\/wp-content\/uploads\/2022\/01\/Kyra_C6A0538-scaled.jpg?w=336&#038;h=504\" width=\"336\" height=\"504\" align=\"left\" title=\"Kyra_C6A0538\" \/><\/a><\/div><\/div><\/div><div class=\"gallery-row\" style=\"width: 751px; height: 343px;\"><div class=\"gallery-group images-1\" style=\"width: 233px; height: 347px;\"><div class=\"tiled-gallery-item tiled-gallery-item-small\"><a href=\"https:\/\/www.fotofreunde-lev.de\/?attachment_id=5788\"><img loading=\"lazy\" decoding=\"async\" data-attachment-id=\"5788\" data-orig-file=\"https:\/\/www.fotofreunde-lev.de\/wp-content\/uploads\/2022\/01\/Kyra_C6A0533-scaled.jpg\" data-orig-size=\"1707,2560\" data-comments-opened=\"1\" data-image-meta=\"{&quot;aperture&quot;:&quot;0&quot;,&quot;credit&quot;:&quot;&quot;,&quot;camera&quot;:&quot;&quot;,&quot;caption&quot;:&quot;&quot;,&quot;created_timestamp&quot;:&quot;0&quot;,&quot;copyright&quot;:&quot;Tel. +491737163908&quot;,&quot;focal_length&quot;:&quot;0&quot;,&quot;iso&quot;:&quot;0&quot;,&quot;shutter_speed&quot;:&quot;0&quot;,&quot;title&quot;:&quot;&quot;,&quot;orientation&quot;:&quot;0&quot;,&quot;keywords&quot;:&quot;Array&quot;}\" data-image-title=\"Kyra_C6A0533\" data-image-description=\"\" data-medium-file=\"https:\/\/www.fotofreunde-lev.de\/wp-content\/uploads\/2022\/01\/Kyra_C6A0533-293x440.jpg\" data-large-file=\"https:\/\/www.fotofreunde-lev.de\/wp-content\/uploads\/2022\/01\/Kyra_C6A0533-683x1024.jpg\" src=\"https:\/\/www.fotofreunde-lev.de\/wp-content\/uploads\/2022\/01\/Kyra_C6A0533-scaled.jpg?w=229&#038;h=343\" width=\"229\" height=\"343\" align=\"left\" title=\"Kyra_C6A0533\" \/><\/a><\/div><\/div><div class=\"gallery-group images-1\" style=\"width: 518px; height: 347px;\"><div class=\"tiled-gallery-item tiled-gallery-item-large\"><a href=\"https:\/\/www.fotofreunde-lev.de\/?attachment_id=5794\"><img loading=\"lazy\" decoding=\"async\" data-attachment-id=\"5794\" data-orig-file=\"https:\/\/www.fotofreunde-lev.de\/wp-content\/uploads\/2022\/01\/Kyra_C6A0614-scaled.jpg\" data-orig-size=\"2560,1707\" data-comments-opened=\"1\" data-image-meta=\"{&quot;aperture&quot;:&quot;0&quot;,&quot;credit&quot;:&quot;&quot;,&quot;camera&quot;:&quot;&quot;,&quot;caption&quot;:&quot;&quot;,&quot;created_timestamp&quot;:&quot;0&quot;,&quot;copyright&quot;:&quot;Tel. +491737163908&quot;,&quot;focal_length&quot;:&quot;0&quot;,&quot;iso&quot;:&quot;0&quot;,&quot;shutter_speed&quot;:&quot;0&quot;,&quot;title&quot;:&quot;&quot;,&quot;orientation&quot;:&quot;0&quot;,&quot;keywords&quot;:&quot;Array&quot;}\" data-image-title=\"Kyra_C6A0614\" data-image-description=\"\" data-medium-file=\"https:\/\/www.fotofreunde-lev.de\/wp-content\/uploads\/2022\/01\/Kyra_C6A0614-440x293.jpg\" data-large-file=\"https:\/\/www.fotofreunde-lev.de\/wp-content\/uploads\/2022\/01\/Kyra_C6A0614-980x653.jpg\" src=\"https:\/\/www.fotofreunde-lev.de\/wp-content\/uploads\/2022\/01\/Kyra_C6A0614-scaled.jpg?w=514&#038;h=343\" width=\"514\" height=\"343\" align=\"left\" title=\"Kyra_C6A0614\" \/><\/a><\/div><\/div><\/div><\/div>\n","protected":false},"excerpt":{"rendered":"<p>Ein Spaziergang im Herbst 2021 Nach etwas l\u00e4ngerer Zeit haben Kyra und ich es geschafft ein Kennenlernen Shooting durchzuf\u00fchren. Es f\u00fchrte uns in ein nahegelegenes Waldst\u00fcck in Langenfeld. Sie hatte sich entsprechend dem Wetter und den Farben des Herbstes angepasst. Seht selbst welche Ergebnisse wir &hellip; <a href=\"https:\/\/www.fotofreunde-lev.de\/?p=5783\" class=\"more-link\"><span>Weiterlesen &#8230;<span class=\"screen-reader-text\">Herbst im Jahr 2021<\/span><\/span><\/a><\/p>\n","protected":false},"author":59,"featured_media":5790,"comment_status":"open","ping_status":"open","sticky":false,"template":"","format":"gallery","meta":{"footnotes":"","_links_to":"","_links_to_target":""},"categories":[349,10,11,33],"tags":[371,83,383],"class_list":["post-5783","post","type-post","status-publish","format-gallery","has-post-thumbnail","hentry","category-draussen","category-menschen","category-natur","category-portrait","tag-menschen","tag-outdoor","tag-portraet","post_format-post-format-gallery"],"_links":{"self":[{"href":"https:\/\/www.fotofreunde-lev.de\/index.php?rest_route=\/wp\/v2\/posts\/5783","targetHints":{"allow":["GET"]}}],"collection":[{"href":"https:\/\/www.fotofreunde-lev.de\/index.php?rest_route=\/wp\/v2\/posts"}],"about":[{"href":"https:\/\/www.fotofreunde-lev.de\/index.php?rest_route=\/wp\/v2\/types\/post"}],"author":[{"embeddable":true,"href":"https:\/\/www.fotofreunde-lev.de\/index.php?rest_route=\/wp\/v2\/users\/59"}],"replies":[{"embeddable":true,"href":"https:\/\/www.fotofreunde-lev.de\/index.php?rest_route=%2Fwp%2Fv2%2Fcomments&post=5783"}],"version-history":[{"count":2,"href":"https:\/\/www.fotofreunde-lev.de\/index.php?rest_route=\/wp\/v2\/posts\/5783\/revisions"}],"predecessor-version":[{"id":5800,"href":"https:\/\/www.fotofreunde-lev.de\/index.php?rest_route=\/wp\/v2\/posts\/5783\/revisions\/5800"}],"wp:featuredmedia":[{"embeddable":true,"href":"https:\/\/www.fotofreunde-lev.de\/index.php?rest_route=\/wp\/v2\/media\/5790"}],"wp:attachment":[{"href":"https:\/\/www.fotofreunde-lev.de\/index.php?rest_route=%2Fwp%2Fv2%2Fmedia&parent=5783"}],"wp:term":[{"taxonomy":"category","embeddable":true,"href":"https:\/\/www.fotofreunde-lev.de\/index.php?rest_route=%2Fwp%2Fv2%2Fcategories&post=5783"},{"taxonomy":"post_tag","embeddable":true,"href":"https:\/\/www.fotofreunde-lev.de\/index.php?rest_route=%2Fwp%2Fv2%2Ftags&post=5783"}],"curies":[{"name":"wp","href":"https:\/\/api.w.org\/{rel}","templated":true}]}}