{"id":5764,"date":"2021-12-22T20:48:53","date_gmt":"2021-12-22T19:48:53","guid":{"rendered":"https:\/\/www.fotofreunde-lev.de\/?p=5764"},"modified":"2022-01-06T18:59:38","modified_gmt":"2022-01-06T17:59:38","slug":"park-stage-im-museum-morsbroich","status":"publish","type":"post","link":"https:\/\/www.fotofreunde-lev.de\/?p=5764","title":{"rendered":"\u201ePark Stage\u201c im Museum Morsbroich"},"content":{"rendered":"<p>Das Museum Morsbroich geh\u00f6rte zu den f\u00fchrenden Museen f\u00fcr zeitgen\u00f6ssische Kunst in Deutschland. Mit dem Niedergang der Stadt Leverkusen verlor auch das Museum viel von seiner Bedeutung. In den vergangenen Jahren war gar von der Schlie\u00dfung die Rede. Seinerzeit hatte der K\u00fcnstler Mischa Kuball mit einem anderen Kunstprojekt auf die schwierige Lage des Hauses hingewiesen.<\/p>\n<p>Seit November 2021 ist im Park des Museums die Installation \u201ePark Stage\u201c von Kuball zu sehen. Sie erinnert an die ber\u00fchmte Speaker\u00b4s Corner im Londoner Hyde Park. Vier schweren, begehbaren Betonplatten sind in einen Halbkreis angeordnet. Die In den benachbarten B\u00e4umen montierten Scheinwerfer beleuchten in der Dunkelheit das Objekt. Aus Lautsprechern erklingen Alltagsger\u00e4usche und Gespr\u00e4chsfetzen.<\/p>\n<p>Meine Idee war mit einer Aktion der Fotofreunde den Aspekt der visuellen Kommunikation zu betonen. Dazu trafen sich zahlreiche Mitglieder am 05.12.2021. Die Aktion war auch der Versuch das Museum und die freie Kunstszene wieder etwas mehr zusammen zu bringen.<\/p>\n<div data-carousel-extra='{\"blog_id\":1,\"permalink\":\"https:\\\/\\\/www.fotofreunde-lev.de\\\/?p=5764\",\"likes_blog_id\":false}' class=\"tiled-gallery type-rectangular tiled-gallery-unresized\" data-original-width=\"756\"><div class=\"gallery-row\" style=\"width: 751px; height: 366px;\"><div class=\"gallery-group images-1\" style=\"width: 533px; height: 370px;\"><div class=\"tiled-gallery-item tiled-gallery-item-large\"><a href=\"https:\/\/www.fotofreunde-lev.de\/?attachment_id=5766\"><img loading=\"lazy\" decoding=\"async\" data-attachment-id=\"5766\" data-orig-file=\"https:\/\/www.fotofreunde-lev.de\/wp-content\/uploads\/2021\/12\/fb2b6b.jpg\" data-orig-size=\"1444,1000\" data-comments-opened=\"1\" data-image-meta=\"{&quot;aperture&quot;:&quot;2.8&quot;,&quot;credit&quot;:&quot;&quot;,&quot;camera&quot;:&quot;Canon PowerShot G7 X&quot;,&quot;caption&quot;:&quot;&quot;,&quot;created_timestamp&quot;:&quot;1639853953&quot;,&quot;copyright&quot;:&quot;&quot;,&quot;focal_length&quot;:&quot;8.8&quot;,&quot;iso&quot;:&quot;1600&quot;,&quot;shutter_speed&quot;:&quot;0.25&quot;,&quot;title&quot;:&quot;&quot;,&quot;orientation&quot;:&quot;1&quot;,&quot;keywords&quot;:&quot;Array&quot;}\" data-image-title=\"fb2b6b\" data-image-description=\"\" data-medium-file=\"https:\/\/www.fotofreunde-lev.de\/wp-content\/uploads\/2021\/12\/fb2b6b-440x305.jpg\" data-large-file=\"https:\/\/www.fotofreunde-lev.de\/wp-content\/uploads\/2021\/12\/fb2b6b-980x679.jpg\" src=\"https:\/\/www.fotofreunde-lev.de\/wp-content\/uploads\/2021\/12\/fb2b6b.jpg?w=529&#038;h=366\" width=\"529\" height=\"366\" align=\"left\" title=\"fb2b6b\" \/><\/a><\/div><\/div><div class=\"gallery-group images-1\" style=\"width: 218px; height: 370px;\"><div class=\"tiled-gallery-item tiled-gallery-item-small\"><a href=\"https:\/\/www.fotofreunde-lev.de\/?attachment_id=5765\"><img loading=\"lazy\" decoding=\"async\" data-attachment-id=\"5765\" data-orig-file=\"https:\/\/www.fotofreunde-lev.de\/wp-content\/uploads\/2021\/12\/Zusammenfassung.jpg\" data-orig-size=\"702,1200\" data-comments-opened=\"1\" data-image-meta=\"{&quot;aperture&quot;:&quot;0&quot;,&quot;credit&quot;:&quot;&quot;,&quot;camera&quot;:&quot;&quot;,&quot;caption&quot;:&quot;&quot;,&quot;created_timestamp&quot;:&quot;0&quot;,&quot;copyright&quot;:&quot;&quot;,&quot;focal_length&quot;:&quot;0&quot;,&quot;iso&quot;:&quot;0&quot;,&quot;shutter_speed&quot;:&quot;0&quot;,&quot;title&quot;:&quot;&quot;,&quot;orientation&quot;:&quot;0&quot;,&quot;keywords&quot;:&quot;Array&quot;}\" data-image-title=\"Zusammenfassung\" data-image-description=\"\" data-medium-file=\"https:\/\/www.fotofreunde-lev.de\/wp-content\/uploads\/2021\/12\/Zusammenfassung-257x440.jpg\" data-large-file=\"https:\/\/www.fotofreunde-lev.de\/wp-content\/uploads\/2021\/12\/Zusammenfassung-599x1024.jpg\" src=\"https:\/\/www.fotofreunde-lev.de\/wp-content\/uploads\/2021\/12\/Zusammenfassung.jpg?w=214&#038;h=366\" width=\"214\" height=\"366\" align=\"left\" title=\"Zusammenfassung\" \/><\/a><\/div><\/div><\/div><\/div>\n","protected":false},"excerpt":{"rendered":"<p>Das Museum Morsbroich geh\u00f6rte zu den f\u00fchrenden Museen f\u00fcr zeitgen\u00f6ssische Kunst in Deutschland. Mit dem Niedergang der Stadt Leverkusen verlor auch das Museum viel von seiner Bedeutung. In den vergangenen Jahren war gar von der Schlie\u00dfung die Rede. Seinerzeit hatte der K\u00fcnstler Mischa Kuball mit &hellip; <a href=\"https:\/\/www.fotofreunde-lev.de\/?p=5764\" class=\"more-link\"><span>Weiterlesen &#8230;<span class=\"screen-reader-text\">\u201ePark Stage\u201c im Museum Morsbroich<\/span><\/span><\/a><\/p>\n","protected":false},"author":47,"featured_media":5766,"comment_status":"open","ping_status":"open","sticky":false,"template":"","format":"gallery","meta":{"footnotes":"","_links_to":"","_links_to_target":""},"categories":[8,77],"tags":[],"class_list":["post-5764","post","type-post","status-publish","format-gallery","has-post-thumbnail","hentry","category-kunst-und-musik","category-veranstatungen-events","post_format-post-format-gallery"],"_links":{"self":[{"href":"https:\/\/www.fotofreunde-lev.de\/index.php?rest_route=\/wp\/v2\/posts\/5764","targetHints":{"allow":["GET"]}}],"collection":[{"href":"https:\/\/www.fotofreunde-lev.de\/index.php?rest_route=\/wp\/v2\/posts"}],"about":[{"href":"https:\/\/www.fotofreunde-lev.de\/index.php?rest_route=\/wp\/v2\/types\/post"}],"author":[{"embeddable":true,"href":"https:\/\/www.fotofreunde-lev.de\/index.php?rest_route=\/wp\/v2\/users\/47"}],"replies":[{"embeddable":true,"href":"https:\/\/www.fotofreunde-lev.de\/index.php?rest_route=%2Fwp%2Fv2%2Fcomments&post=5764"}],"version-history":[{"count":4,"href":"https:\/\/www.fotofreunde-lev.de\/index.php?rest_route=\/wp\/v2\/posts\/5764\/revisions"}],"predecessor-version":[{"id":5778,"href":"https:\/\/www.fotofreunde-lev.de\/index.php?rest_route=\/wp\/v2\/posts\/5764\/revisions\/5778"}],"wp:featuredmedia":[{"embeddable":true,"href":"https:\/\/www.fotofreunde-lev.de\/index.php?rest_route=\/wp\/v2\/media\/5766"}],"wp:attachment":[{"href":"https:\/\/www.fotofreunde-lev.de\/index.php?rest_route=%2Fwp%2Fv2%2Fmedia&parent=5764"}],"wp:term":[{"taxonomy":"category","embeddable":true,"href":"https:\/\/www.fotofreunde-lev.de\/index.php?rest_route=%2Fwp%2Fv2%2Fcategories&post=5764"},{"taxonomy":"post_tag","embeddable":true,"href":"https:\/\/www.fotofreunde-lev.de\/index.php?rest_route=%2Fwp%2Fv2%2Ftags&post=5764"}],"curies":[{"name":"wp","href":"https:\/\/api.w.org\/{rel}","templated":true}]}}