{"id":5471,"date":"2021-06-01T21:09:11","date_gmt":"2021-06-01T19:09:11","guid":{"rendered":"https:\/\/www.fotofreunde-lev.de\/?p=5471"},"modified":"2021-06-01T21:12:48","modified_gmt":"2021-06-01T19:12:48","slug":"mortie-maier-im-freudenthaler-sensenhammer","status":"publish","type":"post","link":"https:\/\/www.fotofreunde-lev.de\/?p=5471","title":{"rendered":"Mortie Maier im Freudenthaler Sensenhammer"},"content":{"rendered":"<p>Der Freundenthaler Sensenhammer ist die \u00e4lteste Industrieanlage in Leverkusen. Bis 1987 wurden dort Sicheln und Sensen produziert. 1991 \u00fcbernahm der F\u00f6rderverein \u201eFreudenthaler Sensenhammer e.V.\u201c die Anlage und betreibt dort ein Industriemuseum.<br \/>\nIch hatte die Gelegenheit mit der Schauspielerin Mortie Maier dort zu fotografieren. Unsere Themenbereiche waren Zirkus und Steampunk.<\/p>\n<div data-carousel-extra='{\"blog_id\":1,\"permalink\":\"https:\\\/\\\/www.fotofreunde-lev.de\\\/?p=5471\",\"likes_blog_id\":false}' class=\"tiled-gallery type-rectangular tiled-gallery-unresized\" data-original-width=\"756\"><div class=\"gallery-row\" style=\"width: 751px; height: 717px;\"><div class=\"gallery-group images-1\" style=\"width: 482px; height: 721px;\"><div class=\"tiled-gallery-item tiled-gallery-item-large\"><a href=\"https:\/\/www.fotofreunde-lev.de\/?attachment_id=5477\"><img loading=\"lazy\" decoding=\"async\" data-attachment-id=\"5477\" data-orig-file=\"https:\/\/www.fotofreunde-lev.de\/wp-content\/uploads\/2021\/06\/2393FF.jpg\" data-orig-size=\"1000,1500\" data-comments-opened=\"1\" data-image-meta=\"{&quot;aperture&quot;:&quot;0&quot;,&quot;credit&quot;:&quot;&quot;,&quot;camera&quot;:&quot;&quot;,&quot;caption&quot;:&quot;&quot;,&quot;created_timestamp&quot;:&quot;0&quot;,&quot;copyright&quot;:&quot;Gerhard Richardson&quot;,&quot;focal_length&quot;:&quot;0&quot;,&quot;iso&quot;:&quot;0&quot;,&quot;shutter_speed&quot;:&quot;0&quot;,&quot;title&quot;:&quot;&quot;,&quot;orientation&quot;:&quot;0&quot;,&quot;keywords&quot;:&quot;Array&quot;}\" data-image-title=\"2393FF\" data-image-description=\"\" data-medium-file=\"https:\/\/www.fotofreunde-lev.de\/wp-content\/uploads\/2021\/06\/2393FF-293x440.jpg\" data-large-file=\"https:\/\/www.fotofreunde-lev.de\/wp-content\/uploads\/2021\/06\/2393FF-683x1024.jpg\" src=\"https:\/\/www.fotofreunde-lev.de\/wp-content\/uploads\/2021\/06\/2393FF.jpg?w=478&#038;h=717\" width=\"478\" height=\"717\" align=\"left\" title=\"2393FF\" \/><\/a><\/div><\/div><div class=\"gallery-group images-3\" style=\"width: 269px; height: 721px;\"><div class=\"tiled-gallery-item tiled-gallery-item-large\"><a href=\"https:\/\/www.fotofreunde-lev.de\/?attachment_id=5474\"><img loading=\"lazy\" decoding=\"async\" data-attachment-id=\"5474\" data-orig-file=\"https:\/\/www.fotofreunde-lev.de\/wp-content\/uploads\/2021\/06\/2443FF.jpg\" data-orig-size=\"1050,700\" data-comments-opened=\"1\" data-image-meta=\"{&quot;aperture&quot;:&quot;0&quot;,&quot;credit&quot;:&quot;&quot;,&quot;camera&quot;:&quot;&quot;,&quot;caption&quot;:&quot;&quot;,&quot;created_timestamp&quot;:&quot;0&quot;,&quot;copyright&quot;:&quot;Gerhard Richardson&quot;,&quot;focal_length&quot;:&quot;0&quot;,&quot;iso&quot;:&quot;0&quot;,&quot;shutter_speed&quot;:&quot;0&quot;,&quot;title&quot;:&quot;&quot;,&quot;orientation&quot;:&quot;0&quot;,&quot;keywords&quot;:&quot;Array&quot;}\" data-image-title=\"2443FF\" data-image-description=\"\" data-medium-file=\"https:\/\/www.fotofreunde-lev.de\/wp-content\/uploads\/2021\/06\/2443FF-440x293.jpg\" data-large-file=\"https:\/\/www.fotofreunde-lev.de\/wp-content\/uploads\/2021\/06\/2443FF-980x653.jpg\" src=\"https:\/\/www.fotofreunde-lev.de\/wp-content\/uploads\/2021\/06\/2443FF.jpg?w=265&#038;h=176\" width=\"265\" height=\"176\" align=\"left\" title=\"2443FF\" \/><\/a><\/div><div class=\"tiled-gallery-item tiled-gallery-item-large\"><a href=\"https:\/\/www.fotofreunde-lev.de\/?attachment_id=5472\"><img loading=\"lazy\" decoding=\"async\" data-attachment-id=\"5472\" data-orig-file=\"https:\/\/www.fotofreunde-lev.de\/wp-content\/uploads\/2021\/06\/2496FF.jpg\" data-orig-size=\"1000,997\" data-comments-opened=\"1\" data-image-meta=\"{&quot;aperture&quot;:&quot;0&quot;,&quot;credit&quot;:&quot;&quot;,&quot;camera&quot;:&quot;&quot;,&quot;caption&quot;:&quot;&quot;,&quot;created_timestamp&quot;:&quot;0&quot;,&quot;copyright&quot;:&quot;Gerhard Richardson&quot;,&quot;focal_length&quot;:&quot;0&quot;,&quot;iso&quot;:&quot;0&quot;,&quot;shutter_speed&quot;:&quot;0&quot;,&quot;title&quot;:&quot;&quot;,&quot;orientation&quot;:&quot;0&quot;,&quot;keywords&quot;:&quot;Array&quot;}\" data-image-title=\"2496FF\" data-image-description=\"\" data-medium-file=\"https:\/\/www.fotofreunde-lev.de\/wp-content\/uploads\/2021\/06\/2496FF-440x440.jpg\" data-large-file=\"https:\/\/www.fotofreunde-lev.de\/wp-content\/uploads\/2021\/06\/2496FF-980x977.jpg\" src=\"https:\/\/www.fotofreunde-lev.de\/wp-content\/uploads\/2021\/06\/2496FF.jpg?w=265&#038;h=264\" width=\"265\" height=\"264\" align=\"left\" title=\"2496FF\" \/><\/a><\/div><div class=\"tiled-gallery-item tiled-gallery-item-large\"><a href=\"https:\/\/www.fotofreunde-lev.de\/?attachment_id=5476\"><img loading=\"lazy\" decoding=\"async\" data-attachment-id=\"5476\" data-orig-file=\"https:\/\/www.fotofreunde-lev.de\/wp-content\/uploads\/2021\/06\/2571FF.jpg\" data-orig-size=\"1000,1016\" data-comments-opened=\"1\" data-image-meta=\"{&quot;aperture&quot;:&quot;0&quot;,&quot;credit&quot;:&quot;&quot;,&quot;camera&quot;:&quot;&quot;,&quot;caption&quot;:&quot;&quot;,&quot;created_timestamp&quot;:&quot;0&quot;,&quot;copyright&quot;:&quot;Gerhard Richardson&quot;,&quot;focal_length&quot;:&quot;0&quot;,&quot;iso&quot;:&quot;0&quot;,&quot;shutter_speed&quot;:&quot;0&quot;,&quot;title&quot;:&quot;&quot;,&quot;orientation&quot;:&quot;0&quot;,&quot;keywords&quot;:&quot;Array&quot;}\" data-image-title=\"2571FF\" data-image-description=\"\" data-medium-file=\"https:\/\/www.fotofreunde-lev.de\/wp-content\/uploads\/2021\/06\/2571FF-433x440.jpg\" data-large-file=\"https:\/\/www.fotofreunde-lev.de\/wp-content\/uploads\/2021\/06\/2571FF-980x996.jpg\" src=\"https:\/\/www.fotofreunde-lev.de\/wp-content\/uploads\/2021\/06\/2571FF.jpg?w=265&#038;h=269\" width=\"265\" height=\"269\" align=\"left\" title=\"2571FF\" \/><\/a><\/div><\/div><\/div><div class=\"gallery-row\" style=\"width: 751px; height: 336px;\"><div class=\"gallery-group images-1\" style=\"width: 244px; height: 340px;\"><div class=\"tiled-gallery-item tiled-gallery-item-small\"><a href=\"https:\/\/www.fotofreunde-lev.de\/?attachment_id=5475\"><img loading=\"lazy\" decoding=\"async\" data-attachment-id=\"5475\" data-orig-file=\"https:\/\/www.fotofreunde-lev.de\/wp-content\/uploads\/2021\/06\/2538FF.jpg\" data-orig-size=\"720,1008\" data-comments-opened=\"1\" data-image-meta=\"{&quot;aperture&quot;:&quot;0&quot;,&quot;credit&quot;:&quot;&quot;,&quot;camera&quot;:&quot;&quot;,&quot;caption&quot;:&quot;&quot;,&quot;created_timestamp&quot;:&quot;0&quot;,&quot;copyright&quot;:&quot;Gerhard Richardson&quot;,&quot;focal_length&quot;:&quot;0&quot;,&quot;iso&quot;:&quot;0&quot;,&quot;shutter_speed&quot;:&quot;0&quot;,&quot;title&quot;:&quot;&quot;,&quot;orientation&quot;:&quot;0&quot;,&quot;keywords&quot;:&quot;Array&quot;}\" data-image-title=\"2538FF\" data-image-description=\"\" data-medium-file=\"https:\/\/www.fotofreunde-lev.de\/wp-content\/uploads\/2021\/06\/2538FF-314x440.jpg\" data-large-file=\"https:\/\/www.fotofreunde-lev.de\/wp-content\/uploads\/2021\/06\/2538FF.jpg\" src=\"https:\/\/www.fotofreunde-lev.de\/wp-content\/uploads\/2021\/06\/2538FF.jpg?w=240&#038;h=336\" width=\"240\" height=\"336\" align=\"left\" title=\"2538FF\" \/><\/a><\/div><\/div><div class=\"gallery-group images-1\" style=\"width: 507px; height: 340px;\"><div class=\"tiled-gallery-item tiled-gallery-item-large\"><a href=\"https:\/\/www.fotofreunde-lev.de\/?attachment_id=5473\"><img loading=\"lazy\" decoding=\"async\" data-attachment-id=\"5473\" data-orig-file=\"https:\/\/www.fotofreunde-lev.de\/wp-content\/uploads\/2021\/06\/2576FF.jpg\" data-orig-size=\"1200,800\" data-comments-opened=\"1\" data-image-meta=\"{&quot;aperture&quot;:&quot;0&quot;,&quot;credit&quot;:&quot;&quot;,&quot;camera&quot;:&quot;&quot;,&quot;caption&quot;:&quot;&quot;,&quot;created_timestamp&quot;:&quot;0&quot;,&quot;copyright&quot;:&quot;Gerhard Richardson&quot;,&quot;focal_length&quot;:&quot;0&quot;,&quot;iso&quot;:&quot;0&quot;,&quot;shutter_speed&quot;:&quot;0&quot;,&quot;title&quot;:&quot;&quot;,&quot;orientation&quot;:&quot;0&quot;,&quot;keywords&quot;:&quot;Array&quot;}\" data-image-title=\"2576FF\" data-image-description=\"\" data-medium-file=\"https:\/\/www.fotofreunde-lev.de\/wp-content\/uploads\/2021\/06\/2576FF-440x293.jpg\" data-large-file=\"https:\/\/www.fotofreunde-lev.de\/wp-content\/uploads\/2021\/06\/2576FF-980x653.jpg\" src=\"https:\/\/www.fotofreunde-lev.de\/wp-content\/uploads\/2021\/06\/2576FF.jpg?w=503&#038;h=336\" width=\"503\" height=\"336\" align=\"left\" title=\"2576FF\" \/><\/a><\/div><\/div><\/div><\/div>\n","protected":false},"excerpt":{"rendered":"<p>Der Freundenthaler Sensenhammer ist die \u00e4lteste Industrieanlage in Leverkusen. Bis 1987 wurden dort Sicheln und Sensen produziert. 1991 \u00fcbernahm der F\u00f6rderverein \u201eFreudenthaler Sensenhammer e.V.\u201c die Anlage und betreibt dort ein Industriemuseum. Ich hatte die Gelegenheit mit der Schauspielerin Mortie Maier dort zu fotografieren. Unsere Themenbereiche &hellip; <a href=\"https:\/\/www.fotofreunde-lev.de\/?p=5471\" class=\"more-link\"><span>Weiterlesen &#8230;<span class=\"screen-reader-text\">Mortie Maier im Freudenthaler Sensenhammer<\/span><\/span><\/a><\/p>\n","protected":false},"author":47,"featured_media":5474,"comment_status":"open","ping_status":"open","sticky":false,"template":"","format":"gallery","meta":{"footnotes":"","_links_to":"","_links_to_target":""},"categories":[10],"tags":[371,243],"class_list":["post-5471","post","type-post","status-publish","format-gallery","has-post-thumbnail","hentry","category-menschen","tag-menschen","tag-technik","post_format-post-format-gallery"],"_links":{"self":[{"href":"https:\/\/www.fotofreunde-lev.de\/index.php?rest_route=\/wp\/v2\/posts\/5471","targetHints":{"allow":["GET"]}}],"collection":[{"href":"https:\/\/www.fotofreunde-lev.de\/index.php?rest_route=\/wp\/v2\/posts"}],"about":[{"href":"https:\/\/www.fotofreunde-lev.de\/index.php?rest_route=\/wp\/v2\/types\/post"}],"author":[{"embeddable":true,"href":"https:\/\/www.fotofreunde-lev.de\/index.php?rest_route=\/wp\/v2\/users\/47"}],"replies":[{"embeddable":true,"href":"https:\/\/www.fotofreunde-lev.de\/index.php?rest_route=%2Fwp%2Fv2%2Fcomments&post=5471"}],"version-history":[{"count":1,"href":"https:\/\/www.fotofreunde-lev.de\/index.php?rest_route=\/wp\/v2\/posts\/5471\/revisions"}],"predecessor-version":[{"id":5478,"href":"https:\/\/www.fotofreunde-lev.de\/index.php?rest_route=\/wp\/v2\/posts\/5471\/revisions\/5478"}],"wp:featuredmedia":[{"embeddable":true,"href":"https:\/\/www.fotofreunde-lev.de\/index.php?rest_route=\/wp\/v2\/media\/5474"}],"wp:attachment":[{"href":"https:\/\/www.fotofreunde-lev.de\/index.php?rest_route=%2Fwp%2Fv2%2Fmedia&parent=5471"}],"wp:term":[{"taxonomy":"category","embeddable":true,"href":"https:\/\/www.fotofreunde-lev.de\/index.php?rest_route=%2Fwp%2Fv2%2Fcategories&post=5471"},{"taxonomy":"post_tag","embeddable":true,"href":"https:\/\/www.fotofreunde-lev.de\/index.php?rest_route=%2Fwp%2Fv2%2Ftags&post=5471"}],"curies":[{"name":"wp","href":"https:\/\/api.w.org\/{rel}","templated":true}]}}