{"id":5363,"date":"2021-05-15T18:20:45","date_gmt":"2021-05-15T16:20:45","guid":{"rendered":"https:\/\/www.fotofreunde-lev.de\/?p=5363"},"modified":"2021-05-15T18:30:48","modified_gmt":"2021-05-15T16:30:48","slug":"neulich-im-medienhafen","status":"publish","type":"post","link":"https:\/\/www.fotofreunde-lev.de\/?p=5363","title":{"rendered":"Spontane Portraits im Medienhafen"},"content":{"rendered":"<p>Ich war neulich im Medienhafen in D\u00fcsseldorf. Habe dann zuf\u00e4llig zwei junge Damen getroffen, die sich freundlicherweise dazu bereit erkl\u00e4rt haben, einige Portraits mit mir zu machen. Aber seht selbst.<\/p>\n<div data-carousel-extra='{\"blog_id\":1,\"permalink\":\"https:\\\/\\\/www.fotofreunde-lev.de\\\/?p=5363\",\"likes_blog_id\":false}' class=\"tiled-gallery type-rectangular tiled-gallery-unresized\" data-original-width=\"756\"><div class=\"gallery-row\" style=\"width: 751px; height: 322px;\"><div class=\"gallery-group images-1\" style=\"width: 486px; height: 326px;\"><div class=\"tiled-gallery-item tiled-gallery-item-large\"><a href=\"https:\/\/www.fotofreunde-lev.de\/?attachment_id=5364\"><img loading=\"lazy\" decoding=\"async\" data-attachment-id=\"5364\" data-orig-file=\"https:\/\/www.fotofreunde-lev.de\/wp-content\/uploads\/2021\/05\/forum-4.jpg\" data-orig-size=\"1800,1202\" data-comments-opened=\"1\" data-image-meta=\"{&quot;aperture&quot;:&quot;2.8&quot;,&quot;credit&quot;:&quot;&quot;,&quot;camera&quot;:&quot;NIKON D750&quot;,&quot;caption&quot;:&quot;&quot;,&quot;created_timestamp&quot;:&quot;1619961205&quot;,&quot;copyright&quot;:&quot;&quot;,&quot;focal_length&quot;:&quot;85&quot;,&quot;iso&quot;:&quot;160&quot;,&quot;shutter_speed&quot;:&quot;0.008&quot;,&quot;title&quot;:&quot;&quot;,&quot;orientation&quot;:&quot;1&quot;,&quot;keywords&quot;:&quot;Array&quot;}\" data-image-title=\"forum 4\" data-image-description=\"\" data-medium-file=\"https:\/\/www.fotofreunde-lev.de\/wp-content\/uploads\/2021\/05\/forum-4-440x294.jpg\" data-large-file=\"https:\/\/www.fotofreunde-lev.de\/wp-content\/uploads\/2021\/05\/forum-4-980x654.jpg\" src=\"https:\/\/www.fotofreunde-lev.de\/wp-content\/uploads\/2021\/05\/forum-4.jpg?w=482&#038;h=322\" width=\"482\" height=\"322\" align=\"left\" title=\"forum 4\" \/><\/a><\/div><\/div><div class=\"gallery-group images-2\" style=\"width: 265px; height: 326px;\"><div class=\"tiled-gallery-item tiled-gallery-item-large\"><a href=\"https:\/\/www.fotofreunde-lev.de\/?attachment_id=5365\"><img loading=\"lazy\" decoding=\"async\" data-attachment-id=\"5365\" data-orig-file=\"https:\/\/www.fotofreunde-lev.de\/wp-content\/uploads\/2021\/05\/forum-6.jpg\" data-orig-size=\"1800,990\" data-comments-opened=\"1\" data-image-meta=\"{&quot;aperture&quot;:&quot;2.8&quot;,&quot;credit&quot;:&quot;&quot;,&quot;camera&quot;:&quot;NIKON D750&quot;,&quot;caption&quot;:&quot;&quot;,&quot;created_timestamp&quot;:&quot;1619963574&quot;,&quot;copyright&quot;:&quot;&quot;,&quot;focal_length&quot;:&quot;85&quot;,&quot;iso&quot;:&quot;400&quot;,&quot;shutter_speed&quot;:&quot;0.00025&quot;,&quot;title&quot;:&quot;&quot;,&quot;orientation&quot;:&quot;1&quot;,&quot;keywords&quot;:&quot;Array&quot;}\" data-image-title=\"forum 6\" data-image-description=\"\" data-medium-file=\"https:\/\/www.fotofreunde-lev.de\/wp-content\/uploads\/2021\/05\/forum-6-440x242.jpg\" data-large-file=\"https:\/\/www.fotofreunde-lev.de\/wp-content\/uploads\/2021\/05\/forum-6-980x539.jpg\" src=\"https:\/\/www.fotofreunde-lev.de\/wp-content\/uploads\/2021\/05\/forum-6.jpg?w=261&#038;h=144\" width=\"261\" height=\"144\" align=\"left\" title=\"forum 6\" \/><\/a><\/div><div class=\"tiled-gallery-item tiled-gallery-item-large\"><a href=\"https:\/\/www.fotofreunde-lev.de\/?attachment_id=5366\"><img loading=\"lazy\" decoding=\"async\" data-attachment-id=\"5366\" data-orig-file=\"https:\/\/www.fotofreunde-lev.de\/wp-content\/uploads\/2021\/05\/forum-1.jpg\" data-orig-size=\"1200,801\" data-comments-opened=\"1\" data-image-meta=\"{&quot;aperture&quot;:&quot;2.8&quot;,&quot;credit&quot;:&quot;&quot;,&quot;camera&quot;:&quot;NIKON D750&quot;,&quot;caption&quot;:&quot;&quot;,&quot;created_timestamp&quot;:&quot;1619960996&quot;,&quot;copyright&quot;:&quot;&quot;,&quot;focal_length&quot;:&quot;85&quot;,&quot;iso&quot;:&quot;160&quot;,&quot;shutter_speed&quot;:&quot;0.005&quot;,&quot;title&quot;:&quot;&quot;,&quot;orientation&quot;:&quot;1&quot;,&quot;keywords&quot;:&quot;Array&quot;}\" data-image-title=\"forum 1\" data-image-description=\"\" data-medium-file=\"https:\/\/www.fotofreunde-lev.de\/wp-content\/uploads\/2021\/05\/forum-1-440x294.jpg\" data-large-file=\"https:\/\/www.fotofreunde-lev.de\/wp-content\/uploads\/2021\/05\/forum-1-980x654.jpg\" src=\"https:\/\/www.fotofreunde-lev.de\/wp-content\/uploads\/2021\/05\/forum-1.jpg?w=261&#038;h=174\" width=\"261\" height=\"174\" align=\"left\" title=\"forum 1\" \/><\/a><\/div><\/div><\/div><div class=\"gallery-row\" style=\"width: 751px; height: 376px;\"><div class=\"gallery-group images-2\" style=\"width: 241px; height: 380px;\"><div class=\"tiled-gallery-item tiled-gallery-item-small\"><a href=\"https:\/\/www.fotofreunde-lev.de\/?attachment_id=5367\"><img loading=\"lazy\" decoding=\"async\" data-attachment-id=\"5367\" data-orig-file=\"https:\/\/www.fotofreunde-lev.de\/wp-content\/uploads\/2021\/05\/forum-2.jpg\" data-orig-size=\"1200,933\" data-comments-opened=\"1\" data-image-meta=\"{&quot;aperture&quot;:&quot;1.8&quot;,&quot;credit&quot;:&quot;&quot;,&quot;camera&quot;:&quot;NIKON D750&quot;,&quot;caption&quot;:&quot;&quot;,&quot;created_timestamp&quot;:&quot;1619960875&quot;,&quot;copyright&quot;:&quot;&quot;,&quot;focal_length&quot;:&quot;85&quot;,&quot;iso&quot;:&quot;160&quot;,&quot;shutter_speed&quot;:&quot;0.003125&quot;,&quot;title&quot;:&quot;&quot;,&quot;orientation&quot;:&quot;1&quot;,&quot;keywords&quot;:&quot;Array&quot;}\" data-image-title=\"forum 2\" data-image-description=\"\" data-medium-file=\"https:\/\/www.fotofreunde-lev.de\/wp-content\/uploads\/2021\/05\/forum-2-440x342.jpg\" data-large-file=\"https:\/\/www.fotofreunde-lev.de\/wp-content\/uploads\/2021\/05\/forum-2-980x762.jpg\" src=\"https:\/\/www.fotofreunde-lev.de\/wp-content\/uploads\/2021\/05\/forum-2.jpg?w=237&#038;h=184\" width=\"237\" height=\"184\" align=\"left\" title=\"forum 2\" \/><\/a><\/div><div class=\"tiled-gallery-item tiled-gallery-item-small\"><a href=\"https:\/\/www.fotofreunde-lev.de\/?attachment_id=5368\"><img loading=\"lazy\" decoding=\"async\" data-attachment-id=\"5368\" data-orig-file=\"https:\/\/www.fotofreunde-lev.de\/wp-content\/uploads\/2021\/05\/forum-3.jpg\" data-orig-size=\"1200,951\" data-comments-opened=\"1\" data-image-meta=\"{&quot;aperture&quot;:&quot;4&quot;,&quot;credit&quot;:&quot;&quot;,&quot;camera&quot;:&quot;NIKON D750&quot;,&quot;caption&quot;:&quot;&quot;,&quot;created_timestamp&quot;:&quot;1619964587&quot;,&quot;copyright&quot;:&quot;&quot;,&quot;focal_length&quot;:&quot;85&quot;,&quot;iso&quot;:&quot;400&quot;,&quot;shutter_speed&quot;:&quot;0.0015625&quot;,&quot;title&quot;:&quot;&quot;,&quot;orientation&quot;:&quot;1&quot;,&quot;keywords&quot;:&quot;Array&quot;}\" data-image-title=\"forum 3\" data-image-description=\"\" data-medium-file=\"https:\/\/www.fotofreunde-lev.de\/wp-content\/uploads\/2021\/05\/forum-3-440x349.jpg\" data-large-file=\"https:\/\/www.fotofreunde-lev.de\/wp-content\/uploads\/2021\/05\/forum-3-980x777.jpg\" src=\"https:\/\/www.fotofreunde-lev.de\/wp-content\/uploads\/2021\/05\/forum-3.jpg?w=237&#038;h=188\" width=\"237\" height=\"188\" align=\"left\" title=\"forum 3\" \/><\/a><\/div><\/div><div class=\"gallery-group images-1\" style=\"width: 510px; height: 380px;\"><div class=\"tiled-gallery-item tiled-gallery-item-large\"><a href=\"https:\/\/www.fotofreunde-lev.de\/?attachment_id=5369\"><img loading=\"lazy\" decoding=\"async\" data-attachment-id=\"5369\" data-orig-file=\"https:\/\/www.fotofreunde-lev.de\/wp-content\/uploads\/2021\/05\/forum-5.jpg\" data-orig-size=\"1200,893\" data-comments-opened=\"1\" data-image-meta=\"{&quot;aperture&quot;:&quot;2.8&quot;,&quot;credit&quot;:&quot;&quot;,&quot;camera&quot;:&quot;NIKON D750&quot;,&quot;caption&quot;:&quot;&quot;,&quot;created_timestamp&quot;:&quot;1619963969&quot;,&quot;copyright&quot;:&quot;&quot;,&quot;focal_length&quot;:&quot;85&quot;,&quot;iso&quot;:&quot;400&quot;,&quot;shutter_speed&quot;:&quot;0.00025&quot;,&quot;title&quot;:&quot;&quot;,&quot;orientation&quot;:&quot;1&quot;,&quot;keywords&quot;:&quot;Array&quot;}\" data-image-title=\"forum 5\" data-image-description=\"\" data-medium-file=\"https:\/\/www.fotofreunde-lev.de\/wp-content\/uploads\/2021\/05\/forum-5-440x327.jpg\" data-large-file=\"https:\/\/www.fotofreunde-lev.de\/wp-content\/uploads\/2021\/05\/forum-5-980x729.jpg\" src=\"https:\/\/www.fotofreunde-lev.de\/wp-content\/uploads\/2021\/05\/forum-5.jpg?w=506&#038;h=376\" width=\"506\" height=\"376\" align=\"left\" title=\"forum 5\" \/><\/a><\/div><\/div><\/div><\/div>\n","protected":false},"excerpt":{"rendered":"<p>Ich war neulich im Medienhafen in D\u00fcsseldorf. Habe dann zuf\u00e4llig zwei junge Damen getroffen, die sich freundlicherweise dazu bereit erkl\u00e4rt haben, einige Portraits mit mir zu machen. Aber seht selbst.<\/p>\n","protected":false},"author":4,"featured_media":5369,"comment_status":"open","ping_status":"open","sticky":false,"template":"","format":"gallery","meta":{"footnotes":"","_links_to":"","_links_to_target":""},"categories":[33],"tags":[328],"class_list":["post-5363","post","type-post","status-publish","format-gallery","has-post-thumbnail","hentry","category-portrait","tag-medienhafen","post_format-post-format-gallery"],"_links":{"self":[{"href":"https:\/\/www.fotofreunde-lev.de\/index.php?rest_route=\/wp\/v2\/posts\/5363","targetHints":{"allow":["GET"]}}],"collection":[{"href":"https:\/\/www.fotofreunde-lev.de\/index.php?rest_route=\/wp\/v2\/posts"}],"about":[{"href":"https:\/\/www.fotofreunde-lev.de\/index.php?rest_route=\/wp\/v2\/types\/post"}],"author":[{"embeddable":true,"href":"https:\/\/www.fotofreunde-lev.de\/index.php?rest_route=\/wp\/v2\/users\/4"}],"replies":[{"embeddable":true,"href":"https:\/\/www.fotofreunde-lev.de\/index.php?rest_route=%2Fwp%2Fv2%2Fcomments&post=5363"}],"version-history":[{"count":2,"href":"https:\/\/www.fotofreunde-lev.de\/index.php?rest_route=\/wp\/v2\/posts\/5363\/revisions"}],"predecessor-version":[{"id":5371,"href":"https:\/\/www.fotofreunde-lev.de\/index.php?rest_route=\/wp\/v2\/posts\/5363\/revisions\/5371"}],"wp:featuredmedia":[{"embeddable":true,"href":"https:\/\/www.fotofreunde-lev.de\/index.php?rest_route=\/wp\/v2\/media\/5369"}],"wp:attachment":[{"href":"https:\/\/www.fotofreunde-lev.de\/index.php?rest_route=%2Fwp%2Fv2%2Fmedia&parent=5363"}],"wp:term":[{"taxonomy":"category","embeddable":true,"href":"https:\/\/www.fotofreunde-lev.de\/index.php?rest_route=%2Fwp%2Fv2%2Fcategories&post=5363"},{"taxonomy":"post_tag","embeddable":true,"href":"https:\/\/www.fotofreunde-lev.de\/index.php?rest_route=%2Fwp%2Fv2%2Ftags&post=5363"}],"curies":[{"name":"wp","href":"https:\/\/api.w.org\/{rel}","templated":true}]}}