{"id":5324,"date":"2021-02-07T16:07:53","date_gmt":"2021-02-07T15:07:53","guid":{"rendered":"https:\/\/www.fotofreunde-lev.de\/?p=5324"},"modified":"2021-02-07T16:41:26","modified_gmt":"2021-02-07T15:41:26","slug":"schmidekunst","status":"publish","type":"post","link":"https:\/\/www.fotofreunde-lev.de\/?p=5324","title":{"rendered":"Schmiedekunst"},"content":{"rendered":"<div data-carousel-extra='{\"blog_id\":1,\"permalink\":\"https:\\\/\\\/www.fotofreunde-lev.de\\\/?p=5324\",\"likes_blog_id\":false}' class=\"tiled-gallery type-rectangular tiled-gallery-unresized\" data-original-width=\"756\"><div class=\"gallery-row\" style=\"width: 751px; height: 497px;\"><div class=\"gallery-group images-1\" style=\"width: 501px; height: 501px;\"><div class=\"tiled-gallery-item tiled-gallery-item-large\"><a href=\"https:\/\/www.fotofreunde-lev.de\/?attachment_id=5319\"><img loading=\"lazy\" decoding=\"async\" data-attachment-id=\"5319\" data-orig-file=\"https:\/\/www.fotofreunde-lev.de\/wp-content\/uploads\/2021\/02\/O8A0334.jpg\" data-orig-size=\"999,1000\" data-comments-opened=\"1\" data-image-meta=\"{&quot;aperture&quot;:&quot;5.6&quot;,&quot;credit&quot;:&quot;&quot;,&quot;camera&quot;:&quot;Canon EOS 5D Mark IV&quot;,&quot;caption&quot;:&quot;&quot;,&quot;created_timestamp&quot;:&quot;1475929282&quot;,&quot;copyright&quot;:&quot;&quot;,&quot;focal_length&quot;:&quot;45&quot;,&quot;iso&quot;:&quot;200&quot;,&quot;shutter_speed&quot;:&quot;0.001&quot;,&quot;title&quot;:&quot;&quot;,&quot;orientation&quot;:&quot;0&quot;,&quot;keywords&quot;:&quot;Array&quot;}\" data-image-title=\"\" data-image-description=\"\" data-medium-file=\"https:\/\/www.fotofreunde-lev.de\/wp-content\/uploads\/2021\/02\/O8A0334-440x440.jpg\" data-large-file=\"https:\/\/www.fotofreunde-lev.de\/wp-content\/uploads\/2021\/02\/O8A0334-980x981.jpg\" src=\"https:\/\/www.fotofreunde-lev.de\/wp-content\/uploads\/2021\/02\/O8A0334.jpg?w=497&#038;h=497\" width=\"497\" height=\"497\" align=\"left\" title=\"\" \/><\/a><\/div><\/div><div class=\"gallery-group images-2\" style=\"width: 250px; height: 501px;\"><div class=\"tiled-gallery-item tiled-gallery-item-small\"><a href=\"https:\/\/www.fotofreunde-lev.de\/?attachment_id=5318\"><img loading=\"lazy\" decoding=\"async\" data-attachment-id=\"5318\" data-orig-file=\"https:\/\/www.fotofreunde-lev.de\/wp-content\/uploads\/2021\/02\/O8A0323.jpg\" data-orig-size=\"999,1000\" data-comments-opened=\"1\" data-image-meta=\"{&quot;aperture&quot;:&quot;5.6&quot;,&quot;credit&quot;:&quot;&quot;,&quot;camera&quot;:&quot;Canon EOS 5D Mark IV&quot;,&quot;caption&quot;:&quot;&quot;,&quot;created_timestamp&quot;:&quot;1475928079&quot;,&quot;copyright&quot;:&quot;&quot;,&quot;focal_length&quot;:&quot;100&quot;,&quot;iso&quot;:&quot;200&quot;,&quot;shutter_speed&quot;:&quot;0.00125&quot;,&quot;title&quot;:&quot;&quot;,&quot;orientation&quot;:&quot;0&quot;,&quot;keywords&quot;:&quot;Array&quot;}\" data-image-title=\"\" data-image-description=\"\" data-medium-file=\"https:\/\/www.fotofreunde-lev.de\/wp-content\/uploads\/2021\/02\/O8A0323-440x440.jpg\" data-large-file=\"https:\/\/www.fotofreunde-lev.de\/wp-content\/uploads\/2021\/02\/O8A0323-980x981.jpg\" src=\"https:\/\/www.fotofreunde-lev.de\/wp-content\/uploads\/2021\/02\/O8A0323.jpg?w=246&#038;h=246\" width=\"246\" height=\"246\" align=\"left\" title=\"\" \/><\/a><\/div><div class=\"tiled-gallery-item tiled-gallery-item-small\"><a href=\"https:\/\/www.fotofreunde-lev.de\/?attachment_id=5317\"><img loading=\"lazy\" decoding=\"async\" data-attachment-id=\"5317\" data-orig-file=\"https:\/\/www.fotofreunde-lev.de\/wp-content\/uploads\/2021\/02\/O8A0296.jpg\" data-orig-size=\"996,1000\" data-comments-opened=\"1\" data-image-meta=\"{&quot;aperture&quot;:&quot;3.2&quot;,&quot;credit&quot;:&quot;&quot;,&quot;camera&quot;:&quot;Canon EOS 5D Mark IV&quot;,&quot;caption&quot;:&quot;&quot;,&quot;created_timestamp&quot;:&quot;1475926726&quot;,&quot;copyright&quot;:&quot;&quot;,&quot;focal_length&quot;:&quot;100&quot;,&quot;iso&quot;:&quot;100&quot;,&quot;shutter_speed&quot;:&quot;0.004&quot;,&quot;title&quot;:&quot;&quot;,&quot;orientation&quot;:&quot;0&quot;,&quot;keywords&quot;:&quot;Array&quot;}\" data-image-title=\"\" data-image-description=\"\" data-medium-file=\"https:\/\/www.fotofreunde-lev.de\/wp-content\/uploads\/2021\/02\/O8A0296-438x440.jpg\" data-large-file=\"https:\/\/www.fotofreunde-lev.de\/wp-content\/uploads\/2021\/02\/O8A0296-980x984.jpg\" src=\"https:\/\/www.fotofreunde-lev.de\/wp-content\/uploads\/2021\/02\/O8A0296.jpg?w=246&#038;h=247\" width=\"246\" height=\"247\" align=\"left\" title=\"\" \/><\/a><\/div><\/div><\/div><div class=\"gallery-row\" style=\"width: 751px; height: 574px;\"><div class=\"gallery-group images-2\" style=\"width: 289px; height: 578px;\"><div class=\"tiled-gallery-item tiled-gallery-item-large\"><a href=\"https:\/\/www.fotofreunde-lev.de\/?attachment_id=5322\"><img loading=\"lazy\" decoding=\"async\" data-attachment-id=\"5322\" data-orig-file=\"https:\/\/www.fotofreunde-lev.de\/wp-content\/uploads\/2021\/02\/Bearbeitet.jpg\" data-orig-size=\"1000,999\" data-comments-opened=\"1\" data-image-meta=\"{&quot;aperture&quot;:&quot;4.5&quot;,&quot;credit&quot;:&quot;&quot;,&quot;camera&quot;:&quot;Canon EOS 5D Mark IV&quot;,&quot;caption&quot;:&quot;&quot;,&quot;created_timestamp&quot;:&quot;1475933964&quot;,&quot;copyright&quot;:&quot;Gerhard Daniels&quot;,&quot;focal_length&quot;:&quot;70&quot;,&quot;iso&quot;:&quot;400&quot;,&quot;shutter_speed&quot;:&quot;0.01&quot;,&quot;title&quot;:&quot;&quot;,&quot;orientation&quot;:&quot;0&quot;,&quot;keywords&quot;:&quot;Array&quot;}\" data-image-title=\"\" data-image-description=\"\" data-medium-file=\"https:\/\/www.fotofreunde-lev.de\/wp-content\/uploads\/2021\/02\/Bearbeitet-440x440.jpg\" data-large-file=\"https:\/\/www.fotofreunde-lev.de\/wp-content\/uploads\/2021\/02\/Bearbeitet-980x979.jpg\" src=\"https:\/\/www.fotofreunde-lev.de\/wp-content\/uploads\/2021\/02\/Bearbeitet.jpg?w=285&#038;h=285\" width=\"285\" height=\"285\" align=\"left\" title=\"\" \/><\/a><\/div><div class=\"tiled-gallery-item tiled-gallery-item-large\"><a href=\"https:\/\/www.fotofreunde-lev.de\/?attachment_id=5321\"><img loading=\"lazy\" decoding=\"async\" data-attachment-id=\"5321\" data-orig-file=\"https:\/\/www.fotofreunde-lev.de\/wp-content\/uploads\/2021\/02\/O8A0460.jpg\" data-orig-size=\"999,1000\" data-comments-opened=\"1\" data-image-meta=\"{&quot;aperture&quot;:&quot;4&quot;,&quot;credit&quot;:&quot;&quot;,&quot;camera&quot;:&quot;Canon EOS 5D Mark IV&quot;,&quot;caption&quot;:&quot;&quot;,&quot;created_timestamp&quot;:&quot;1475939881&quot;,&quot;copyright&quot;:&quot;&quot;,&quot;focal_length&quot;:&quot;105&quot;,&quot;iso&quot;:&quot;100&quot;,&quot;shutter_speed&quot;:&quot;0.0166666666667&quot;,&quot;title&quot;:&quot;&quot;,&quot;orientation&quot;:&quot;0&quot;,&quot;keywords&quot;:&quot;Array&quot;}\" data-image-title=\"\" data-image-description=\"\" data-medium-file=\"https:\/\/www.fotofreunde-lev.de\/wp-content\/uploads\/2021\/02\/O8A0460-440x440.jpg\" data-large-file=\"https:\/\/www.fotofreunde-lev.de\/wp-content\/uploads\/2021\/02\/O8A0460-980x981.jpg\" src=\"https:\/\/www.fotofreunde-lev.de\/wp-content\/uploads\/2021\/02\/O8A0460.jpg?w=285&#038;h=285\" width=\"285\" height=\"285\" align=\"left\" title=\"\" \/><\/a><\/div><\/div><div class=\"gallery-group images-1\" style=\"width: 462px; height: 578px;\"><div class=\"tiled-gallery-item tiled-gallery-item-large\"><a href=\"https:\/\/www.fotofreunde-lev.de\/?attachment_id=5320\"><img loading=\"lazy\" decoding=\"async\" data-attachment-id=\"5320\" data-orig-file=\"https:\/\/www.fotofreunde-lev.de\/wp-content\/uploads\/2021\/02\/O8A0442.jpg\" data-orig-size=\"799,1000\" data-comments-opened=\"1\" data-image-meta=\"{&quot;aperture&quot;:&quot;4&quot;,&quot;credit&quot;:&quot;&quot;,&quot;camera&quot;:&quot;Canon EOS 5D Mark IV&quot;,&quot;caption&quot;:&quot;&quot;,&quot;created_timestamp&quot;:&quot;1475938970&quot;,&quot;copyright&quot;:&quot;&quot;,&quot;focal_length&quot;:&quot;110&quot;,&quot;iso&quot;:&quot;160&quot;,&quot;shutter_speed&quot;:&quot;0.0125&quot;,&quot;title&quot;:&quot;&quot;,&quot;orientation&quot;:&quot;0&quot;,&quot;keywords&quot;:&quot;Array&quot;}\" data-image-title=\"\" data-image-description=\"\" data-medium-file=\"https:\/\/www.fotofreunde-lev.de\/wp-content\/uploads\/2021\/02\/O8A0442-352x440.jpg\" data-large-file=\"https:\/\/www.fotofreunde-lev.de\/wp-content\/uploads\/2021\/02\/O8A0442.jpg\" src=\"https:\/\/www.fotofreunde-lev.de\/wp-content\/uploads\/2021\/02\/O8A0442.jpg?w=458&#038;h=574\" width=\"458\" height=\"574\" align=\"left\" title=\"\" \/><\/a><\/div><\/div><\/div><\/div>\n<p>Vor einigen Jahren hatte ich die Gelegenheit die Werke des K\u00f6lner Schmiedek\u00fcnstlers Andreas &#8222;Molino&#8220; M\u00fcller zu fotografieren. Als Kulisse w\u00e4hlte ich den Freundenthaler Sensenhammer, eine ehemalige Sensenschmiede\u00a0 in Leverkusen. Heute ist die \u00e4lteste Industrieanlage der Stadt ein Museum.<\/p>\n<p><a href=\"https:\/\/www.am-ironart.com\/\">https:\/\/www.am-ironart.com\/<\/a><\/p>\n<p><a href=\"http:\/\/www.sensenhammer.de\/\">http:\/\/www.sensenhammer.de\/<\/a><\/p>\n<p>&nbsp;<\/p>\n<p>&nbsp;<\/p>\n","protected":false},"excerpt":{"rendered":"<p>Vor einigen Jahren hatte ich die Gelegenheit die Werke des K\u00f6lner Schmiedek\u00fcnstlers Andreas &#8222;Molino&#8220; M\u00fcller zu fotografieren. Als Kulisse w\u00e4hlte ich den Freundenthaler Sensenhammer, eine ehemalige Sensenschmiede\u00a0 in Leverkusen. Heute ist die \u00e4lteste Industrieanlage der Stadt ein Museum. https:\/\/www.am-ironart.com\/ http:\/\/www.sensenhammer.de\/ &nbsp; &nbsp;<\/p>\n","protected":false},"author":47,"featured_media":5321,"comment_status":"open","ping_status":"open","sticky":false,"template":"","format":"gallery","meta":{"footnotes":"","_links_to":"","_links_to_target":""},"categories":[8,19],"tags":[],"class_list":["post-5324","post","type-post","status-publish","format-gallery","has-post-thumbnail","hentry","category-kunst-und-musik","category-skulpturen","post_format-post-format-gallery"],"_links":{"self":[{"href":"https:\/\/www.fotofreunde-lev.de\/index.php?rest_route=\/wp\/v2\/posts\/5324","targetHints":{"allow":["GET"]}}],"collection":[{"href":"https:\/\/www.fotofreunde-lev.de\/index.php?rest_route=\/wp\/v2\/posts"}],"about":[{"href":"https:\/\/www.fotofreunde-lev.de\/index.php?rest_route=\/wp\/v2\/types\/post"}],"author":[{"embeddable":true,"href":"https:\/\/www.fotofreunde-lev.de\/index.php?rest_route=\/wp\/v2\/users\/47"}],"replies":[{"embeddable":true,"href":"https:\/\/www.fotofreunde-lev.de\/index.php?rest_route=%2Fwp%2Fv2%2Fcomments&post=5324"}],"version-history":[{"count":5,"href":"https:\/\/www.fotofreunde-lev.de\/index.php?rest_route=\/wp\/v2\/posts\/5324\/revisions"}],"predecessor-version":[{"id":5331,"href":"https:\/\/www.fotofreunde-lev.de\/index.php?rest_route=\/wp\/v2\/posts\/5324\/revisions\/5331"}],"wp:featuredmedia":[{"embeddable":true,"href":"https:\/\/www.fotofreunde-lev.de\/index.php?rest_route=\/wp\/v2\/media\/5321"}],"wp:attachment":[{"href":"https:\/\/www.fotofreunde-lev.de\/index.php?rest_route=%2Fwp%2Fv2%2Fmedia&parent=5324"}],"wp:term":[{"taxonomy":"category","embeddable":true,"href":"https:\/\/www.fotofreunde-lev.de\/index.php?rest_route=%2Fwp%2Fv2%2Fcategories&post=5324"},{"taxonomy":"post_tag","embeddable":true,"href":"https:\/\/www.fotofreunde-lev.de\/index.php?rest_route=%2Fwp%2Fv2%2Ftags&post=5324"}],"curies":[{"name":"wp","href":"https:\/\/api.w.org\/{rel}","templated":true}]}}