{"id":4539,"date":"2019-01-27T17:06:09","date_gmt":"2019-01-27T16:06:09","guid":{"rendered":"http:\/\/www.fotofreunde-lev.de\/?p=4539"},"modified":"2020-08-22T06:31:08","modified_gmt":"2020-08-22T04:31:08","slug":"hafen-koeln-muelheim-nach-einem-spontanen-photo-walk-entsteht-eine-story-im-kopf","status":"publish","type":"post","link":"https:\/\/www.fotofreunde-lev.de\/?p=4539","title":{"rendered":"Hafen K\u00f6ln-M\u00fclheim: Nach einem spontanen Photo-Walk entsteht eine Story im Kopf&#8230;"},"content":{"rendered":"<p class=\"western\"><i>JA \u2013 WIR WAREN BEREIT\u2026<\/i><\/p>\n<p class=\"western\">Die Story: \u201e<i>Die Sonne schien warm vom blau strahlenden Himmel, der sich \u00fcber der \u00fcblen Gegend am Hafen ausbreitete.\u00a0<\/i><i>Tr\u00fcgerisch\u2026\u00a0 &#8211;\u00a0<\/i><i>Waren wir bereit, in das Grauen einzutauchen, von dem Eingeweihte hinter vorgehaltener Hand erz\u00e4hlten, wenn der Alkohol ihre Zunge gel\u00f6st hatte? Uns die verrosteten Schienenstr\u00e4nge entlang tasten in die Halbwelt von verrotteten Mauern, in das Dunkel dubioser Gesch\u00e4ftigkeit, wo das Wispern des Verbrechens, das Raunen von Verwesung von den br\u00fcchigen W\u00e4nden widerhallte?\u00a0 \u00a0 \u00a0<\/i><i>Wir hatten uns Mut angetrunken, uns Treue geschworen: Einer f\u00fcr Alle \u2013 Alle f\u00fcr einen. <\/i><i>Ja \u2013 wir waren bereit\u2026\u201c<\/i><\/p>\n<p class=\"western\" align=\"left\">So k\u00f6nnte eine (zugegebenerma\u00dfen billige!) Story anfangen, zu der mich meine Bilder vom Hafengebiet K\u00f6ln-M\u00fclheims inspirieren k\u00f6nnten. Vielleicht liegt im Auge des Betrachters ja eine andere Geschichte verborgen &#8211; wer wei\u00df\u2026<\/p>\n<p class=\"western\" align=\"left\">Die Fakten:\u00a0 An einem sonnigen Vormittag f\u00fchrte mich mein Weg durch verlassene Stra\u00dfen des M\u00fclheimer Hafens, und nach dem Sichten der Bilder baute sich in meinem Kopf eine Geschichte zusammen\u2026<\/p>\n<p><img loading=\"lazy\" decoding=\"async\" class=\"alignnone size-full wp-image-4540\" src=\"http:\/\/www.fotofreunde-lev.de\/wp-content\/uploads\/2019\/01\/2019-01-K\u00f6ln-MH_01.jpg\" alt=\"\" width=\"580\" height=\"870\" srcset=\"https:\/\/www.fotofreunde-lev.de\/wp-content\/uploads\/2019\/01\/2019-01-K\u00f6ln-MH_01.jpg 580w, https:\/\/www.fotofreunde-lev.de\/wp-content\/uploads\/2019\/01\/2019-01-K\u00f6ln-MH_01-293x440.jpg 293w\" sizes=\"auto, (max-width: 580px) 100vw, 580px\" \/> <img loading=\"lazy\" decoding=\"async\" class=\"alignnone size-full wp-image-4541\" src=\"http:\/\/www.fotofreunde-lev.de\/wp-content\/uploads\/2019\/01\/2019-01-K\u00f6ln-MH_1a.jpg\" alt=\"\" width=\"1305\" height=\"870\" srcset=\"https:\/\/www.fotofreunde-lev.de\/wp-content\/uploads\/2019\/01\/2019-01-K\u00f6ln-MH_1a.jpg 1305w, https:\/\/www.fotofreunde-lev.de\/wp-content\/uploads\/2019\/01\/2019-01-K\u00f6ln-MH_1a-440x293.jpg 440w, https:\/\/www.fotofreunde-lev.de\/wp-content\/uploads\/2019\/01\/2019-01-K\u00f6ln-MH_1a-980x653.jpg 980w\" sizes=\"auto, (max-width: 1305px) 100vw, 1305px\" \/> <img loading=\"lazy\" decoding=\"async\" class=\"alignnone size-full wp-image-4542\" src=\"http:\/\/www.fotofreunde-lev.de\/wp-content\/uploads\/2019\/01\/2019-01-K\u00f6ln-MH_1b.jpg\" alt=\"\" width=\"580\" height=\"870\" srcset=\"https:\/\/www.fotofreunde-lev.de\/wp-content\/uploads\/2019\/01\/2019-01-K\u00f6ln-MH_1b.jpg 580w, https:\/\/www.fotofreunde-lev.de\/wp-content\/uploads\/2019\/01\/2019-01-K\u00f6ln-MH_1b-293x440.jpg 293w\" sizes=\"auto, (max-width: 580px) 100vw, 580px\" \/> <img loading=\"lazy\" decoding=\"async\" class=\"alignnone size-full wp-image-4543\" src=\"http:\/\/www.fotofreunde-lev.de\/wp-content\/uploads\/2019\/01\/2019-01-K\u00f6ln-MH_03.jpg\" alt=\"\" width=\"580\" height=\"870\" srcset=\"https:\/\/www.fotofreunde-lev.de\/wp-content\/uploads\/2019\/01\/2019-01-K\u00f6ln-MH_03.jpg 580w, https:\/\/www.fotofreunde-lev.de\/wp-content\/uploads\/2019\/01\/2019-01-K\u00f6ln-MH_03-293x440.jpg 293w\" sizes=\"auto, (max-width: 580px) 100vw, 580px\" \/> <img loading=\"lazy\" decoding=\"async\" class=\"alignnone size-full wp-image-4544\" src=\"http:\/\/www.fotofreunde-lev.de\/wp-content\/uploads\/2019\/01\/2019-01-K\u00f6ln-MH_04.jpg\" alt=\"\" width=\"1305\" height=\"870\" srcset=\"https:\/\/www.fotofreunde-lev.de\/wp-content\/uploads\/2019\/01\/2019-01-K\u00f6ln-MH_04.jpg 1305w, https:\/\/www.fotofreunde-lev.de\/wp-content\/uploads\/2019\/01\/2019-01-K\u00f6ln-MH_04-440x293.jpg 440w, https:\/\/www.fotofreunde-lev.de\/wp-content\/uploads\/2019\/01\/2019-01-K\u00f6ln-MH_04-980x653.jpg 980w\" sizes=\"auto, (max-width: 1305px) 100vw, 1305px\" \/> <img loading=\"lazy\" decoding=\"async\" class=\"alignnone size-full wp-image-4545\" src=\"http:\/\/www.fotofreunde-lev.de\/wp-content\/uploads\/2019\/01\/2019-01-K\u00f6ln-MH_05.jpg\" alt=\"\" width=\"1305\" height=\"870\" srcset=\"https:\/\/www.fotofreunde-lev.de\/wp-content\/uploads\/2019\/01\/2019-01-K\u00f6ln-MH_05.jpg 1305w, https:\/\/www.fotofreunde-lev.de\/wp-content\/uploads\/2019\/01\/2019-01-K\u00f6ln-MH_05-440x293.jpg 440w, https:\/\/www.fotofreunde-lev.de\/wp-content\/uploads\/2019\/01\/2019-01-K\u00f6ln-MH_05-980x653.jpg 980w\" sizes=\"auto, (max-width: 1305px) 100vw, 1305px\" \/> <img loading=\"lazy\" decoding=\"async\" class=\"alignnone size-full wp-image-4546\" src=\"http:\/\/www.fotofreunde-lev.de\/wp-content\/uploads\/2019\/01\/2019-01-K\u00f6ln-MH_06.jpg\" alt=\"\" width=\"1305\" height=\"870\" srcset=\"https:\/\/www.fotofreunde-lev.de\/wp-content\/uploads\/2019\/01\/2019-01-K\u00f6ln-MH_06.jpg 1305w, https:\/\/www.fotofreunde-lev.de\/wp-content\/uploads\/2019\/01\/2019-01-K\u00f6ln-MH_06-440x293.jpg 440w, https:\/\/www.fotofreunde-lev.de\/wp-content\/uploads\/2019\/01\/2019-01-K\u00f6ln-MH_06-980x653.jpg 980w\" sizes=\"auto, (max-width: 1305px) 100vw, 1305px\" \/> <img loading=\"lazy\" decoding=\"async\" class=\"alignnone size-full wp-image-4547\" src=\"http:\/\/www.fotofreunde-lev.de\/wp-content\/uploads\/2019\/01\/2019-01-K\u00f6ln-MH_07.jpg\" alt=\"\" width=\"580\" height=\"870\" srcset=\"https:\/\/www.fotofreunde-lev.de\/wp-content\/uploads\/2019\/01\/2019-01-K\u00f6ln-MH_07.jpg 580w, https:\/\/www.fotofreunde-lev.de\/wp-content\/uploads\/2019\/01\/2019-01-K\u00f6ln-MH_07-293x440.jpg 293w\" sizes=\"auto, (max-width: 580px) 100vw, 580px\" \/><\/p>\n","protected":false},"excerpt":{"rendered":"<p>JA \u2013 WIR WAREN BEREIT\u2026 Die Story: \u201eDie Sonne schien warm vom blau strahlenden Himmel, der sich \u00fcber der \u00fcblen Gegend am Hafen ausbreitete.\u00a0Tr\u00fcgerisch\u2026\u00a0 &#8211;\u00a0Waren wir bereit, in das Grauen einzutauchen, von dem Eingeweihte hinter vorgehaltener Hand erz\u00e4hlten, wenn der Alkohol ihre Zunge gel\u00f6st hatte? &hellip; <a href=\"https:\/\/www.fotofreunde-lev.de\/?p=4539\" class=\"more-link\"><span>Weiterlesen &#8230;<span class=\"screen-reader-text\">Hafen K\u00f6ln-M\u00fclheim: Nach einem spontanen Photo-Walk entsteht eine Story im Kopf&#8230;<\/span><\/span><\/a><\/p>\n","protected":false},"author":14,"featured_media":4540,"comment_status":"open","ping_status":"open","sticky":false,"template":"","format":"gallery","meta":{"footnotes":"","_links_to":"","_links_to_target":""},"categories":[349,27],"tags":[],"class_list":["post-4539","post","type-post","status-publish","format-gallery","has-post-thumbnail","hentry","category-draussen","category-industrie-und-handwerk","post_format-post-format-gallery"],"_links":{"self":[{"href":"https:\/\/www.fotofreunde-lev.de\/index.php?rest_route=\/wp\/v2\/posts\/4539","targetHints":{"allow":["GET"]}}],"collection":[{"href":"https:\/\/www.fotofreunde-lev.de\/index.php?rest_route=\/wp\/v2\/posts"}],"about":[{"href":"https:\/\/www.fotofreunde-lev.de\/index.php?rest_route=\/wp\/v2\/types\/post"}],"author":[{"embeddable":true,"href":"https:\/\/www.fotofreunde-lev.de\/index.php?rest_route=\/wp\/v2\/users\/14"}],"replies":[{"embeddable":true,"href":"https:\/\/www.fotofreunde-lev.de\/index.php?rest_route=%2Fwp%2Fv2%2Fcomments&post=4539"}],"version-history":[{"count":7,"href":"https:\/\/www.fotofreunde-lev.de\/index.php?rest_route=\/wp\/v2\/posts\/4539\/revisions"}],"predecessor-version":[{"id":4555,"href":"https:\/\/www.fotofreunde-lev.de\/index.php?rest_route=\/wp\/v2\/posts\/4539\/revisions\/4555"}],"wp:featuredmedia":[{"embeddable":true,"href":"https:\/\/www.fotofreunde-lev.de\/index.php?rest_route=\/wp\/v2\/media\/4540"}],"wp:attachment":[{"href":"https:\/\/www.fotofreunde-lev.de\/index.php?rest_route=%2Fwp%2Fv2%2Fmedia&parent=4539"}],"wp:term":[{"taxonomy":"category","embeddable":true,"href":"https:\/\/www.fotofreunde-lev.de\/index.php?rest_route=%2Fwp%2Fv2%2Fcategories&post=4539"},{"taxonomy":"post_tag","embeddable":true,"href":"https:\/\/www.fotofreunde-lev.de\/index.php?rest_route=%2Fwp%2Fv2%2Ftags&post=4539"}],"curies":[{"name":"wp","href":"https:\/\/api.w.org\/{rel}","templated":true}]}}