{"id":4476,"date":"2018-12-10T20:10:38","date_gmt":"2018-12-10T19:10:38","guid":{"rendered":"http:\/\/www.fotofreunde-lev.de\/?p=4476"},"modified":"2020-08-17T05:52:02","modified_gmt":"2020-08-17T03:52:02","slug":"analoges-photo-projekt-landschaftsphotographie-stenzelberg","status":"publish","type":"post","link":"https:\/\/www.fotofreunde-lev.de\/?p=4476","title":{"rendered":"Analoges Photo-Projekt \u201eLandschaftsphotographie Stenzelberg\u201c"},"content":{"rendered":"<p class=\"western\">Ich finde es seit langem faszinierend, in Photob\u00fcchern aus der analogen Zeit gute Schwarzwei\u00df Bilder zu betrachten. Besonders gerne lasse ich meine Blicke \u00fcber Landschaften wandern \u2013 Bilder von Photographen wie Andreas Feininger, Alfred Stieglitz, Ansel Adams und viele Andere\u2026 Und immer wieder frage ich mich, wie diese K\u00fcnstler ihre meisterlichen Arbeiten wohl gemacht haben m\u00f6gen.<\/p>\n<p class=\"western\">Ich fotografiere mit digitalen Kameras, gebe meinen Bilder gerne in diversen Programmen den \u201eletzten Schliff\u201c. Trotzdem versp\u00fcre ich immer wieder den Reiz nach diesem anderen \u201cWork-Flow\u201c, den die analoge Fotografie auf Film erfordert, wo du dir keinen Fehler erlauben kannst, weil dieser dann auf dem Film \u201eeingebrannt\u201c ist.<\/p>\n<p class=\"western\">Und dann ist da nicht zuletzt der \u201ebesondere Look\u201c, der mich fasziniert.<\/p>\n<p class=\"western\">\u201eDas kannst du, wenn du willst, doch alles in guten Programmen, mit guten digitalen Filtern oder Kamera-Apps genau so digital erzeugen\u201c, widersprechen Viele. Keine Ahnung, ob das so stimmt \u2013 ich habe das Gef\u00fchl, es ist doch irgendwie anders.<\/p>\n<p class=\"western\">Nun, es geht mir wohl haupts\u00e4chlich um den \u201eWeg\u201c, und diesen gehe ich ab und zu sehr gerne \u2013 mit meiner Nikon F2 oder anderen Ger\u00e4ten im KB-Format oder, wie in dem folgenden Beispiel, mit meiner Bronica und ihrem 4,5 x 6 Mittelformat-R\u00fcckenteil. Die ist eigentlich f\u00fcr 6 x 6 ausgelegt, aber momentan liegt mir das Rechteck einfach mehr als das Quadrat. Mein Film: Der Ilford HP5 Plus mit 16 Aufnahmen .<\/p>\n<p class=\"western\">Anfang Oktober zog ich also mit Kamera, Stativ und Belichtungsmesser los \u2013 keine Digitale im Gep\u00e4ck \u201ef\u00fcr nebenbei\u201c oder \u201ef\u00fcr alle F\u00e4lle\u201c.<\/p>\n<p class=\"western\">Es sollten also Landschaftsaufnahmen werden und die Location, die ich mir daf\u00fcr ausgesucht hatte, war der Stenzelberg im \u201eNaturpark Siebengebirge\u201c, auf der Sch\u00e4l Sick des Rheins, s\u00fcd\u00f6stlich von Bonn. Die besonderen Felsformationen hier sind durch einen Steinbruch entstanden, der bis 1931 aktiv war.<\/p>\n<figure id=\"attachment_4477\" aria-describedby=\"caption-attachment-4477\" style=\"width: 764px\" class=\"wp-caption alignnone\"><img loading=\"lazy\" decoding=\"async\" class=\"size-full wp-image-4477\" src=\"http:\/\/www.fotofreunde-lev.de\/wp-content\/uploads\/2018\/12\/2018-10-Stenzelberg_02.jpg\" alt=\"\" width=\"764\" height=\"1000\"><figcaption id=\"caption-attachment-4477\" class=\"wp-caption-text\">Bronica 4,5 x 6, Mittelformat, Siebengebirge<\/figcaption><\/figure>\n<figure id=\"attachment_4478\" aria-describedby=\"caption-attachment-4478\" style=\"width: 764px\" class=\"wp-caption alignnone\"><img loading=\"lazy\" decoding=\"async\" class=\"size-full wp-image-4478\" src=\"http:\/\/www.fotofreunde-lev.de\/wp-content\/uploads\/2018\/12\/2018-10-Stenzelberg_03b.jpg\" alt=\"\" width=\"764\" height=\"995\"><figcaption id=\"caption-attachment-4478\" class=\"wp-caption-text\">Bronica 4,5 x 6<\/figcaption><\/figure>\n<figure id=\"attachment_4479\" aria-describedby=\"caption-attachment-4479\" style=\"width: 764px\" class=\"wp-caption alignnone\"><img loading=\"lazy\" decoding=\"async\" class=\"size-full wp-image-4479\" src=\"http:\/\/www.fotofreunde-lev.de\/wp-content\/uploads\/2018\/12\/2018-10-Stenzelberg_05a.jpg\" alt=\"\" width=\"764\" height=\"1000\"><figcaption id=\"caption-attachment-4479\" class=\"wp-caption-text\">Bronica 4,5 x 6<\/figcaption><\/figure>\n<figure id=\"attachment_4480\" aria-describedby=\"caption-attachment-4480\" style=\"width: 764px\" class=\"wp-caption alignnone\"><img loading=\"lazy\" decoding=\"async\" class=\"size-full wp-image-4480\" src=\"http:\/\/www.fotofreunde-lev.de\/wp-content\/uploads\/2018\/12\/2018-10-Stenzelberg_06.jpg\" alt=\"\" width=\"764\" height=\"997\"><figcaption id=\"caption-attachment-4480\" class=\"wp-caption-text\">Bronica 4,5 x 6<\/figcaption><\/figure>\n<figure id=\"attachment_4481\" aria-describedby=\"caption-attachment-4481\" style=\"width: 764px\" class=\"wp-caption alignnone\"><img loading=\"lazy\" decoding=\"async\" class=\"size-full wp-image-4481\" src=\"http:\/\/www.fotofreunde-lev.de\/wp-content\/uploads\/2018\/12\/2018-10-Stenzelberg_08.jpg\" alt=\"\" width=\"764\" height=\"996\"><figcaption id=\"caption-attachment-4481\" class=\"wp-caption-text\">Bronica 4,5 x 6<\/figcaption><\/figure>\n<figure id=\"attachment_4482\" aria-describedby=\"caption-attachment-4482\" style=\"width: 764px\" class=\"wp-caption alignnone\"><img loading=\"lazy\" decoding=\"async\" class=\"size-full wp-image-4482\" src=\"http:\/\/www.fotofreunde-lev.de\/wp-content\/uploads\/2018\/12\/2018-10-Stenzelberg_09.jpg\" alt=\"\" width=\"764\" height=\"995\"><figcaption id=\"caption-attachment-4482\" class=\"wp-caption-text\">Bronica 4,5 x 6<\/figcaption><\/figure>\n<p>Zur Weiterverarbeitung der belichteten Filme:<\/p>\n<p class=\"western\">Bis vor einigen Jahren habe ich meine Filme selbst entwickelt, dies hat sich f\u00fcr mich aber nicht mehr gelohnt \u2013 zu unregelm\u00e4\u00dfig waren meine Ausfl\u00fcge ins Land des Films. So habe ich diesen Film einem Dienstleister \u00fcbergeben, ihn dann aber selber sorgf\u00e4ltig auf meinem Canon 9000F eingescannt und moderat bearbeitet \u2013 so, wie ich es fr\u00fcher bei meinen analogen Ausbelichtungen auch gemacht habe.<\/p>\n","protected":false},"excerpt":{"rendered":"<p>Ich finde es seit langem faszinierend, in Photob\u00fcchern aus der analogen Zeit gute Schwarzwei\u00df Bilder zu betrachten. Besonders gerne lasse ich meine Blicke \u00fcber Landschaften wandern \u2013 Bilder von Photographen wie Andreas Feininger, Alfred Stieglitz, Ansel Adams und viele Andere\u2026 Und immer wieder frage ich &hellip; <a href=\"https:\/\/www.fotofreunde-lev.de\/?p=4476\" class=\"more-link\"><span>Weiterlesen &#8230;<span class=\"screen-reader-text\">Analoges Photo-Projekt \u201eLandschaftsphotographie Stenzelberg\u201c<\/span><\/span><\/a><\/p>\n","protected":false},"author":14,"featured_media":4484,"comment_status":"open","ping_status":"open","sticky":false,"template":"","format":"gallery","meta":{"footnotes":"","_links_to":"","_links_to_target":""},"categories":[23],"tags":[236,273],"class_list":["post-4476","post","type-post","status-publish","format-gallery","has-post-thumbnail","hentry","category-landschaft","tag-analog","tag-stelzenberg","post_format-post-format-gallery"],"_links":{"self":[{"href":"https:\/\/www.fotofreunde-lev.de\/index.php?rest_route=\/wp\/v2\/posts\/4476","targetHints":{"allow":["GET"]}}],"collection":[{"href":"https:\/\/www.fotofreunde-lev.de\/index.php?rest_route=\/wp\/v2\/posts"}],"about":[{"href":"https:\/\/www.fotofreunde-lev.de\/index.php?rest_route=\/wp\/v2\/types\/post"}],"author":[{"embeddable":true,"href":"https:\/\/www.fotofreunde-lev.de\/index.php?rest_route=\/wp\/v2\/users\/14"}],"replies":[{"embeddable":true,"href":"https:\/\/www.fotofreunde-lev.de\/index.php?rest_route=%2Fwp%2Fv2%2Fcomments&post=4476"}],"version-history":[{"count":4,"href":"https:\/\/www.fotofreunde-lev.de\/index.php?rest_route=\/wp\/v2\/posts\/4476\/revisions"}],"predecessor-version":[{"id":4502,"href":"https:\/\/www.fotofreunde-lev.de\/index.php?rest_route=\/wp\/v2\/posts\/4476\/revisions\/4502"}],"wp:featuredmedia":[{"embeddable":true,"href":"https:\/\/www.fotofreunde-lev.de\/index.php?rest_route=\/wp\/v2\/media\/4484"}],"wp:attachment":[{"href":"https:\/\/www.fotofreunde-lev.de\/index.php?rest_route=%2Fwp%2Fv2%2Fmedia&parent=4476"}],"wp:term":[{"taxonomy":"category","embeddable":true,"href":"https:\/\/www.fotofreunde-lev.de\/index.php?rest_route=%2Fwp%2Fv2%2Fcategories&post=4476"},{"taxonomy":"post_tag","embeddable":true,"href":"https:\/\/www.fotofreunde-lev.de\/index.php?rest_route=%2Fwp%2Fv2%2Ftags&post=4476"}],"curies":[{"name":"wp","href":"https:\/\/api.w.org\/{rel}","templated":true}]}}