{"id":4140,"date":"2017-08-07T19:10:29","date_gmt":"2017-08-07T17:10:29","guid":{"rendered":"http:\/\/www.fotofreunde-lev.de\/?p=4140"},"modified":"2017-08-07T19:10:29","modified_gmt":"2017-08-07T17:10:29","slug":"pyramiden","status":"publish","type":"post","link":"https:\/\/www.fotofreunde-lev.de\/?p=4140","title":{"rendered":"Pyramiden"},"content":{"rendered":"<p><strong>Pyramiden<\/strong> ist der Name einer ehemaligen Bergbausiedlung auf Spitzbergen. Die Bezeichnung geht wohl auf die Form der umgebenden Berge zur\u00fcck. Die Mine wurde zu Beginn des 20.Jahrhunderts von Schweden gegr\u00fcndet und sp\u00e4ter an die Sowjetunion verkauft. Bis 1998 wurde dort Bergbau betrieben. Der Ort war f\u00fcr sowejtische Verh\u00e4ltnisse sehr gut ausgestattet und die dort t\u00e4tigen Arbeiter genossen eine ganze Reihe von Privilegien.<br \/>\nBis 1998 wurde dort Bergbau betrieben. Als der eingestellt wurde, mussten die Bewohner die Stadt innerhalb weniger Tage verlassen.<br \/>\nDerzeit leben wieder acht Russen dort. Sie betreiben ein Hotel und bereiten angeblich die Wiederaufnahme des Kohleabbaus vor. Damit werden Auflagen des Spitzbergenvertrages umgangen\u2026.<\/p>\n<div data-carousel-extra='{\"blog_id\":1,\"permalink\":\"https:\\\/\\\/www.fotofreunde-lev.de\\\/?p=4140\",\"likes_blog_id\":false}' class=\"tiled-gallery type-rectangular tiled-gallery-unresized\" data-original-width=\"756\"><div class=\"gallery-row\" style=\"width: 751px; height: 328px;\"><div class=\"gallery-group images-1\" style=\"width: 495px; height: 332px;\"><div class=\"tiled-gallery-item tiled-gallery-item-large\"><a href=\"https:\/\/www.fotofreunde-lev.de\/?attachment_id=4141\"><img loading=\"lazy\" decoding=\"async\" data-attachment-id=\"4141\" data-orig-file=\"https:\/\/www.fotofreunde-lev.de\/wp-content\/uploads\/2017\/08\/Pyramiden.jpg\" data-orig-size=\"1200,801\" data-comments-opened=\"1\" data-image-meta=\"{&quot;aperture&quot;:&quot;0&quot;,&quot;credit&quot;:&quot;&quot;,&quot;camera&quot;:&quot;&quot;,&quot;caption&quot;:&quot;&quot;,&quot;created_timestamp&quot;:&quot;0&quot;,&quot;copyright&quot;:&quot;Gerhard Daniels&quot;,&quot;focal_length&quot;:&quot;0&quot;,&quot;iso&quot;:&quot;0&quot;,&quot;shutter_speed&quot;:&quot;0&quot;,&quot;title&quot;:&quot;&quot;,&quot;orientation&quot;:&quot;0&quot;,&quot;keywords&quot;:&quot;Array&quot;}\" data-image-title=\"Pyramiden\" data-image-description=\"\" data-medium-file=\"https:\/\/www.fotofreunde-lev.de\/wp-content\/uploads\/2017\/08\/Pyramiden-440x294.jpg\" data-large-file=\"https:\/\/www.fotofreunde-lev.de\/wp-content\/uploads\/2017\/08\/Pyramiden-980x654.jpg\" src=\"https:\/\/www.fotofreunde-lev.de\/wp-content\/uploads\/2017\/08\/Pyramiden.jpg?w=491&#038;h=328\" width=\"491\" height=\"328\" align=\"left\" title=\"Pyramiden\" \/><\/a><div class=\"tiled-gallery-caption\">Pyramiden<\/div><\/div><\/div><div class=\"gallery-group images-1\" style=\"width: 256px; height: 332px;\"><div class=\"tiled-gallery-item tiled-gallery-item-large\"><a href=\"https:\/\/www.fotofreunde-lev.de\/?attachment_id=4142\"><img loading=\"lazy\" decoding=\"async\" data-attachment-id=\"4142\" data-orig-file=\"https:\/\/www.fotofreunde-lev.de\/wp-content\/uploads\/2017\/08\/sozialistische-Kunst.jpg\" data-orig-size=\"924,1200\" data-comments-opened=\"1\" data-image-meta=\"{&quot;aperture&quot;:&quot;0&quot;,&quot;credit&quot;:&quot;&quot;,&quot;camera&quot;:&quot;&quot;,&quot;caption&quot;:&quot;&quot;,&quot;created_timestamp&quot;:&quot;0&quot;,&quot;copyright&quot;:&quot;Gerhard Daniels&quot;,&quot;focal_length&quot;:&quot;0&quot;,&quot;iso&quot;:&quot;0&quot;,&quot;shutter_speed&quot;:&quot;0&quot;,&quot;title&quot;:&quot;&quot;,&quot;orientation&quot;:&quot;0&quot;,&quot;keywords&quot;:&quot;Array&quot;}\" data-image-title=\"sozialistische-Kunst\" data-image-description=\"\" data-medium-file=\"https:\/\/www.fotofreunde-lev.de\/wp-content\/uploads\/2017\/08\/sozialistische-Kunst-339x440.jpg\" data-large-file=\"https:\/\/www.fotofreunde-lev.de\/wp-content\/uploads\/2017\/08\/sozialistische-Kunst-788x1024.jpg\" src=\"https:\/\/www.fotofreunde-lev.de\/wp-content\/uploads\/2017\/08\/sozialistische-Kunst.jpg?w=252&#038;h=328\" width=\"252\" height=\"328\" align=\"left\" title=\"sozialistische-Kunst\" \/><\/a><div class=\"tiled-gallery-caption\">sozialistische Kunst<\/div><\/div><\/div><\/div><div class=\"gallery-row\" style=\"width: 751px; height: 396px;\"><div class=\"gallery-group images-2\" style=\"width: 276px; height: 400px;\"><div class=\"tiled-gallery-item tiled-gallery-item-large\"><a href=\"https:\/\/www.fotofreunde-lev.de\/?attachment_id=4143\"><img loading=\"lazy\" decoding=\"async\" data-attachment-id=\"4143\" data-orig-file=\"https:\/\/www.fotofreunde-lev.de\/wp-content\/uploads\/2017\/08\/Weltfrieden.jpg\" data-orig-size=\"1200,695\" data-comments-opened=\"1\" data-image-meta=\"{&quot;aperture&quot;:&quot;0&quot;,&quot;credit&quot;:&quot;&quot;,&quot;camera&quot;:&quot;&quot;,&quot;caption&quot;:&quot;&quot;,&quot;created_timestamp&quot;:&quot;0&quot;,&quot;copyright&quot;:&quot;Gerhard Daniels&quot;,&quot;focal_length&quot;:&quot;0&quot;,&quot;iso&quot;:&quot;0&quot;,&quot;shutter_speed&quot;:&quot;0&quot;,&quot;title&quot;:&quot;&quot;,&quot;orientation&quot;:&quot;0&quot;,&quot;keywords&quot;:&quot;Array&quot;}\" data-image-title=\"Weltfrieden\" data-image-description=\"\" data-medium-file=\"https:\/\/www.fotofreunde-lev.de\/wp-content\/uploads\/2017\/08\/Weltfrieden-440x255.jpg\" data-large-file=\"https:\/\/www.fotofreunde-lev.de\/wp-content\/uploads\/2017\/08\/Weltfrieden-980x568.jpg\" src=\"https:\/\/www.fotofreunde-lev.de\/wp-content\/uploads\/2017\/08\/Weltfrieden.jpg?w=272&#038;h=157\" width=\"272\" height=\"157\" align=\"left\" title=\"Weltfrieden\" \/><\/a><div class=\"tiled-gallery-caption\">ehemalige Kohlef\u00f6rderung<\/div><\/div><div class=\"tiled-gallery-item tiled-gallery-item-large\"><a href=\"https:\/\/www.fotofreunde-lev.de\/?attachment_id=4144\"><img loading=\"lazy\" decoding=\"async\" data-attachment-id=\"4144\" data-orig-file=\"https:\/\/www.fotofreunde-lev.de\/wp-content\/uploads\/2017\/08\/Lenin.jpg\" data-orig-size=\"1200,1037\" data-comments-opened=\"1\" data-image-meta=\"{&quot;aperture&quot;:&quot;0&quot;,&quot;credit&quot;:&quot;&quot;,&quot;camera&quot;:&quot;&quot;,&quot;caption&quot;:&quot;&quot;,&quot;created_timestamp&quot;:&quot;0&quot;,&quot;copyright&quot;:&quot;Gerhard Daniels&quot;,&quot;focal_length&quot;:&quot;0&quot;,&quot;iso&quot;:&quot;0&quot;,&quot;shutter_speed&quot;:&quot;0&quot;,&quot;title&quot;:&quot;&quot;,&quot;orientation&quot;:&quot;0&quot;,&quot;keywords&quot;:&quot;Array&quot;}\" data-image-title=\"Lenin\" data-image-description=\"\" data-medium-file=\"https:\/\/www.fotofreunde-lev.de\/wp-content\/uploads\/2017\/08\/Lenin-440x380.jpg\" data-large-file=\"https:\/\/www.fotofreunde-lev.de\/wp-content\/uploads\/2017\/08\/Lenin-980x847.jpg\" src=\"https:\/\/www.fotofreunde-lev.de\/wp-content\/uploads\/2017\/08\/Lenin.jpg?w=272&#038;h=235\" width=\"272\" height=\"235\" align=\"left\" title=\"Lenin\" \/><\/a><div class=\"tiled-gallery-caption\">Lenin<\/div><\/div><\/div><div class=\"gallery-group images-1\" style=\"width: 475px; height: 400px;\"><div class=\"tiled-gallery-item tiled-gallery-item-large\"><a href=\"https:\/\/www.fotofreunde-lev.de\/?attachment_id=4145\"><img loading=\"lazy\" decoding=\"async\" data-attachment-id=\"4145\" data-orig-file=\"https:\/\/www.fotofreunde-lev.de\/wp-content\/uploads\/2017\/08\/Gletscher-3.jpg\" data-orig-size=\"1200,1010\" data-comments-opened=\"1\" data-image-meta=\"{&quot;aperture&quot;:&quot;0&quot;,&quot;credit&quot;:&quot;&quot;,&quot;camera&quot;:&quot;&quot;,&quot;caption&quot;:&quot;&quot;,&quot;created_timestamp&quot;:&quot;0&quot;,&quot;copyright&quot;:&quot;Gerhard Daniels&quot;,&quot;focal_length&quot;:&quot;0&quot;,&quot;iso&quot;:&quot;0&quot;,&quot;shutter_speed&quot;:&quot;0&quot;,&quot;title&quot;:&quot;&quot;,&quot;orientation&quot;:&quot;0&quot;,&quot;keywords&quot;:&quot;Array&quot;}\" data-image-title=\"Gletscher-3\" data-image-description=\"\" data-medium-file=\"https:\/\/www.fotofreunde-lev.de\/wp-content\/uploads\/2017\/08\/Gletscher-3-440x370.jpg\" data-large-file=\"https:\/\/www.fotofreunde-lev.de\/wp-content\/uploads\/2017\/08\/Gletscher-3-980x825.jpg\" src=\"https:\/\/www.fotofreunde-lev.de\/wp-content\/uploads\/2017\/08\/Gletscher-3.jpg?w=471&#038;h=396\" width=\"471\" height=\"396\" align=\"left\" title=\"Gletscher-3\" \/><\/a><div class=\"tiled-gallery-caption\">Wohnheim<\/div><\/div><\/div><\/div><div class=\"gallery-row\" style=\"width: 751px; height: 247px;\"><div class=\"gallery-group images-1\" style=\"width: 385px; height: 251px;\"><div class=\"tiled-gallery-item tiled-gallery-item-large\"><a href=\"https:\/\/www.fotofreunde-lev.de\/?attachment_id=4146\"><img loading=\"lazy\" decoding=\"async\" data-attachment-id=\"4146\" data-orig-file=\"https:\/\/www.fotofreunde-lev.de\/wp-content\/uploads\/2017\/08\/Wohnheim.jpg\" data-orig-size=\"1200,778\" data-comments-opened=\"1\" data-image-meta=\"{&quot;aperture&quot;:&quot;0&quot;,&quot;credit&quot;:&quot;&quot;,&quot;camera&quot;:&quot;&quot;,&quot;caption&quot;:&quot;&quot;,&quot;created_timestamp&quot;:&quot;0&quot;,&quot;copyright&quot;:&quot;Gerhard Daniels&quot;,&quot;focal_length&quot;:&quot;0&quot;,&quot;iso&quot;:&quot;0&quot;,&quot;shutter_speed&quot;:&quot;0&quot;,&quot;title&quot;:&quot;&quot;,&quot;orientation&quot;:&quot;0&quot;,&quot;keywords&quot;:&quot;Array&quot;}\" data-image-title=\"Wohnheim\" data-image-description=\"\" data-medium-file=\"https:\/\/www.fotofreunde-lev.de\/wp-content\/uploads\/2017\/08\/Wohnheim-440x285.jpg\" data-large-file=\"https:\/\/www.fotofreunde-lev.de\/wp-content\/uploads\/2017\/08\/Wohnheim-980x635.jpg\" src=\"https:\/\/www.fotofreunde-lev.de\/wp-content\/uploads\/2017\/08\/Wohnheim.jpg?w=381&#038;h=247\" width=\"381\" height=\"247\" align=\"left\" title=\"Wohnheim\" \/><\/a><div class=\"tiled-gallery-caption\">Wohnheim II<\/div><\/div><\/div><div class=\"gallery-group images-1\" style=\"width: 366px; height: 251px;\"><div class=\"tiled-gallery-item tiled-gallery-item-large\"><a href=\"https:\/\/www.fotofreunde-lev.de\/?attachment_id=4147\"><img loading=\"lazy\" decoding=\"async\" data-attachment-id=\"4147\" data-orig-file=\"https:\/\/www.fotofreunde-lev.de\/wp-content\/uploads\/2017\/08\/Balletsaal.jpg\" data-orig-size=\"1200,819\" data-comments-opened=\"1\" data-image-meta=\"{&quot;aperture&quot;:&quot;0&quot;,&quot;credit&quot;:&quot;&quot;,&quot;camera&quot;:&quot;&quot;,&quot;caption&quot;:&quot;&quot;,&quot;created_timestamp&quot;:&quot;0&quot;,&quot;copyright&quot;:&quot;Gerhard Daniels&quot;,&quot;focal_length&quot;:&quot;0&quot;,&quot;iso&quot;:&quot;0&quot;,&quot;shutter_speed&quot;:&quot;0&quot;,&quot;title&quot;:&quot;&quot;,&quot;orientation&quot;:&quot;0&quot;,&quot;keywords&quot;:&quot;Array&quot;}\" data-image-title=\"Balletsaal\" data-image-description=\"\" data-medium-file=\"https:\/\/www.fotofreunde-lev.de\/wp-content\/uploads\/2017\/08\/Balletsaal-440x300.jpg\" data-large-file=\"https:\/\/www.fotofreunde-lev.de\/wp-content\/uploads\/2017\/08\/Balletsaal-980x669.jpg\" src=\"https:\/\/www.fotofreunde-lev.de\/wp-content\/uploads\/2017\/08\/Balletsaal.jpg?w=362&#038;h=247\" width=\"362\" height=\"247\" align=\"left\" title=\"Balletsaal\" \/><\/a><div class=\"tiled-gallery-caption\">Ballettsaal<\/div><\/div><\/div><\/div><\/div>\n","protected":false},"excerpt":{"rendered":"<p>Pyramiden ist der Name einer ehemaligen Bergbausiedlung auf Spitzbergen. Die Bezeichnung geht wohl auf die Form der umgebenden Berge zur\u00fcck. Die Mine wurde zu Beginn des 20.Jahrhunderts von Schweden gegr\u00fcndet und sp\u00e4ter an die Sowjetunion verkauft. Bis 1998 wurde dort Bergbau betrieben. Der Ort war &hellip; <a href=\"https:\/\/www.fotofreunde-lev.de\/?p=4140\" class=\"more-link\"><span>Weiterlesen &#8230;<span class=\"screen-reader-text\">Pyramiden<\/span><\/span><\/a><\/p>\n","protected":false},"author":47,"featured_media":4142,"comment_status":"open","ping_status":"open","sticky":false,"template":"","format":"gallery","meta":{"footnotes":"","_links_to":"","_links_to_target":""},"categories":[4],"tags":[230,231,229],"class_list":["post-4140","post","type-post","status-publish","format-gallery","has-post-thumbnail","hentry","category-architektur","tag-architektur","tag-arktis","tag-spitzbergen","post_format-post-format-gallery"],"_links":{"self":[{"href":"https:\/\/www.fotofreunde-lev.de\/index.php?rest_route=\/wp\/v2\/posts\/4140","targetHints":{"allow":["GET"]}}],"collection":[{"href":"https:\/\/www.fotofreunde-lev.de\/index.php?rest_route=\/wp\/v2\/posts"}],"about":[{"href":"https:\/\/www.fotofreunde-lev.de\/index.php?rest_route=\/wp\/v2\/types\/post"}],"author":[{"embeddable":true,"href":"https:\/\/www.fotofreunde-lev.de\/index.php?rest_route=\/wp\/v2\/users\/47"}],"replies":[{"embeddable":true,"href":"https:\/\/www.fotofreunde-lev.de\/index.php?rest_route=%2Fwp%2Fv2%2Fcomments&post=4140"}],"version-history":[{"count":1,"href":"https:\/\/www.fotofreunde-lev.de\/index.php?rest_route=\/wp\/v2\/posts\/4140\/revisions"}],"predecessor-version":[{"id":4148,"href":"https:\/\/www.fotofreunde-lev.de\/index.php?rest_route=\/wp\/v2\/posts\/4140\/revisions\/4148"}],"wp:featuredmedia":[{"embeddable":true,"href":"https:\/\/www.fotofreunde-lev.de\/index.php?rest_route=\/wp\/v2\/media\/4142"}],"wp:attachment":[{"href":"https:\/\/www.fotofreunde-lev.de\/index.php?rest_route=%2Fwp%2Fv2%2Fmedia&parent=4140"}],"wp:term":[{"taxonomy":"category","embeddable":true,"href":"https:\/\/www.fotofreunde-lev.de\/index.php?rest_route=%2Fwp%2Fv2%2Fcategories&post=4140"},{"taxonomy":"post_tag","embeddable":true,"href":"https:\/\/www.fotofreunde-lev.de\/index.php?rest_route=%2Fwp%2Fv2%2Ftags&post=4140"}],"curies":[{"name":"wp","href":"https:\/\/api.w.org\/{rel}","templated":true}]}}