{"id":3947,"date":"2016-05-22T11:47:02","date_gmt":"2016-05-22T09:47:02","guid":{"rendered":"http:\/\/www.fotofreunde-lev.de\/?p=3947"},"modified":"2020-08-17T10:50:30","modified_gmt":"2020-08-17T08:50:30","slug":"panoramen-von-der-ostsee","status":"publish","type":"post","link":"https:\/\/www.fotofreunde-lev.de\/?p=3947","title":{"rendered":"Panoramen von der Ostsee"},"content":{"rendered":"<p>Die hier vorgestellten Aufnahmen wurden mit der Canon G11 in der Betriebsart <strong>stitch<\/strong> (Panorama-Funktion), mit 2 Aufnahmen pro Motiv,\u00a0 gemacht. \u00dcber einen Photomerger wurden die Aufnahmen am Rechner zusammengef\u00fcgt. Die Fotos sind entstanden im Bereich zwischen Eckernf\u00f6rde und Flensburg.<\/p>\n<div data-carousel-extra='{\"blog_id\":1,\"permalink\":\"https:\\\/\\\/www.fotofreunde-lev.de\\\/?p=3947\",\"likes_blog_id\":false}' class=\"tiled-gallery type-rectangular tiled-gallery-unresized\" data-original-width=\"756\"><div class=\"gallery-row\" style=\"width: 751px; height: 189px;\"><div class=\"gallery-group images-1\" style=\"width: 376px; height: 193px;\"><div class=\"tiled-gallery-item tiled-gallery-item-large\"><a href=\"https:\/\/www.fotofreunde-lev.de\/?attachment_id=3962\"><img loading=\"lazy\" decoding=\"async\" data-attachment-id=\"3962\" data-orig-file=\"https:\/\/www.fotofreunde-lev.de\/wp-content\/uploads\/2016\/05\/rbp_unterwegs-0002.jpg\" data-orig-size=\"1024,521\" data-comments-opened=\"1\" data-image-meta=\"{&quot;aperture&quot;:&quot;0&quot;,&quot;credit&quot;:&quot;&quot;,&quot;camera&quot;:&quot;&quot;,&quot;caption&quot;:&quot;&quot;,&quot;created_timestamp&quot;:&quot;1463676595&quot;,&quot;copyright&quot;:&quot;&quot;,&quot;focal_length&quot;:&quot;0&quot;,&quot;iso&quot;:&quot;0&quot;,&quot;shutter_speed&quot;:&quot;0&quot;,&quot;title&quot;:&quot;&quot;,&quot;orientation&quot;:&quot;1&quot;,&quot;keywords&quot;:&quot;Array&quot;}\" data-image-title=\"rbp_unterwegs  0002\" data-image-description=\"\" data-medium-file=\"https:\/\/www.fotofreunde-lev.de\/wp-content\/uploads\/2016\/05\/rbp_unterwegs-0002-440x224.jpg\" data-large-file=\"https:\/\/www.fotofreunde-lev.de\/wp-content\/uploads\/2016\/05\/rbp_unterwegs-0002-980x499.jpg\" src=\"https:\/\/www.fotofreunde-lev.de\/wp-content\/uploads\/2016\/05\/rbp_unterwegs-0002.jpg?w=372&#038;h=189\" width=\"372\" height=\"189\" align=\"left\" title=\"rbp_unterwegs  0002\" \/><\/a><\/div><\/div><div class=\"gallery-group images-1\" style=\"width: 375px; height: 193px;\"><div class=\"tiled-gallery-item tiled-gallery-item-large\"><a href=\"https:\/\/www.fotofreunde-lev.de\/?attachment_id=3963\"><img loading=\"lazy\" decoding=\"async\" data-attachment-id=\"3963\" data-orig-file=\"https:\/\/www.fotofreunde-lev.de\/wp-content\/uploads\/2016\/05\/rbp_unterwegs-0004.jpg\" data-orig-size=\"1024,521\" data-comments-opened=\"1\" data-image-meta=\"{&quot;aperture&quot;:&quot;0&quot;,&quot;credit&quot;:&quot;&quot;,&quot;camera&quot;:&quot;&quot;,&quot;caption&quot;:&quot;&quot;,&quot;created_timestamp&quot;:&quot;0&quot;,&quot;copyright&quot;:&quot;&quot;,&quot;focal_length&quot;:&quot;0&quot;,&quot;iso&quot;:&quot;0&quot;,&quot;shutter_speed&quot;:&quot;0&quot;,&quot;title&quot;:&quot;&quot;,&quot;orientation&quot;:&quot;1&quot;,&quot;keywords&quot;:&quot;Array&quot;}\" data-image-title=\"rbp_unterwegs  0004\" data-image-description=\"\" data-medium-file=\"https:\/\/www.fotofreunde-lev.de\/wp-content\/uploads\/2016\/05\/rbp_unterwegs-0004-440x224.jpg\" data-large-file=\"https:\/\/www.fotofreunde-lev.de\/wp-content\/uploads\/2016\/05\/rbp_unterwegs-0004-980x499.jpg\" src=\"https:\/\/www.fotofreunde-lev.de\/wp-content\/uploads\/2016\/05\/rbp_unterwegs-0004.jpg?w=371&#038;h=189\" width=\"371\" height=\"189\" align=\"left\" title=\"rbp_unterwegs  0004\" \/><\/a><\/div><\/div><\/div><div class=\"gallery-row\" style=\"width: 751px; height: 189px;\"><div class=\"gallery-group images-1\" style=\"width: 376px; height: 193px;\"><div class=\"tiled-gallery-item tiled-gallery-item-large\"><a href=\"https:\/\/www.fotofreunde-lev.de\/?attachment_id=3964\"><img loading=\"lazy\" decoding=\"async\" data-attachment-id=\"3964\" data-orig-file=\"https:\/\/www.fotofreunde-lev.de\/wp-content\/uploads\/2016\/05\/rbp_unterwegs-0006.jpg\" data-orig-size=\"1024,521\" data-comments-opened=\"1\" data-image-meta=\"{&quot;aperture&quot;:&quot;0&quot;,&quot;credit&quot;:&quot;&quot;,&quot;camera&quot;:&quot;&quot;,&quot;caption&quot;:&quot;&quot;,&quot;created_timestamp&quot;:&quot;0&quot;,&quot;copyright&quot;:&quot;&quot;,&quot;focal_length&quot;:&quot;0&quot;,&quot;iso&quot;:&quot;0&quot;,&quot;shutter_speed&quot;:&quot;0&quot;,&quot;title&quot;:&quot;&quot;,&quot;orientation&quot;:&quot;0&quot;,&quot;keywords&quot;:&quot;Array&quot;}\" data-image-title=\"rbp_unterwegs  0006\" data-image-description=\"\" data-medium-file=\"https:\/\/www.fotofreunde-lev.de\/wp-content\/uploads\/2016\/05\/rbp_unterwegs-0006-440x224.jpg\" data-large-file=\"https:\/\/www.fotofreunde-lev.de\/wp-content\/uploads\/2016\/05\/rbp_unterwegs-0006-980x499.jpg\" src=\"https:\/\/www.fotofreunde-lev.de\/wp-content\/uploads\/2016\/05\/rbp_unterwegs-0006.jpg?w=372&#038;h=189\" width=\"372\" height=\"189\" align=\"left\" title=\"rbp_unterwegs  0006\" \/><\/a><\/div><\/div><div class=\"gallery-group images-1\" style=\"width: 375px; height: 193px;\"><div class=\"tiled-gallery-item tiled-gallery-item-large\"><a href=\"https:\/\/www.fotofreunde-lev.de\/?attachment_id=3965\"><img loading=\"lazy\" decoding=\"async\" data-attachment-id=\"3965\" data-orig-file=\"https:\/\/www.fotofreunde-lev.de\/wp-content\/uploads\/2016\/05\/rbp_unterwegs-0008.jpg\" data-orig-size=\"1024,521\" data-comments-opened=\"1\" data-image-meta=\"{&quot;aperture&quot;:&quot;0&quot;,&quot;credit&quot;:&quot;&quot;,&quot;camera&quot;:&quot;&quot;,&quot;caption&quot;:&quot;&quot;,&quot;created_timestamp&quot;:&quot;0&quot;,&quot;copyright&quot;:&quot;&quot;,&quot;focal_length&quot;:&quot;0&quot;,&quot;iso&quot;:&quot;0&quot;,&quot;shutter_speed&quot;:&quot;0&quot;,&quot;title&quot;:&quot;&quot;,&quot;orientation&quot;:&quot;0&quot;,&quot;keywords&quot;:&quot;Array&quot;}\" data-image-title=\"rbp_unterwegs  0008\" data-image-description=\"\" data-medium-file=\"https:\/\/www.fotofreunde-lev.de\/wp-content\/uploads\/2016\/05\/rbp_unterwegs-0008-440x224.jpg\" data-large-file=\"https:\/\/www.fotofreunde-lev.de\/wp-content\/uploads\/2016\/05\/rbp_unterwegs-0008-980x499.jpg\" src=\"https:\/\/www.fotofreunde-lev.de\/wp-content\/uploads\/2016\/05\/rbp_unterwegs-0008.jpg?w=371&#038;h=189\" width=\"371\" height=\"189\" align=\"left\" title=\"rbp_unterwegs  0008\" \/><\/a><\/div><\/div><\/div><div class=\"gallery-row\" style=\"width: 751px; height: 186px;\"><div class=\"gallery-group images-1\" style=\"width: 369px; height: 190px;\"><div class=\"tiled-gallery-item tiled-gallery-item-large\"><a href=\"https:\/\/www.fotofreunde-lev.de\/?attachment_id=3966\"><img loading=\"lazy\" decoding=\"async\" data-attachment-id=\"3966\" data-orig-file=\"https:\/\/www.fotofreunde-lev.de\/wp-content\/uploads\/2016\/05\/rbp_unterwegs-0010.jpg\" data-orig-size=\"1024,521\" data-comments-opened=\"1\" data-image-meta=\"{&quot;aperture&quot;:&quot;0&quot;,&quot;credit&quot;:&quot;&quot;,&quot;camera&quot;:&quot;&quot;,&quot;caption&quot;:&quot;&quot;,&quot;created_timestamp&quot;:&quot;0&quot;,&quot;copyright&quot;:&quot;&quot;,&quot;focal_length&quot;:&quot;0&quot;,&quot;iso&quot;:&quot;0&quot;,&quot;shutter_speed&quot;:&quot;0&quot;,&quot;title&quot;:&quot;&quot;,&quot;orientation&quot;:&quot;0&quot;,&quot;keywords&quot;:&quot;Array&quot;}\" data-image-title=\"rbp_unterwegs  0010\" data-image-description=\"\" data-medium-file=\"https:\/\/www.fotofreunde-lev.de\/wp-content\/uploads\/2016\/05\/rbp_unterwegs-0010-440x224.jpg\" data-large-file=\"https:\/\/www.fotofreunde-lev.de\/wp-content\/uploads\/2016\/05\/rbp_unterwegs-0010-980x499.jpg\" src=\"https:\/\/www.fotofreunde-lev.de\/wp-content\/uploads\/2016\/05\/rbp_unterwegs-0010.jpg?w=365&#038;h=186\" width=\"365\" height=\"186\" align=\"left\" title=\"rbp_unterwegs  0010\" \/><\/a><\/div><\/div><div class=\"gallery-group images-1\" style=\"width: 382px; height: 190px;\"><div class=\"tiled-gallery-item tiled-gallery-item-large\"><a href=\"https:\/\/www.fotofreunde-lev.de\/?attachment_id=3967\"><img loading=\"lazy\" decoding=\"async\" data-attachment-id=\"3967\" data-orig-file=\"https:\/\/www.fotofreunde-lev.de\/wp-content\/uploads\/2016\/05\/rbp_unterwegs-0011.jpg\" data-orig-size=\"1024,502\" data-comments-opened=\"1\" data-image-meta=\"{&quot;aperture&quot;:&quot;0&quot;,&quot;credit&quot;:&quot;&quot;,&quot;camera&quot;:&quot;&quot;,&quot;caption&quot;:&quot;&quot;,&quot;created_timestamp&quot;:&quot;0&quot;,&quot;copyright&quot;:&quot;&quot;,&quot;focal_length&quot;:&quot;0&quot;,&quot;iso&quot;:&quot;0&quot;,&quot;shutter_speed&quot;:&quot;0&quot;,&quot;title&quot;:&quot;&quot;,&quot;orientation&quot;:&quot;0&quot;,&quot;keywords&quot;:&quot;Array&quot;}\" data-image-title=\"rbp_unterwegs  0011\" data-image-description=\"\" data-medium-file=\"https:\/\/www.fotofreunde-lev.de\/wp-content\/uploads\/2016\/05\/rbp_unterwegs-0011-440x216.jpg\" data-large-file=\"https:\/\/www.fotofreunde-lev.de\/wp-content\/uploads\/2016\/05\/rbp_unterwegs-0011-980x480.jpg\" src=\"https:\/\/www.fotofreunde-lev.de\/wp-content\/uploads\/2016\/05\/rbp_unterwegs-0011.jpg?w=378&#038;h=186\" width=\"378\" height=\"186\" align=\"left\" title=\"rbp_unterwegs  0011\" \/><\/a><\/div><\/div><\/div><div class=\"gallery-row\" style=\"width: 751px; height: 189px;\"><div class=\"gallery-group images-1\" style=\"width: 376px; height: 193px;\"><div class=\"tiled-gallery-item tiled-gallery-item-large\"><a href=\"https:\/\/www.fotofreunde-lev.de\/?attachment_id=3968\"><img loading=\"lazy\" decoding=\"async\" data-attachment-id=\"3968\" data-orig-file=\"https:\/\/www.fotofreunde-lev.de\/wp-content\/uploads\/2016\/05\/rbp_unterwegs-0037.jpg\" data-orig-size=\"1024,521\" data-comments-opened=\"1\" data-image-meta=\"{&quot;aperture&quot;:&quot;0&quot;,&quot;credit&quot;:&quot;&quot;,&quot;camera&quot;:&quot;&quot;,&quot;caption&quot;:&quot;&quot;,&quot;created_timestamp&quot;:&quot;0&quot;,&quot;copyright&quot;:&quot;&quot;,&quot;focal_length&quot;:&quot;0&quot;,&quot;iso&quot;:&quot;0&quot;,&quot;shutter_speed&quot;:&quot;0&quot;,&quot;title&quot;:&quot;&quot;,&quot;orientation&quot;:&quot;0&quot;,&quot;keywords&quot;:&quot;Array&quot;}\" data-image-title=\"rbp_unterwegs  0037\" data-image-description=\"\" data-medium-file=\"https:\/\/www.fotofreunde-lev.de\/wp-content\/uploads\/2016\/05\/rbp_unterwegs-0037-440x224.jpg\" data-large-file=\"https:\/\/www.fotofreunde-lev.de\/wp-content\/uploads\/2016\/05\/rbp_unterwegs-0037-980x499.jpg\" src=\"https:\/\/www.fotofreunde-lev.de\/wp-content\/uploads\/2016\/05\/rbp_unterwegs-0037.jpg?w=372&#038;h=189\" width=\"372\" height=\"189\" align=\"left\" title=\"rbp_unterwegs  0037\" \/><\/a><\/div><\/div><div class=\"gallery-group images-1\" style=\"width: 375px; height: 193px;\"><div class=\"tiled-gallery-item tiled-gallery-item-large\"><a href=\"https:\/\/www.fotofreunde-lev.de\/?attachment_id=3969\"><img loading=\"lazy\" decoding=\"async\" data-attachment-id=\"3969\" data-orig-file=\"https:\/\/www.fotofreunde-lev.de\/wp-content\/uploads\/2016\/05\/rbp_unterwegs-0038.jpg\" data-orig-size=\"1024,521\" data-comments-opened=\"1\" data-image-meta=\"{&quot;aperture&quot;:&quot;0&quot;,&quot;credit&quot;:&quot;&quot;,&quot;camera&quot;:&quot;&quot;,&quot;caption&quot;:&quot;&quot;,&quot;created_timestamp&quot;:&quot;0&quot;,&quot;copyright&quot;:&quot;&quot;,&quot;focal_length&quot;:&quot;0&quot;,&quot;iso&quot;:&quot;0&quot;,&quot;shutter_speed&quot;:&quot;0&quot;,&quot;title&quot;:&quot;&quot;,&quot;orientation&quot;:&quot;0&quot;,&quot;keywords&quot;:&quot;Array&quot;}\" data-image-title=\"rbp_unterwegs  0038\" data-image-description=\"\" data-medium-file=\"https:\/\/www.fotofreunde-lev.de\/wp-content\/uploads\/2016\/05\/rbp_unterwegs-0038-440x224.jpg\" data-large-file=\"https:\/\/www.fotofreunde-lev.de\/wp-content\/uploads\/2016\/05\/rbp_unterwegs-0038-980x499.jpg\" src=\"https:\/\/www.fotofreunde-lev.de\/wp-content\/uploads\/2016\/05\/rbp_unterwegs-0038.jpg?w=371&#038;h=189\" width=\"371\" height=\"189\" align=\"left\" title=\"rbp_unterwegs  0038\" \/><\/a><\/div><\/div><\/div><div class=\"gallery-row\" style=\"width: 751px; height: 189px;\"><div class=\"gallery-group images-1\" style=\"width: 376px; height: 193px;\"><div class=\"tiled-gallery-item tiled-gallery-item-large\"><a href=\"https:\/\/www.fotofreunde-lev.de\/?attachment_id=3970\"><img loading=\"lazy\" decoding=\"async\" data-attachment-id=\"3970\" data-orig-file=\"https:\/\/www.fotofreunde-lev.de\/wp-content\/uploads\/2016\/05\/rbp_unterwegs-0045.jpg\" data-orig-size=\"1024,521\" data-comments-opened=\"1\" data-image-meta=\"{&quot;aperture&quot;:&quot;0&quot;,&quot;credit&quot;:&quot;&quot;,&quot;camera&quot;:&quot;&quot;,&quot;caption&quot;:&quot;&quot;,&quot;created_timestamp&quot;:&quot;0&quot;,&quot;copyright&quot;:&quot;&quot;,&quot;focal_length&quot;:&quot;0&quot;,&quot;iso&quot;:&quot;0&quot;,&quot;shutter_speed&quot;:&quot;0&quot;,&quot;title&quot;:&quot;&quot;,&quot;orientation&quot;:&quot;0&quot;,&quot;keywords&quot;:&quot;Array&quot;}\" data-image-title=\"rbp_unterwegs  0045\" data-image-description=\"\" data-medium-file=\"https:\/\/www.fotofreunde-lev.de\/wp-content\/uploads\/2016\/05\/rbp_unterwegs-0045-440x224.jpg\" data-large-file=\"https:\/\/www.fotofreunde-lev.de\/wp-content\/uploads\/2016\/05\/rbp_unterwegs-0045-980x499.jpg\" src=\"https:\/\/www.fotofreunde-lev.de\/wp-content\/uploads\/2016\/05\/rbp_unterwegs-0045.jpg?w=372&#038;h=189\" width=\"372\" height=\"189\" align=\"left\" title=\"rbp_unterwegs  0045\" \/><\/a><\/div><\/div><div class=\"gallery-group images-1\" style=\"width: 375px; height: 193px;\"><div class=\"tiled-gallery-item tiled-gallery-item-large\"><a href=\"https:\/\/www.fotofreunde-lev.de\/?attachment_id=3971\"><img loading=\"lazy\" decoding=\"async\" data-attachment-id=\"3971\" data-orig-file=\"https:\/\/www.fotofreunde-lev.de\/wp-content\/uploads\/2016\/05\/rbp_unterwegs-0046.jpg\" data-orig-size=\"1024,521\" data-comments-opened=\"1\" data-image-meta=\"{&quot;aperture&quot;:&quot;0&quot;,&quot;credit&quot;:&quot;&quot;,&quot;camera&quot;:&quot;&quot;,&quot;caption&quot;:&quot;&quot;,&quot;created_timestamp&quot;:&quot;0&quot;,&quot;copyright&quot;:&quot;&quot;,&quot;focal_length&quot;:&quot;0&quot;,&quot;iso&quot;:&quot;0&quot;,&quot;shutter_speed&quot;:&quot;0&quot;,&quot;title&quot;:&quot;&quot;,&quot;orientation&quot;:&quot;0&quot;,&quot;keywords&quot;:&quot;Array&quot;}\" data-image-title=\"rbp_unterwegs  0046\" data-image-description=\"\" data-medium-file=\"https:\/\/www.fotofreunde-lev.de\/wp-content\/uploads\/2016\/05\/rbp_unterwegs-0046-440x224.jpg\" data-large-file=\"https:\/\/www.fotofreunde-lev.de\/wp-content\/uploads\/2016\/05\/rbp_unterwegs-0046-980x499.jpg\" src=\"https:\/\/www.fotofreunde-lev.de\/wp-content\/uploads\/2016\/05\/rbp_unterwegs-0046.jpg?w=371&#038;h=189\" width=\"371\" height=\"189\" align=\"left\" title=\"rbp_unterwegs  0046\" \/><\/a><\/div><\/div><\/div><\/div>\n<p>&nbsp;<\/p>\n","protected":false},"excerpt":{"rendered":"<p>Die hier vorgestellten Aufnahmen wurden mit der Canon G11 in der Betriebsart stitch (Panorama-Funktion), mit 2 Aufnahmen pro Motiv,\u00a0 gemacht. \u00dcber einen Photomerger wurden die Aufnahmen am Rechner zusammengef\u00fcgt. Die Fotos sind entstanden im Bereich zwischen Eckernf\u00f6rde und Flensburg. &nbsp;<\/p>\n","protected":false},"author":16,"featured_media":3969,"comment_status":"open","ping_status":"open","sticky":false,"template":"","format":"gallery","meta":{"footnotes":"","_links_to":"","_links_to_target":""},"categories":[23],"tags":[289,290,288],"class_list":["post-3947","post","type-post","status-publish","format-gallery","has-post-thumbnail","hentry","category-landschaft","tag-eckernfoerde","tag-flensburg","tag-ostsee","post_format-post-format-gallery"],"_links":{"self":[{"href":"https:\/\/www.fotofreunde-lev.de\/index.php?rest_route=\/wp\/v2\/posts\/3947","targetHints":{"allow":["GET"]}}],"collection":[{"href":"https:\/\/www.fotofreunde-lev.de\/index.php?rest_route=\/wp\/v2\/posts"}],"about":[{"href":"https:\/\/www.fotofreunde-lev.de\/index.php?rest_route=\/wp\/v2\/types\/post"}],"author":[{"embeddable":true,"href":"https:\/\/www.fotofreunde-lev.de\/index.php?rest_route=\/wp\/v2\/users\/16"}],"replies":[{"embeddable":true,"href":"https:\/\/www.fotofreunde-lev.de\/index.php?rest_route=%2Fwp%2Fv2%2Fcomments&post=3947"}],"version-history":[{"count":6,"href":"https:\/\/www.fotofreunde-lev.de\/index.php?rest_route=\/wp\/v2\/posts\/3947\/revisions"}],"predecessor-version":[{"id":3975,"href":"https:\/\/www.fotofreunde-lev.de\/index.php?rest_route=\/wp\/v2\/posts\/3947\/revisions\/3975"}],"wp:featuredmedia":[{"embeddable":true,"href":"https:\/\/www.fotofreunde-lev.de\/index.php?rest_route=\/wp\/v2\/media\/3969"}],"wp:attachment":[{"href":"https:\/\/www.fotofreunde-lev.de\/index.php?rest_route=%2Fwp%2Fv2%2Fmedia&parent=3947"}],"wp:term":[{"taxonomy":"category","embeddable":true,"href":"https:\/\/www.fotofreunde-lev.de\/index.php?rest_route=%2Fwp%2Fv2%2Fcategories&post=3947"},{"taxonomy":"post_tag","embeddable":true,"href":"https:\/\/www.fotofreunde-lev.de\/index.php?rest_route=%2Fwp%2Fv2%2Ftags&post=3947"}],"curies":[{"name":"wp","href":"https:\/\/api.w.org\/{rel}","templated":true}]}}