{"id":3874,"date":"2016-05-13T00:10:53","date_gmt":"2016-05-12T22:10:53","guid":{"rendered":"http:\/\/www.fotofreunde-lev.de\/?p=3874"},"modified":"2016-05-30T21:01:44","modified_gmt":"2016-05-30T19:01:44","slug":"fotowalk-in-luettich-bahnhof-guillemins","status":"publish","type":"post","link":"https:\/\/www.fotofreunde-lev.de\/?p=3874","title":{"rendered":"Fotowalk in L\u00fcttich, Bahnhof Guillemins"},"content":{"rendered":"<p>Am 23.04.2016 waren wir Fotoclubber (fast alle) zusammen in L\u00fcttich, um uns einmal mit dem Bahnhof Guillemins zu befassen.<\/p>\n<p>Der Bahnhof Li\u00e8ge-Guillemins ist der wichtigste Bahnhof der in der belgischen Region Wallonien gelegenen Stadt L\u00fcttich.\u00a0Mit Beginn der Hochgeschwindigkeitsz\u00fcge galt der alte Bahnhof L\u00fcttich-Guillemins nicht mehr als zeitgem\u00e4\u00df. Die Bahnsteige waren zu schmal und zu stark gekr\u00fcmmt, au\u00dferdem sah der gesamte Bahnhofsbereich heruntergekommen aus. Der nach durchgreifendem Um- und Neubau im September 2009 in seiner heutigen Gestalt in Betrieb genommene Bahnhof befindet sich etwas au\u00dferhalb der Innenstadt, im Stadtteil Guillemins. Er ist Halt von Thalys- und Intercity-Express-Z\u00fcgen und damit ein Knotenpunkt im europ\u00e4ischen Hochgeschwindigkeitsnetz. Er wird pro Tag von rund 500 Z\u00fcgen angefahren.<\/p>\n<div data-carousel-extra='{\"blog_id\":1,\"permalink\":\"https:\\\/\\\/www.fotofreunde-lev.de\\\/?p=3874\",\"likes_blog_id\":false}' class=\"tiled-gallery type-rectangular tiled-gallery-unresized\" data-original-width=\"756\"><div class=\"gallery-row\" style=\"width: 751px; height: 332px;\"><div class=\"gallery-group images-1\" style=\"width: 501px; height: 336px;\"><div class=\"tiled-gallery-item tiled-gallery-item-large\"><a href=\"https:\/\/www.fotofreunde-lev.de\/?attachment_id=3877\"><img loading=\"lazy\" decoding=\"async\" data-attachment-id=\"3877\" data-orig-file=\"https:\/\/www.fotofreunde-lev.de\/wp-content\/uploads\/2016\/05\/liegeTeam2.jpg\" data-orig-size=\"1200,800\" data-comments-opened=\"1\" data-image-meta=\"{&quot;aperture&quot;:&quot;0&quot;,&quot;credit&quot;:&quot;&quot;,&quot;camera&quot;:&quot;&quot;,&quot;caption&quot;:&quot;&quot;,&quot;created_timestamp&quot;:&quot;0&quot;,&quot;copyright&quot;:&quot;&quot;,&quot;focal_length&quot;:&quot;0&quot;,&quot;iso&quot;:&quot;0&quot;,&quot;shutter_speed&quot;:&quot;0&quot;,&quot;title&quot;:&quot;&quot;,&quot;orientation&quot;:&quot;0&quot;,&quot;keywords&quot;:&quot;Array&quot;}\" data-image-title=\"liegeTeam2\" data-image-description=\"\" data-medium-file=\"https:\/\/www.fotofreunde-lev.de\/wp-content\/uploads\/2016\/05\/liegeTeam2-440x293.jpg\" data-large-file=\"https:\/\/www.fotofreunde-lev.de\/wp-content\/uploads\/2016\/05\/liegeTeam2-980x653.jpg\" src=\"https:\/\/www.fotofreunde-lev.de\/wp-content\/uploads\/2016\/05\/liegeTeam2.jpg?w=497&#038;h=332\" width=\"497\" height=\"332\" align=\"left\" title=\"liegeTeam2\" \/><\/a><\/div><\/div><div class=\"gallery-group images-2\" style=\"width: 250px; height: 336px;\"><div class=\"tiled-gallery-item tiled-gallery-item-small\"><a href=\"https:\/\/www.fotofreunde-lev.de\/?attachment_id=3876\"><img loading=\"lazy\" decoding=\"async\" data-attachment-id=\"3876\" data-orig-file=\"https:\/\/www.fotofreunde-lev.de\/wp-content\/uploads\/2016\/05\/liegeTeam1.jpg\" data-orig-size=\"1200,800\" data-comments-opened=\"1\" data-image-meta=\"{&quot;aperture&quot;:&quot;0&quot;,&quot;credit&quot;:&quot;&quot;,&quot;camera&quot;:&quot;&quot;,&quot;caption&quot;:&quot;&quot;,&quot;created_timestamp&quot;:&quot;0&quot;,&quot;copyright&quot;:&quot;&quot;,&quot;focal_length&quot;:&quot;0&quot;,&quot;iso&quot;:&quot;0&quot;,&quot;shutter_speed&quot;:&quot;0&quot;,&quot;title&quot;:&quot;&quot;,&quot;orientation&quot;:&quot;0&quot;,&quot;keywords&quot;:&quot;Array&quot;}\" data-image-title=\"liegeTeam1\" data-image-description=\"\" data-medium-file=\"https:\/\/www.fotofreunde-lev.de\/wp-content\/uploads\/2016\/05\/liegeTeam1-440x293.jpg\" data-large-file=\"https:\/\/www.fotofreunde-lev.de\/wp-content\/uploads\/2016\/05\/liegeTeam1-980x653.jpg\" src=\"https:\/\/www.fotofreunde-lev.de\/wp-content\/uploads\/2016\/05\/liegeTeam1.jpg?w=246&#038;h=164\" width=\"246\" height=\"164\" align=\"left\" title=\"liegeTeam1\" \/><\/a><\/div><div class=\"tiled-gallery-item tiled-gallery-item-small\"><a href=\"https:\/\/www.fotofreunde-lev.de\/?attachment_id=3879\"><img loading=\"lazy\" decoding=\"async\" data-attachment-id=\"3879\" data-orig-file=\"https:\/\/www.fotofreunde-lev.de\/wp-content\/uploads\/2016\/05\/DSC07070_2Mpx.jpg\" data-orig-size=\"1800,1200\" data-comments-opened=\"1\" data-image-meta=\"{&quot;aperture&quot;:&quot;4&quot;,&quot;credit&quot;:&quot;&quot;,&quot;camera&quot;:&quot;ILCE-7&quot;,&quot;caption&quot;:&quot;&quot;,&quot;created_timestamp&quot;:&quot;1461413485&quot;,&quot;copyright&quot;:&quot;&quot;,&quot;focal_length&quot;:&quot;196&quot;,&quot;iso&quot;:&quot;160&quot;,&quot;shutter_speed&quot;:&quot;0.005&quot;,&quot;title&quot;:&quot;&quot;,&quot;orientation&quot;:&quot;1&quot;,&quot;keywords&quot;:&quot;Array&quot;}\" data-image-title=\"DSC07070_2Mpx\" data-image-description=\"\" data-medium-file=\"https:\/\/www.fotofreunde-lev.de\/wp-content\/uploads\/2016\/05\/DSC07070_2Mpx-440x293.jpg\" data-large-file=\"https:\/\/www.fotofreunde-lev.de\/wp-content\/uploads\/2016\/05\/DSC07070_2Mpx-980x653.jpg\" src=\"https:\/\/www.fotofreunde-lev.de\/wp-content\/uploads\/2016\/05\/DSC07070_2Mpx.jpg?w=246&#038;h=164\" width=\"246\" height=\"164\" align=\"left\" title=\"DSC07070_2Mpx\" \/><\/a><\/div><\/div><\/div><div class=\"gallery-row\" style=\"width: 751px; height: 164px;\"><div class=\"gallery-group images-1\" style=\"width: 251px; height: 168px;\"><div class=\"tiled-gallery-item tiled-gallery-item-small\"><a href=\"https:\/\/www.fotofreunde-lev.de\/?attachment_id=3880\"><img loading=\"lazy\" decoding=\"async\" data-attachment-id=\"3880\" data-orig-file=\"https:\/\/www.fotofreunde-lev.de\/wp-content\/uploads\/2016\/05\/DSC07072_2Mpx.jpg\" data-orig-size=\"1800,1200\" data-comments-opened=\"1\" data-image-meta=\"{&quot;aperture&quot;:&quot;4&quot;,&quot;credit&quot;:&quot;&quot;,&quot;camera&quot;:&quot;ILCE-7&quot;,&quot;caption&quot;:&quot;&quot;,&quot;created_timestamp&quot;:&quot;1461413492&quot;,&quot;copyright&quot;:&quot;&quot;,&quot;focal_length&quot;:&quot;200&quot;,&quot;iso&quot;:&quot;200&quot;,&quot;shutter_speed&quot;:&quot;0.004&quot;,&quot;title&quot;:&quot;&quot;,&quot;orientation&quot;:&quot;1&quot;,&quot;keywords&quot;:&quot;Array&quot;}\" data-image-title=\"DSC07072_2Mpx\" data-image-description=\"\" data-medium-file=\"https:\/\/www.fotofreunde-lev.de\/wp-content\/uploads\/2016\/05\/DSC07072_2Mpx-440x293.jpg\" data-large-file=\"https:\/\/www.fotofreunde-lev.de\/wp-content\/uploads\/2016\/05\/DSC07072_2Mpx-980x653.jpg\" src=\"https:\/\/www.fotofreunde-lev.de\/wp-content\/uploads\/2016\/05\/DSC07072_2Mpx.jpg?w=247&#038;h=164\" width=\"247\" height=\"164\" align=\"left\" title=\"DSC07072_2Mpx\" \/><\/a><\/div><\/div><div class=\"gallery-group images-1\" style=\"width: 250px; height: 168px;\"><div class=\"tiled-gallery-item tiled-gallery-item-small\"><a href=\"https:\/\/www.fotofreunde-lev.de\/?attachment_id=3881\"><img loading=\"lazy\" decoding=\"async\" data-attachment-id=\"3881\" data-orig-file=\"https:\/\/www.fotofreunde-lev.de\/wp-content\/uploads\/2016\/05\/DSC07089_2Mpx.jpg\" data-orig-size=\"1800,1200\" data-comments-opened=\"1\" data-image-meta=\"{&quot;aperture&quot;:&quot;4&quot;,&quot;credit&quot;:&quot;&quot;,&quot;camera&quot;:&quot;ILCE-7&quot;,&quot;caption&quot;:&quot;&quot;,&quot;created_timestamp&quot;:&quot;1461416015&quot;,&quot;copyright&quot;:&quot;&quot;,&quot;focal_length&quot;:&quot;200&quot;,&quot;iso&quot;:&quot;125&quot;,&quot;shutter_speed&quot;:&quot;0.004&quot;,&quot;title&quot;:&quot;&quot;,&quot;orientation&quot;:&quot;1&quot;,&quot;keywords&quot;:&quot;Array&quot;}\" data-image-title=\"DSC07089_2Mpx\" data-image-description=\"\" data-medium-file=\"https:\/\/www.fotofreunde-lev.de\/wp-content\/uploads\/2016\/05\/DSC07089_2Mpx-440x293.jpg\" data-large-file=\"https:\/\/www.fotofreunde-lev.de\/wp-content\/uploads\/2016\/05\/DSC07089_2Mpx-980x653.jpg\" src=\"https:\/\/www.fotofreunde-lev.de\/wp-content\/uploads\/2016\/05\/DSC07089_2Mpx.jpg?w=246&#038;h=164\" width=\"246\" height=\"164\" align=\"left\" title=\"DSC07089_2Mpx\" \/><\/a><\/div><\/div><div class=\"gallery-group images-1\" style=\"width: 250px; height: 168px;\"><div class=\"tiled-gallery-item tiled-gallery-item-small\"><a href=\"https:\/\/www.fotofreunde-lev.de\/?attachment_id=3882\"><img loading=\"lazy\" decoding=\"async\" data-attachment-id=\"3882\" data-orig-file=\"https:\/\/www.fotofreunde-lev.de\/wp-content\/uploads\/2016\/05\/DSC07101_2Mpx.jpg\" data-orig-size=\"1800,1200\" data-comments-opened=\"1\" data-image-meta=\"{&quot;aperture&quot;:&quot;4&quot;,&quot;credit&quot;:&quot;&quot;,&quot;camera&quot;:&quot;ILCE-7&quot;,&quot;caption&quot;:&quot;&quot;,&quot;created_timestamp&quot;:&quot;1461416216&quot;,&quot;copyright&quot;:&quot;&quot;,&quot;focal_length&quot;:&quot;118&quot;,&quot;iso&quot;:&quot;100&quot;,&quot;shutter_speed&quot;:&quot;0.0025&quot;,&quot;title&quot;:&quot;&quot;,&quot;orientation&quot;:&quot;1&quot;,&quot;keywords&quot;:&quot;Array&quot;}\" data-image-title=\"DSC07101_2Mpx\" data-image-description=\"\" data-medium-file=\"https:\/\/www.fotofreunde-lev.de\/wp-content\/uploads\/2016\/05\/DSC07101_2Mpx-440x293.jpg\" data-large-file=\"https:\/\/www.fotofreunde-lev.de\/wp-content\/uploads\/2016\/05\/DSC07101_2Mpx-980x653.jpg\" src=\"https:\/\/www.fotofreunde-lev.de\/wp-content\/uploads\/2016\/05\/DSC07101_2Mpx.jpg?w=246&#038;h=164\" width=\"246\" height=\"164\" align=\"left\" title=\"DSC07101_2Mpx\" \/><\/a><\/div><\/div><\/div><div class=\"gallery-row\" style=\"width: 751px; height: 332px;\"><div class=\"gallery-group images-2\" style=\"width: 250px; height: 336px;\"><div class=\"tiled-gallery-item tiled-gallery-item-small\"><a href=\"https:\/\/www.fotofreunde-lev.de\/?attachment_id=3883\"><img loading=\"lazy\" decoding=\"async\" data-attachment-id=\"3883\" data-orig-file=\"https:\/\/www.fotofreunde-lev.de\/wp-content\/uploads\/2016\/05\/DSC07107_2Mpx.jpg\" data-orig-size=\"1800,1200\" data-comments-opened=\"1\" data-image-meta=\"{&quot;aperture&quot;:&quot;4&quot;,&quot;credit&quot;:&quot;&quot;,&quot;camera&quot;:&quot;ILCE-7&quot;,&quot;caption&quot;:&quot;&quot;,&quot;created_timestamp&quot;:&quot;1461416288&quot;,&quot;copyright&quot;:&quot;&quot;,&quot;focal_length&quot;:&quot;127&quot;,&quot;iso&quot;:&quot;100&quot;,&quot;shutter_speed&quot;:&quot;0.002&quot;,&quot;title&quot;:&quot;&quot;,&quot;orientation&quot;:&quot;1&quot;,&quot;keywords&quot;:&quot;Array&quot;}\" data-image-title=\"DSC07107_2Mpx\" data-image-description=\"\" data-medium-file=\"https:\/\/www.fotofreunde-lev.de\/wp-content\/uploads\/2016\/05\/DSC07107_2Mpx-440x293.jpg\" data-large-file=\"https:\/\/www.fotofreunde-lev.de\/wp-content\/uploads\/2016\/05\/DSC07107_2Mpx-980x653.jpg\" src=\"https:\/\/www.fotofreunde-lev.de\/wp-content\/uploads\/2016\/05\/DSC07107_2Mpx.jpg?w=246&#038;h=164\" width=\"246\" height=\"164\" align=\"left\" title=\"DSC07107_2Mpx\" \/><\/a><\/div><div class=\"tiled-gallery-item tiled-gallery-item-small\"><a href=\"https:\/\/www.fotofreunde-lev.de\/?attachment_id=3884\"><img loading=\"lazy\" decoding=\"async\" data-attachment-id=\"3884\" data-orig-file=\"https:\/\/www.fotofreunde-lev.de\/wp-content\/uploads\/2016\/05\/DSC07108_2Mpx.jpg\" data-orig-size=\"1800,1200\" data-comments-opened=\"1\" data-image-meta=\"{&quot;aperture&quot;:&quot;4&quot;,&quot;credit&quot;:&quot;&quot;,&quot;camera&quot;:&quot;ILCE-7&quot;,&quot;caption&quot;:&quot;&quot;,&quot;created_timestamp&quot;:&quot;1461416342&quot;,&quot;copyright&quot;:&quot;&quot;,&quot;focal_length&quot;:&quot;200&quot;,&quot;iso&quot;:&quot;100&quot;,&quot;shutter_speed&quot;:&quot;0.002&quot;,&quot;title&quot;:&quot;&quot;,&quot;orientation&quot;:&quot;1&quot;,&quot;keywords&quot;:&quot;Array&quot;}\" data-image-title=\"DSC07108_2Mpx\" data-image-description=\"\" data-medium-file=\"https:\/\/www.fotofreunde-lev.de\/wp-content\/uploads\/2016\/05\/DSC07108_2Mpx-440x293.jpg\" data-large-file=\"https:\/\/www.fotofreunde-lev.de\/wp-content\/uploads\/2016\/05\/DSC07108_2Mpx-980x653.jpg\" src=\"https:\/\/www.fotofreunde-lev.de\/wp-content\/uploads\/2016\/05\/DSC07108_2Mpx.jpg?w=246&#038;h=164\" width=\"246\" height=\"164\" align=\"left\" title=\"DSC07108_2Mpx\" \/><\/a><\/div><\/div><div class=\"gallery-group images-1\" style=\"width: 501px; height: 336px;\"><div class=\"tiled-gallery-item tiled-gallery-item-large\"><a href=\"https:\/\/www.fotofreunde-lev.de\/?attachment_id=3885\"><img loading=\"lazy\" decoding=\"async\" data-attachment-id=\"3885\" data-orig-file=\"https:\/\/www.fotofreunde-lev.de\/wp-content\/uploads\/2016\/05\/DSC07117_2Mpx.jpg\" data-orig-size=\"1800,1200\" data-comments-opened=\"1\" data-image-meta=\"{&quot;aperture&quot;:&quot;4&quot;,&quot;credit&quot;:&quot;&quot;,&quot;camera&quot;:&quot;ILCE-7&quot;,&quot;caption&quot;:&quot;&quot;,&quot;created_timestamp&quot;:&quot;1461416586&quot;,&quot;copyright&quot;:&quot;&quot;,&quot;focal_length&quot;:&quot;200&quot;,&quot;iso&quot;:&quot;100&quot;,&quot;shutter_speed&quot;:&quot;0.004&quot;,&quot;title&quot;:&quot;&quot;,&quot;orientation&quot;:&quot;1&quot;,&quot;keywords&quot;:&quot;Array&quot;}\" data-image-title=\"DSC07117_2Mpx\" data-image-description=\"\" data-medium-file=\"https:\/\/www.fotofreunde-lev.de\/wp-content\/uploads\/2016\/05\/DSC07117_2Mpx-440x293.jpg\" data-large-file=\"https:\/\/www.fotofreunde-lev.de\/wp-content\/uploads\/2016\/05\/DSC07117_2Mpx-980x653.jpg\" src=\"https:\/\/www.fotofreunde-lev.de\/wp-content\/uploads\/2016\/05\/DSC07117_2Mpx.jpg?w=497&#038;h=332\" width=\"497\" height=\"332\" align=\"left\" title=\"DSC07117_2Mpx\" \/><\/a><\/div><\/div><\/div><div class=\"gallery-row\" style=\"width: 751px; height: 248px;\"><div class=\"gallery-group images-1\" style=\"width: 376px; height: 252px;\"><div class=\"tiled-gallery-item tiled-gallery-item-large\"><a href=\"https:\/\/www.fotofreunde-lev.de\/?attachment_id=3886\"><img loading=\"lazy\" decoding=\"async\" data-attachment-id=\"3886\" data-orig-file=\"https:\/\/www.fotofreunde-lev.de\/wp-content\/uploads\/2016\/05\/DSC07141_2Mpx.jpg\" data-orig-size=\"1800,1200\" data-comments-opened=\"1\" data-image-meta=\"{&quot;aperture&quot;:&quot;4&quot;,&quot;credit&quot;:&quot;&quot;,&quot;camera&quot;:&quot;ILCE-7&quot;,&quot;caption&quot;:&quot;&quot;,&quot;created_timestamp&quot;:&quot;1461417545&quot;,&quot;copyright&quot;:&quot;&quot;,&quot;focal_length&quot;:&quot;71&quot;,&quot;iso&quot;:&quot;100&quot;,&quot;shutter_speed&quot;:&quot;0.008&quot;,&quot;title&quot;:&quot;&quot;,&quot;orientation&quot;:&quot;1&quot;,&quot;keywords&quot;:&quot;Array&quot;}\" data-image-title=\"DSC07141_2Mpx\" data-image-description=\"\" data-medium-file=\"https:\/\/www.fotofreunde-lev.de\/wp-content\/uploads\/2016\/05\/DSC07141_2Mpx-440x293.jpg\" data-large-file=\"https:\/\/www.fotofreunde-lev.de\/wp-content\/uploads\/2016\/05\/DSC07141_2Mpx-980x653.jpg\" src=\"https:\/\/www.fotofreunde-lev.de\/wp-content\/uploads\/2016\/05\/DSC07141_2Mpx.jpg?w=372&#038;h=248\" width=\"372\" height=\"248\" align=\"left\" title=\"DSC07141_2Mpx\" \/><\/a><\/div><\/div><div class=\"gallery-group images-1\" style=\"width: 375px; height: 252px;\"><div class=\"tiled-gallery-item tiled-gallery-item-large\"><a href=\"https:\/\/www.fotofreunde-lev.de\/?attachment_id=3887\"><img loading=\"lazy\" decoding=\"async\" data-attachment-id=\"3887\" data-orig-file=\"https:\/\/www.fotofreunde-lev.de\/wp-content\/uploads\/2016\/05\/DSC07149_2Mpx.jpg\" data-orig-size=\"1800,1200\" data-comments-opened=\"1\" data-image-meta=\"{&quot;aperture&quot;:&quot;4&quot;,&quot;credit&quot;:&quot;&quot;,&quot;camera&quot;:&quot;ILCE-7&quot;,&quot;caption&quot;:&quot;&quot;,&quot;created_timestamp&quot;:&quot;1461417757&quot;,&quot;copyright&quot;:&quot;&quot;,&quot;focal_length&quot;:&quot;200&quot;,&quot;iso&quot;:&quot;100&quot;,&quot;shutter_speed&quot;:&quot;0.004&quot;,&quot;title&quot;:&quot;&quot;,&quot;orientation&quot;:&quot;1&quot;,&quot;keywords&quot;:&quot;Array&quot;}\" data-image-title=\"DSC07149_2Mpx\" data-image-description=\"\" data-medium-file=\"https:\/\/www.fotofreunde-lev.de\/wp-content\/uploads\/2016\/05\/DSC07149_2Mpx-440x293.jpg\" data-large-file=\"https:\/\/www.fotofreunde-lev.de\/wp-content\/uploads\/2016\/05\/DSC07149_2Mpx-980x653.jpg\" src=\"https:\/\/www.fotofreunde-lev.de\/wp-content\/uploads\/2016\/05\/DSC07149_2Mpx.jpg?w=371&#038;h=248\" width=\"371\" height=\"248\" align=\"left\" title=\"DSC07149_2Mpx\" \/><\/a><\/div><\/div><\/div><\/div>\n<p>Der neue Bahnhof hat neun Gleise. Die Gleise 1 und 2 werden von der ICE International-Linie angefahren; auf den Gleisen 3 und 4 halten Z\u00fcge nach Br\u00fcssel an.<br \/>\nEinfahrgeschwindigkeit in den Bahnhof wurde von 40 auf 100 km\/h erh\u00f6ht. Es gibt f\u00fcnf Mittelbahnsteige mit einer Breite von acht Metern. Drei Bahnsteige sind mit einer Nutzl\u00e4nge von 450 Metern speziell f\u00fcr den Halt von in Doppeltraktion verkehrenden Thalys-Z\u00fcgen eingerichtet, die beiden \u00fcbrigen Bahnsteige haben eine L\u00e4nge von 350 Metern.<\/p>\n<div data-carousel-extra='{\"blog_id\":1,\"permalink\":\"https:\\\/\\\/www.fotofreunde-lev.de\\\/?p=3874\",\"likes_blog_id\":false}' class=\"tiled-gallery type-rectangular tiled-gallery-unresized\" data-original-width=\"756\"><div class=\"gallery-row\" style=\"width: 751px; height: 320px;\"><div class=\"gallery-group images-1\" style=\"width: 483px; height: 324px;\"><div class=\"tiled-gallery-item tiled-gallery-item-large\"><a href=\"https:\/\/www.fotofreunde-lev.de\/?attachment_id=3906\"><img loading=\"lazy\" decoding=\"async\" data-attachment-id=\"3906\" data-orig-file=\"https:\/\/www.fotofreunde-lev.de\/wp-content\/uploads\/2016\/05\/SF_20160423-DSC02614_print_2Mpx.jpg\" data-orig-size=\"1800,1200\" data-comments-opened=\"1\" data-image-meta=\"{&quot;aperture&quot;:&quot;4.5&quot;,&quot;credit&quot;:&quot;&quot;,&quot;camera&quot;:&quot;SLT-A99V&quot;,&quot;caption&quot;:&quot;&quot;,&quot;created_timestamp&quot;:&quot;1461415462&quot;,&quot;copyright&quot;:&quot;&quot;,&quot;focal_length&quot;:&quot;70&quot;,&quot;iso&quot;:&quot;800&quot;,&quot;shutter_speed&quot;:&quot;0.000625&quot;,&quot;title&quot;:&quot;&quot;,&quot;orientation&quot;:&quot;1&quot;,&quot;keywords&quot;:&quot;Array&quot;}\" data-image-title=\"SF_20160423-DSC02614_print_2Mpx\" data-image-description=\"\" data-medium-file=\"https:\/\/www.fotofreunde-lev.de\/wp-content\/uploads\/2016\/05\/SF_20160423-DSC02614_print_2Mpx-440x293.jpg\" data-large-file=\"https:\/\/www.fotofreunde-lev.de\/wp-content\/uploads\/2016\/05\/SF_20160423-DSC02614_print_2Mpx-980x653.jpg\" src=\"https:\/\/www.fotofreunde-lev.de\/wp-content\/uploads\/2016\/05\/SF_20160423-DSC02614_print_2Mpx.jpg?w=479&#038;h=320\" width=\"479\" height=\"320\" align=\"left\" title=\"SF_20160423-DSC02614_print_2Mpx\" \/><\/a><div class=\"tiled-gallery-caption\">Stefan Frenger<\/div><\/div><\/div><div class=\"gallery-group images-2\" style=\"width: 268px; height: 324px;\"><div class=\"tiled-gallery-item tiled-gallery-item-large\"><a href=\"https:\/\/www.fotofreunde-lev.de\/?attachment_id=3903\"><img loading=\"lazy\" decoding=\"async\" data-attachment-id=\"3903\" data-orig-file=\"https:\/\/www.fotofreunde-lev.de\/wp-content\/uploads\/2016\/05\/RR_D8H_3097_1_DxO_2MPx_2Mpx.jpg\" data-orig-size=\"1800,1201\" data-comments-opened=\"1\" data-image-meta=\"{&quot;aperture&quot;:&quot;0&quot;,&quot;credit&quot;:&quot;&quot;,&quot;camera&quot;:&quot;&quot;,&quot;caption&quot;:&quot;&quot;,&quot;created_timestamp&quot;:&quot;0&quot;,&quot;copyright&quot;:&quot;whw-fotografie.de&quot;,&quot;focal_length&quot;:&quot;0&quot;,&quot;iso&quot;:&quot;0&quot;,&quot;shutter_speed&quot;:&quot;0&quot;,&quot;title&quot;:&quot;&quot;,&quot;orientation&quot;:&quot;1&quot;,&quot;keywords&quot;:&quot;Array&quot;}\" data-image-title=\"RR_D8H_3097_1_DxO_2MPx_2Mpx\" data-image-description=\"\" data-medium-file=\"https:\/\/www.fotofreunde-lev.de\/wp-content\/uploads\/2016\/05\/RR_D8H_3097_1_DxO_2MPx_2Mpx-440x294.jpg\" data-large-file=\"https:\/\/www.fotofreunde-lev.de\/wp-content\/uploads\/2016\/05\/RR_D8H_3097_1_DxO_2MPx_2Mpx-980x654.jpg\" src=\"https:\/\/www.fotofreunde-lev.de\/wp-content\/uploads\/2016\/05\/RR_D8H_3097_1_DxO_2MPx_2Mpx.jpg?w=264&#038;h=176\" width=\"264\" height=\"176\" align=\"left\" title=\"RR_D8H_3097_1_DxO_2MPx_2Mpx\" \/><\/a><div class=\"tiled-gallery-caption\">Wolfgang Weeber<\/div><\/div><div class=\"tiled-gallery-item tiled-gallery-item-large\"><a href=\"https:\/\/www.fotofreunde-lev.de\/?attachment_id=3891\"><img loading=\"lazy\" decoding=\"async\" data-attachment-id=\"3891\" data-orig-file=\"https:\/\/www.fotofreunde-lev.de\/wp-content\/uploads\/2016\/05\/GD_A9128_2Mpx.jpg\" data-orig-size=\"1800,954\" data-comments-opened=\"1\" data-image-meta=\"{&quot;aperture&quot;:&quot;0&quot;,&quot;credit&quot;:&quot;&quot;,&quot;camera&quot;:&quot;&quot;,&quot;caption&quot;:&quot;&quot;,&quot;created_timestamp&quot;:&quot;0&quot;,&quot;copyright&quot;:&quot;G.Richardson&quot;,&quot;focal_length&quot;:&quot;0&quot;,&quot;iso&quot;:&quot;0&quot;,&quot;shutter_speed&quot;:&quot;0&quot;,&quot;title&quot;:&quot;&quot;,&quot;orientation&quot;:&quot;1&quot;,&quot;keywords&quot;:&quot;Array&quot;}\" data-image-title=\"GD_A9128_2Mpx\" data-image-description=\"\" data-medium-file=\"https:\/\/www.fotofreunde-lev.de\/wp-content\/uploads\/2016\/05\/GD_A9128_2Mpx-440x233.jpg\" data-large-file=\"https:\/\/www.fotofreunde-lev.de\/wp-content\/uploads\/2016\/05\/GD_A9128_2Mpx-980x519.jpg\" src=\"https:\/\/www.fotofreunde-lev.de\/wp-content\/uploads\/2016\/05\/GD_A9128_2Mpx.jpg?w=264&#038;h=140\" width=\"264\" height=\"140\" align=\"left\" title=\"GD_A9128_2Mpx\" \/><\/a><div class=\"tiled-gallery-caption\">Gerhard Daniels<\/div><\/div><\/div><\/div><div class=\"gallery-row\" style=\"width: 751px; height: 168px;\"><div class=\"gallery-group images-1\" style=\"width: 255px; height: 172px;\"><div class=\"tiled-gallery-item tiled-gallery-item-large\"><a href=\"https:\/\/www.fotofreunde-lev.de\/?attachment_id=3910\"><img loading=\"lazy\" decoding=\"async\" data-attachment-id=\"3910\" data-orig-file=\"https:\/\/www.fotofreunde-lev.de\/wp-content\/uploads\/2016\/05\/TR_DSC07171_2Mpx.jpg\" data-orig-size=\"1800,1200\" data-comments-opened=\"1\" data-image-meta=\"{&quot;aperture&quot;:&quot;4.5&quot;,&quot;credit&quot;:&quot;&quot;,&quot;camera&quot;:&quot;ILCE-7&quot;,&quot;caption&quot;:&quot;&quot;,&quot;created_timestamp&quot;:&quot;1461418400&quot;,&quot;copyright&quot;:&quot;&quot;,&quot;focal_length&quot;:&quot;180&quot;,&quot;iso&quot;:&quot;100&quot;,&quot;shutter_speed&quot;:&quot;0.0015625&quot;,&quot;title&quot;:&quot;&quot;,&quot;orientation&quot;:&quot;1&quot;,&quot;keywords&quot;:&quot;Array&quot;}\" data-image-title=\"TR_DSC07171_2Mpx\" data-image-description=\"\" data-medium-file=\"https:\/\/www.fotofreunde-lev.de\/wp-content\/uploads\/2016\/05\/TR_DSC07171_2Mpx-440x293.jpg\" data-large-file=\"https:\/\/www.fotofreunde-lev.de\/wp-content\/uploads\/2016\/05\/TR_DSC07171_2Mpx-980x653.jpg\" src=\"https:\/\/www.fotofreunde-lev.de\/wp-content\/uploads\/2016\/05\/TR_DSC07171_2Mpx.jpg?w=251&#038;h=168\" width=\"251\" height=\"168\" align=\"left\" title=\"TR_DSC07171_2Mpx\" \/><\/a><div class=\"tiled-gallery-caption\">Thomas R\u00f6mbke<\/div><\/div><\/div><div class=\"gallery-group images-1\" style=\"width: 496px; height: 172px;\"><div class=\"tiled-gallery-item tiled-gallery-item-large\"><a href=\"https:\/\/www.fotofreunde-lev.de\/?attachment_id=3898\"><img loading=\"lazy\" decoding=\"async\" data-attachment-id=\"3898\" data-orig-file=\"https:\/\/www.fotofreunde-lev.de\/wp-content\/uploads\/2016\/05\/PS_DSC_1207_2Mpx.jpg\" data-orig-size=\"1800,614\" data-comments-opened=\"1\" data-image-meta=\"{&quot;aperture&quot;:&quot;5&quot;,&quot;credit&quot;:&quot;Peter Skwara psinfocus.com&quot;,&quot;camera&quot;:&quot;NIKON D750&quot;,&quot;caption&quot;:&quot;&quot;,&quot;created_timestamp&quot;:&quot;1461418310&quot;,&quot;copyright&quot;:&quot;psinfocus.com  Peter Skwara&quot;,&quot;focal_length&quot;:&quot;15&quot;,&quot;iso&quot;:&quot;400&quot;,&quot;shutter_speed&quot;:&quot;0.02&quot;,&quot;title&quot;:&quot;&quot;,&quot;orientation&quot;:&quot;1&quot;,&quot;keywords&quot;:&quot;Array&quot;}\" data-image-title=\"PS_DSC_1207_2Mpx\" data-image-description=\"\" data-medium-file=\"https:\/\/www.fotofreunde-lev.de\/wp-content\/uploads\/2016\/05\/PS_DSC_1207_2Mpx-440x150.jpg\" data-large-file=\"https:\/\/www.fotofreunde-lev.de\/wp-content\/uploads\/2016\/05\/PS_DSC_1207_2Mpx-980x334.jpg\" src=\"https:\/\/www.fotofreunde-lev.de\/wp-content\/uploads\/2016\/05\/PS_DSC_1207_2Mpx.jpg?w=492&#038;h=168\" width=\"492\" height=\"168\" align=\"left\" title=\"PS_DSC_1207_2Mpx\" \/><\/a><div class=\"tiled-gallery-caption\">Peter Skwara<\/div><\/div><\/div><\/div><div class=\"gallery-row\" style=\"width: 751px; height: 329px;\"><div class=\"gallery-group images-2\" style=\"width: 253px; height: 333px;\"><div class=\"tiled-gallery-item tiled-gallery-item-small\"><a href=\"https:\/\/www.fotofreunde-lev.de\/?attachment_id=3907\"><img loading=\"lazy\" decoding=\"async\" data-attachment-id=\"3907\" data-orig-file=\"https:\/\/www.fotofreunde-lev.de\/wp-content\/uploads\/2016\/05\/SF_20160423-DSC02677_print_2Mpx.jpg\" data-orig-size=\"1800,1200\" data-comments-opened=\"1\" data-image-meta=\"{&quot;aperture&quot;:&quot;7.1&quot;,&quot;credit&quot;:&quot;&quot;,&quot;camera&quot;:&quot;SLT-A99V&quot;,&quot;caption&quot;:&quot;&quot;,&quot;created_timestamp&quot;:&quot;1461416433&quot;,&quot;copyright&quot;:&quot;&quot;,&quot;focal_length&quot;:&quot;70&quot;,&quot;iso&quot;:&quot;800&quot;,&quot;shutter_speed&quot;:&quot;0.004&quot;,&quot;title&quot;:&quot;&quot;,&quot;orientation&quot;:&quot;1&quot;,&quot;keywords&quot;:&quot;Array&quot;}\" data-image-title=\"SF_20160423-DSC02677_print_2Mpx\" data-image-description=\"\" data-medium-file=\"https:\/\/www.fotofreunde-lev.de\/wp-content\/uploads\/2016\/05\/SF_20160423-DSC02677_print_2Mpx-440x293.jpg\" data-large-file=\"https:\/\/www.fotofreunde-lev.de\/wp-content\/uploads\/2016\/05\/SF_20160423-DSC02677_print_2Mpx-980x653.jpg\" src=\"https:\/\/www.fotofreunde-lev.de\/wp-content\/uploads\/2016\/05\/SF_20160423-DSC02677_print_2Mpx.jpg?w=249&#038;h=166\" width=\"249\" height=\"166\" align=\"left\" title=\"SF_20160423-DSC02677_print_2Mpx\" \/><\/a><div class=\"tiled-gallery-caption\">Stefan Frenger<\/div><\/div><div class=\"tiled-gallery-item tiled-gallery-item-small\"><a href=\"https:\/\/www.fotofreunde-lev.de\/?attachment_id=3893\"><img loading=\"lazy\" decoding=\"async\" data-attachment-id=\"3893\" data-orig-file=\"https:\/\/www.fotofreunde-lev.de\/wp-content\/uploads\/2016\/05\/GD_ATreppe_2Mpx.jpg\" data-orig-size=\"1800,1149\" data-comments-opened=\"1\" data-image-meta=\"{&quot;aperture&quot;:&quot;0&quot;,&quot;credit&quot;:&quot;&quot;,&quot;camera&quot;:&quot;&quot;,&quot;caption&quot;:&quot;&quot;,&quot;created_timestamp&quot;:&quot;0&quot;,&quot;copyright&quot;:&quot;G.Richardson&quot;,&quot;focal_length&quot;:&quot;0&quot;,&quot;iso&quot;:&quot;0&quot;,&quot;shutter_speed&quot;:&quot;0&quot;,&quot;title&quot;:&quot;&quot;,&quot;orientation&quot;:&quot;1&quot;,&quot;keywords&quot;:&quot;Array&quot;}\" data-image-title=\"GD_ATreppe_2Mpx\" data-image-description=\"\" data-medium-file=\"https:\/\/www.fotofreunde-lev.de\/wp-content\/uploads\/2016\/05\/GD_ATreppe_2Mpx-440x281.jpg\" data-large-file=\"https:\/\/www.fotofreunde-lev.de\/wp-content\/uploads\/2016\/05\/GD_ATreppe_2Mpx-980x626.jpg\" src=\"https:\/\/www.fotofreunde-lev.de\/wp-content\/uploads\/2016\/05\/GD_ATreppe_2Mpx.jpg?w=249&#038;h=159\" width=\"249\" height=\"159\" align=\"left\" title=\"GD_ATreppe_2Mpx\" \/><\/a><div class=\"tiled-gallery-caption\">Gerhard Daniels<\/div><\/div><\/div><div class=\"gallery-group images-1\" style=\"width: 498px; height: 333px;\"><div class=\"tiled-gallery-item tiled-gallery-item-large\"><a href=\"https:\/\/www.fotofreunde-lev.de\/?attachment_id=3902\"><img loading=\"lazy\" decoding=\"async\" data-attachment-id=\"3902\" data-orig-file=\"https:\/\/www.fotofreunde-lev.de\/wp-content\/uploads\/2016\/05\/RR_D8H_3064_1_DxO_2MPx_2Mpx.jpg\" data-orig-size=\"1800,1201\" data-comments-opened=\"1\" data-image-meta=\"{&quot;aperture&quot;:&quot;0&quot;,&quot;credit&quot;:&quot;&quot;,&quot;camera&quot;:&quot;&quot;,&quot;caption&quot;:&quot;&quot;,&quot;created_timestamp&quot;:&quot;0&quot;,&quot;copyright&quot;:&quot;whw-fotografie.de&quot;,&quot;focal_length&quot;:&quot;0&quot;,&quot;iso&quot;:&quot;0&quot;,&quot;shutter_speed&quot;:&quot;0&quot;,&quot;title&quot;:&quot;&quot;,&quot;orientation&quot;:&quot;1&quot;,&quot;keywords&quot;:&quot;Array&quot;}\" data-image-title=\"RR_D8H_3064_1_DxO_2MPx_2Mpx\" data-image-description=\"\" data-medium-file=\"https:\/\/www.fotofreunde-lev.de\/wp-content\/uploads\/2016\/05\/RR_D8H_3064_1_DxO_2MPx_2Mpx-440x294.jpg\" data-large-file=\"https:\/\/www.fotofreunde-lev.de\/wp-content\/uploads\/2016\/05\/RR_D8H_3064_1_DxO_2MPx_2Mpx-980x654.jpg\" src=\"https:\/\/www.fotofreunde-lev.de\/wp-content\/uploads\/2016\/05\/RR_D8H_3064_1_DxO_2MPx_2Mpx.jpg?w=494&#038;h=329\" width=\"494\" height=\"329\" align=\"left\" title=\"RR_D8H_3064_1_DxO_2MPx_2Mpx\" \/><\/a><div class=\"tiled-gallery-caption\">Wolfgang Weeber<\/div><\/div><\/div><\/div><div class=\"gallery-row\" style=\"width: 751px; height: 343px;\"><div class=\"gallery-group images-1\" style=\"width: 518px; height: 347px;\"><div class=\"tiled-gallery-item tiled-gallery-item-large\"><a href=\"https:\/\/www.fotofreunde-lev.de\/?attachment_id=3892\"><img loading=\"lazy\" decoding=\"async\" data-attachment-id=\"3892\" data-orig-file=\"https:\/\/www.fotofreunde-lev.de\/wp-content\/uploads\/2016\/05\/GD_ABahnsteig_2Mpx.jpg\" data-orig-size=\"1800,1200\" data-comments-opened=\"1\" data-image-meta=\"{&quot;aperture&quot;:&quot;0&quot;,&quot;credit&quot;:&quot;&quot;,&quot;camera&quot;:&quot;&quot;,&quot;caption&quot;:&quot;&quot;,&quot;created_timestamp&quot;:&quot;0&quot;,&quot;copyright&quot;:&quot;G.Richardson&quot;,&quot;focal_length&quot;:&quot;0&quot;,&quot;iso&quot;:&quot;0&quot;,&quot;shutter_speed&quot;:&quot;0&quot;,&quot;title&quot;:&quot;&quot;,&quot;orientation&quot;:&quot;1&quot;,&quot;keywords&quot;:&quot;Array&quot;}\" data-image-title=\"GD_ABahnsteig_2Mpx\" data-image-description=\"\" data-medium-file=\"https:\/\/www.fotofreunde-lev.de\/wp-content\/uploads\/2016\/05\/GD_ABahnsteig_2Mpx-440x293.jpg\" data-large-file=\"https:\/\/www.fotofreunde-lev.de\/wp-content\/uploads\/2016\/05\/GD_ABahnsteig_2Mpx-980x653.jpg\" src=\"https:\/\/www.fotofreunde-lev.de\/wp-content\/uploads\/2016\/05\/GD_ABahnsteig_2Mpx.jpg?w=514&#038;h=343\" width=\"514\" height=\"343\" align=\"left\" title=\"GD_ABahnsteig_2Mpx\" \/><\/a><div class=\"tiled-gallery-caption\">Gerhard Daniels<\/div><\/div><\/div><div class=\"gallery-group images-1\" style=\"width: 233px; height: 347px;\"><div class=\"tiled-gallery-item tiled-gallery-item-small\"><a href=\"https:\/\/www.fotofreunde-lev.de\/?attachment_id=3901\"><img loading=\"lazy\" decoding=\"async\" data-attachment-id=\"3901\" data-orig-file=\"https:\/\/www.fotofreunde-lev.de\/wp-content\/uploads\/2016\/05\/RM_20160423-Lu\u0308ttich-Fotoclub-11700-Bearbeitet_2Mpx.jpg\" data-orig-size=\"1201,1800\" data-comments-opened=\"1\" data-image-meta=\"{&quot;aperture&quot;:&quot;5.6&quot;,&quot;credit&quot;:&quot;Ralf Maximoff&quot;,&quot;camera&quot;:&quot;NIKON D800&quot;,&quot;caption&quot;:&quot;&quot;,&quot;created_timestamp&quot;:&quot;1461422344&quot;,&quot;copyright&quot;:&quot;(c) ralf maximoff - photography \\\/ leverkusen 2015&quot;,&quot;focal_length&quot;:&quot;86&quot;,&quot;iso&quot;:&quot;320&quot;,&quot;shutter_speed&quot;:&quot;0.00125&quot;,&quot;title&quot;:&quot;&quot;,&quot;orientation&quot;:&quot;1&quot;,&quot;keywords&quot;:&quot;Array&quot;}\" data-image-title=\"RM_20160423 Lu\u0308ttich &#8212; Fotoclub  &#8211;  11700-Bearbeitet_2Mpx\" data-image-description=\"\" data-medium-file=\"https:\/\/www.fotofreunde-lev.de\/wp-content\/uploads\/2016\/05\/RM_20160423-Lu\u0308ttich-Fotoclub-11700-Bearbeitet_2Mpx-294x440.jpg\" data-large-file=\"https:\/\/www.fotofreunde-lev.de\/wp-content\/uploads\/2016\/05\/RM_20160423-Lu\u0308ttich-Fotoclub-11700-Bearbeitet_2Mpx-683x1024.jpg\" src=\"https:\/\/www.fotofreunde-lev.de\/wp-content\/uploads\/2016\/05\/RM_20160423-Lu\u0308ttich-Fotoclub-11700-Bearbeitet_2Mpx.jpg?w=229&#038;h=343\" width=\"229\" height=\"343\" align=\"left\" title=\"RM_20160423 Lu\u0308ttich -- Fotoclub  -  11700-Bearbeitet_2Mpx\" \/><\/a><div class=\"tiled-gallery-caption\">Ralf Maximoff<\/div><\/div><\/div><\/div><div class=\"gallery-row\" style=\"width: 751px; height: 232px;\"><div class=\"gallery-group images-1\" style=\"width: 751px; height: 236px;\"><div class=\"tiled-gallery-item tiled-gallery-item-large\"><a href=\"https:\/\/www.fotofreunde-lev.de\/?attachment_id=3890\"><img loading=\"lazy\" decoding=\"async\" data-attachment-id=\"3890\" data-orig-file=\"https:\/\/www.fotofreunde-lev.de\/wp-content\/uploads\/2016\/05\/FK_DSC_5546_2Mpx.jpg\" data-orig-size=\"3000,932\" data-comments-opened=\"1\" data-image-meta=\"{&quot;aperture&quot;:&quot;7.1&quot;,&quot;credit&quot;:&quot;&quot;,&quot;camera&quot;:&quot;NIKON D700&quot;,&quot;caption&quot;:&quot;&quot;,&quot;created_timestamp&quot;:&quot;1461415951&quot;,&quot;copyright&quot;:&quot;&quot;,&quot;focal_length&quot;:&quot;26&quot;,&quot;iso&quot;:&quot;640&quot;,&quot;shutter_speed&quot;:&quot;0.000625&quot;,&quot;title&quot;:&quot;&quot;,&quot;orientation&quot;:&quot;1&quot;,&quot;keywords&quot;:&quot;Array&quot;}\" data-image-title=\"FK_DSC_5546_2Mpx\" data-image-description=\"\" data-medium-file=\"https:\/\/www.fotofreunde-lev.de\/wp-content\/uploads\/2016\/05\/FK_DSC_5546_2Mpx-440x137.jpg\" data-large-file=\"https:\/\/www.fotofreunde-lev.de\/wp-content\/uploads\/2016\/05\/FK_DSC_5546_2Mpx-980x304.jpg\" src=\"https:\/\/www.fotofreunde-lev.de\/wp-content\/uploads\/2016\/05\/FK_DSC_5546_2Mpx.jpg?w=747&#038;h=232\" width=\"747\" height=\"232\" align=\"left\" title=\"FK_DSC_5546_2Mpx\" \/><\/a><div class=\"tiled-gallery-caption\">Fritz Kissels<\/div><\/div><\/div><\/div><div class=\"gallery-row\" style=\"width: 751px; height: 640px;\"><div class=\"gallery-group images-1\" style=\"width: 431px; height: 644px;\"><div class=\"tiled-gallery-item tiled-gallery-item-large\"><a href=\"https:\/\/www.fotofreunde-lev.de\/?attachment_id=3900\"><img loading=\"lazy\" decoding=\"async\" data-attachment-id=\"3900\" data-orig-file=\"https:\/\/www.fotofreunde-lev.de\/wp-content\/uploads\/2016\/05\/RM_20160423-Lu\u0308ttich-Fotoclub-11695-Bearbeitet_2Mpx.jpg\" data-orig-size=\"1201,1800\" data-comments-opened=\"1\" data-image-meta=\"{&quot;aperture&quot;:&quot;7.1&quot;,&quot;credit&quot;:&quot;Ralf Maximoff&quot;,&quot;camera&quot;:&quot;NIKON D800&quot;,&quot;caption&quot;:&quot;&quot;,&quot;created_timestamp&quot;:&quot;1461422093&quot;,&quot;copyright&quot;:&quot;(c) ralf maximoff - photography \\\/ leverkusen 2015&quot;,&quot;focal_length&quot;:&quot;26&quot;,&quot;iso&quot;:&quot;320&quot;,&quot;shutter_speed&quot;:&quot;0.001&quot;,&quot;title&quot;:&quot;&quot;,&quot;orientation&quot;:&quot;1&quot;,&quot;keywords&quot;:&quot;Array&quot;}\" data-image-title=\"RM_20160423 Lu\u0308ttich &#8212; Fotoclub  &#8211;  11695-Bearbeitet_2Mpx\" data-image-description=\"\" data-medium-file=\"https:\/\/www.fotofreunde-lev.de\/wp-content\/uploads\/2016\/05\/RM_20160423-Lu\u0308ttich-Fotoclub-11695-Bearbeitet_2Mpx-294x440.jpg\" data-large-file=\"https:\/\/www.fotofreunde-lev.de\/wp-content\/uploads\/2016\/05\/RM_20160423-Lu\u0308ttich-Fotoclub-11695-Bearbeitet_2Mpx-683x1024.jpg\" src=\"https:\/\/www.fotofreunde-lev.de\/wp-content\/uploads\/2016\/05\/RM_20160423-Lu\u0308ttich-Fotoclub-11695-Bearbeitet_2Mpx.jpg?w=427&#038;h=640\" width=\"427\" height=\"640\" align=\"left\" title=\"RM_20160423 Lu\u0308ttich -- Fotoclub  -  11695-Bearbeitet_2Mpx\" \/><\/a><div class=\"tiled-gallery-caption\">R.Maximoff<\/div><\/div><\/div><div class=\"gallery-group images-3\" style=\"width: 320px; height: 644px;\"><div class=\"tiled-gallery-item tiled-gallery-item-large\"><a href=\"https:\/\/www.fotofreunde-lev.de\/?attachment_id=3909\"><img loading=\"lazy\" decoding=\"async\" data-attachment-id=\"3909\" data-orig-file=\"https:\/\/www.fotofreunde-lev.de\/wp-content\/uploads\/2016\/05\/TR_DSC07077_2Mpx.jpg\" data-orig-size=\"1800,1200\" data-comments-opened=\"1\" data-image-meta=\"{&quot;aperture&quot;:&quot;4&quot;,&quot;credit&quot;:&quot;&quot;,&quot;camera&quot;:&quot;ILCE-7&quot;,&quot;caption&quot;:&quot;&quot;,&quot;created_timestamp&quot;:&quot;1461413693&quot;,&quot;copyright&quot;:&quot;&quot;,&quot;focal_length&quot;:&quot;200&quot;,&quot;iso&quot;:&quot;640&quot;,&quot;shutter_speed&quot;:&quot;0.004&quot;,&quot;title&quot;:&quot;&quot;,&quot;orientation&quot;:&quot;1&quot;,&quot;keywords&quot;:&quot;Array&quot;}\" data-image-title=\"TR_DSC07077_2Mpx\" data-image-description=\"\" data-medium-file=\"https:\/\/www.fotofreunde-lev.de\/wp-content\/uploads\/2016\/05\/TR_DSC07077_2Mpx-440x293.jpg\" data-large-file=\"https:\/\/www.fotofreunde-lev.de\/wp-content\/uploads\/2016\/05\/TR_DSC07077_2Mpx-980x653.jpg\" src=\"https:\/\/www.fotofreunde-lev.de\/wp-content\/uploads\/2016\/05\/TR_DSC07077_2Mpx.jpg?w=316&#038;h=211\" width=\"316\" height=\"211\" align=\"left\" title=\"TR_DSC07077_2Mpx\" \/><\/a><div class=\"tiled-gallery-caption\">Thomas R\u00f6mbke<\/div><\/div><div class=\"tiled-gallery-item tiled-gallery-item-large\"><a href=\"https:\/\/www.fotofreunde-lev.de\/?attachment_id=3908\"><img loading=\"lazy\" decoding=\"async\" data-attachment-id=\"3908\" data-orig-file=\"https:\/\/www.fotofreunde-lev.de\/wp-content\/uploads\/2016\/05\/TR_DSC07007_2Mpx.jpg\" data-orig-size=\"1800,1200\" data-comments-opened=\"1\" data-image-meta=\"{&quot;aperture&quot;:&quot;4&quot;,&quot;credit&quot;:&quot;&quot;,&quot;camera&quot;:&quot;ILCE-7&quot;,&quot;caption&quot;:&quot;&quot;,&quot;created_timestamp&quot;:&quot;1461410697&quot;,&quot;copyright&quot;:&quot;&quot;,&quot;focal_length&quot;:&quot;150&quot;,&quot;iso&quot;:&quot;100&quot;,&quot;shutter_speed&quot;:&quot;0.0025&quot;,&quot;title&quot;:&quot;&quot;,&quot;orientation&quot;:&quot;1&quot;,&quot;keywords&quot;:&quot;Array&quot;}\" data-image-title=\"TR_DSC07007_2Mpx\" data-image-description=\"\" data-medium-file=\"https:\/\/www.fotofreunde-lev.de\/wp-content\/uploads\/2016\/05\/TR_DSC07007_2Mpx-440x293.jpg\" data-large-file=\"https:\/\/www.fotofreunde-lev.de\/wp-content\/uploads\/2016\/05\/TR_DSC07007_2Mpx-980x653.jpg\" src=\"https:\/\/www.fotofreunde-lev.de\/wp-content\/uploads\/2016\/05\/TR_DSC07007_2Mpx.jpg?w=316&#038;h=210\" width=\"316\" height=\"210\" align=\"left\" title=\"TR_DSC07007_2Mpx\" \/><\/a><div class=\"tiled-gallery-caption\">Thomas R\u00f6mbke<\/div><\/div><div class=\"tiled-gallery-item tiled-gallery-item-large\"><a href=\"https:\/\/www.fotofreunde-lev.de\/?attachment_id=3904\"><img loading=\"lazy\" decoding=\"async\" data-attachment-id=\"3904\" data-orig-file=\"https:\/\/www.fotofreunde-lev.de\/wp-content\/uploads\/2016\/05\/RR_D8H_3101_1_DxO_2MPx_2Mpx.jpg\" data-orig-size=\"1800,1201\" data-comments-opened=\"1\" data-image-meta=\"{&quot;aperture&quot;:&quot;0&quot;,&quot;credit&quot;:&quot;&quot;,&quot;camera&quot;:&quot;&quot;,&quot;caption&quot;:&quot;&quot;,&quot;created_timestamp&quot;:&quot;0&quot;,&quot;copyright&quot;:&quot;whw-fotografie.de&quot;,&quot;focal_length&quot;:&quot;0&quot;,&quot;iso&quot;:&quot;0&quot;,&quot;shutter_speed&quot;:&quot;0&quot;,&quot;title&quot;:&quot;&quot;,&quot;orientation&quot;:&quot;1&quot;,&quot;keywords&quot;:&quot;Array&quot;}\" data-image-title=\"RR_D8H_3101_1_DxO_2MPx_2Mpx\" data-image-description=\"\" data-medium-file=\"https:\/\/www.fotofreunde-lev.de\/wp-content\/uploads\/2016\/05\/RR_D8H_3101_1_DxO_2MPx_2Mpx-440x294.jpg\" data-large-file=\"https:\/\/www.fotofreunde-lev.de\/wp-content\/uploads\/2016\/05\/RR_D8H_3101_1_DxO_2MPx_2Mpx-980x654.jpg\" src=\"https:\/\/www.fotofreunde-lev.de\/wp-content\/uploads\/2016\/05\/RR_D8H_3101_1_DxO_2MPx_2Mpx.jpg?w=316&#038;h=211\" width=\"316\" height=\"211\" align=\"left\" title=\"RR_D8H_3101_1_DxO_2MPx_2Mpx\" \/><\/a><div class=\"tiled-gallery-caption\">Wolfgang Weeber<\/div><\/div><\/div><\/div><div class=\"gallery-row\" style=\"width: 751px; height: 521px;\"><div class=\"gallery-group images-2\" style=\"width: 399px; height: 525px;\"><div class=\"tiled-gallery-item tiled-gallery-item-large\"><a href=\"https:\/\/www.fotofreunde-lev.de\/?attachment_id=3889\"><img loading=\"lazy\" decoding=\"async\" data-attachment-id=\"3889\" data-orig-file=\"https:\/\/www.fotofreunde-lev.de\/wp-content\/uploads\/2016\/05\/FK_clouds_2Mpx.jpg\" data-orig-size=\"1800,1198\" data-comments-opened=\"1\" data-image-meta=\"{&quot;aperture&quot;:&quot;7.1&quot;,&quot;credit&quot;:&quot;&quot;,&quot;camera&quot;:&quot;NIKON D700&quot;,&quot;caption&quot;:&quot;&quot;,&quot;created_timestamp&quot;:&quot;1461416679&quot;,&quot;copyright&quot;:&quot;&quot;,&quot;focal_length&quot;:&quot;17&quot;,&quot;iso&quot;:&quot;640&quot;,&quot;shutter_speed&quot;:&quot;0.001&quot;,&quot;title&quot;:&quot;&quot;,&quot;orientation&quot;:&quot;1&quot;,&quot;keywords&quot;:&quot;Array&quot;}\" data-image-title=\"FK_clouds_2Mpx\" data-image-description=\"\" data-medium-file=\"https:\/\/www.fotofreunde-lev.de\/wp-content\/uploads\/2016\/05\/FK_clouds_2Mpx-440x293.jpg\" data-large-file=\"https:\/\/www.fotofreunde-lev.de\/wp-content\/uploads\/2016\/05\/FK_clouds_2Mpx-980x652.jpg\" src=\"https:\/\/www.fotofreunde-lev.de\/wp-content\/uploads\/2016\/05\/FK_clouds_2Mpx.jpg?w=395&#038;h=263\" width=\"395\" height=\"263\" align=\"left\" title=\"FK_clouds_2Mpx\" \/><\/a><div class=\"tiled-gallery-caption\">Fritz Kissels<\/div><\/div><div class=\"tiled-gallery-item tiled-gallery-item-large\"><a href=\"https:\/\/www.fotofreunde-lev.de\/?attachment_id=3895\"><img loading=\"lazy\" decoding=\"async\" data-attachment-id=\"3895\" data-orig-file=\"https:\/\/www.fotofreunde-lev.de\/wp-content\/uploads\/2016\/05\/Ju_DSC_0482-1_2Mpx.jpg\" data-orig-size=\"1800,1159\" data-comments-opened=\"1\" data-image-meta=\"{&quot;aperture&quot;:&quot;8&quot;,&quot;credit&quot;:&quot;&quot;,&quot;camera&quot;:&quot;NIKON D800&quot;,&quot;caption&quot;:&quot;&quot;,&quot;created_timestamp&quot;:&quot;1461413203&quot;,&quot;copyright&quot;:&quot;&quot;,&quot;focal_length&quot;:&quot;24&quot;,&quot;iso&quot;:&quot;0&quot;,&quot;shutter_speed&quot;:&quot;0.004&quot;,&quot;title&quot;:&quot;&quot;,&quot;orientation&quot;:&quot;1&quot;,&quot;keywords&quot;:&quot;Array&quot;}\" data-image-title=\"Ju_DSC_0482-1_2Mpx\" data-image-description=\"\" data-medium-file=\"https:\/\/www.fotofreunde-lev.de\/wp-content\/uploads\/2016\/05\/Ju_DSC_0482-1_2Mpx-440x283.jpg\" data-large-file=\"https:\/\/www.fotofreunde-lev.de\/wp-content\/uploads\/2016\/05\/Ju_DSC_0482-1_2Mpx-980x631.jpg\" src=\"https:\/\/www.fotofreunde-lev.de\/wp-content\/uploads\/2016\/05\/Ju_DSC_0482-1_2Mpx.jpg?w=395&#038;h=254\" width=\"395\" height=\"254\" align=\"left\" title=\"Ju_DSC_0482-1_2Mpx\" \/><\/a><div class=\"tiled-gallery-caption\">Julia Tschirka<\/div><\/div><\/div><div class=\"gallery-group images-1\" style=\"width: 352px; height: 525px;\"><div class=\"tiled-gallery-item tiled-gallery-item-large\"><a href=\"https:\/\/www.fotofreunde-lev.de\/?attachment_id=3896\"><img loading=\"lazy\" decoding=\"async\" data-attachment-id=\"3896\" data-orig-file=\"https:\/\/www.fotofreunde-lev.de\/wp-content\/uploads\/2016\/05\/Ju_DSC_0543-1_2Mpx.jpg\" data-orig-size=\"1201,1800\" data-comments-opened=\"1\" data-image-meta=\"{&quot;aperture&quot;:&quot;8&quot;,&quot;credit&quot;:&quot;&quot;,&quot;camera&quot;:&quot;NIKON D800&quot;,&quot;caption&quot;:&quot;&quot;,&quot;created_timestamp&quot;:&quot;1461417499&quot;,&quot;copyright&quot;:&quot;&quot;,&quot;focal_length&quot;:&quot;52&quot;,&quot;iso&quot;:&quot;0&quot;,&quot;shutter_speed&quot;:&quot;0.004&quot;,&quot;title&quot;:&quot;&quot;,&quot;orientation&quot;:&quot;1&quot;,&quot;keywords&quot;:&quot;Array&quot;}\" data-image-title=\"Ju_DSC_0543-1_2Mpx\" data-image-description=\"\" data-medium-file=\"https:\/\/www.fotofreunde-lev.de\/wp-content\/uploads\/2016\/05\/Ju_DSC_0543-1_2Mpx-294x440.jpg\" data-large-file=\"https:\/\/www.fotofreunde-lev.de\/wp-content\/uploads\/2016\/05\/Ju_DSC_0543-1_2Mpx-683x1024.jpg\" src=\"https:\/\/www.fotofreunde-lev.de\/wp-content\/uploads\/2016\/05\/Ju_DSC_0543-1_2Mpx.jpg?w=348&#038;h=521\" width=\"348\" height=\"521\" align=\"left\" title=\"Ju_DSC_0543-1_2Mpx\" \/><\/a><div class=\"tiled-gallery-caption\">Julia Tschirka<\/div><\/div><\/div><\/div><div class=\"gallery-row\" style=\"width: 751px; height: 304px;\"><div class=\"gallery-group images-1\" style=\"width: 207px; height: 308px;\"><div class=\"tiled-gallery-item tiled-gallery-item-small\"><a href=\"https:\/\/www.fotofreunde-lev.de\/?attachment_id=3894\"><img loading=\"lazy\" decoding=\"async\" data-attachment-id=\"3894\" data-orig-file=\"https:\/\/www.fotofreunde-lev.de\/wp-content\/uploads\/2016\/05\/Ju_DSC_0464-1_2Mpx.jpg\" data-orig-size=\"1201,1800\" data-comments-opened=\"1\" data-image-meta=\"{&quot;aperture&quot;:&quot;8&quot;,&quot;credit&quot;:&quot;&quot;,&quot;camera&quot;:&quot;NIKON D800&quot;,&quot;caption&quot;:&quot;&quot;,&quot;created_timestamp&quot;:&quot;1461412455&quot;,&quot;copyright&quot;:&quot;&quot;,&quot;focal_length&quot;:&quot;120&quot;,&quot;iso&quot;:&quot;0&quot;,&quot;shutter_speed&quot;:&quot;0.004&quot;,&quot;title&quot;:&quot;&quot;,&quot;orientation&quot;:&quot;1&quot;,&quot;keywords&quot;:&quot;Array&quot;}\" data-image-title=\"Ju_DSC_0464-1_2Mpx\" data-image-description=\"\" data-medium-file=\"https:\/\/www.fotofreunde-lev.de\/wp-content\/uploads\/2016\/05\/Ju_DSC_0464-1_2Mpx-294x440.jpg\" data-large-file=\"https:\/\/www.fotofreunde-lev.de\/wp-content\/uploads\/2016\/05\/Ju_DSC_0464-1_2Mpx-683x1024.jpg\" src=\"https:\/\/www.fotofreunde-lev.de\/wp-content\/uploads\/2016\/05\/Ju_DSC_0464-1_2Mpx.jpg?w=203&#038;h=304\" width=\"203\" height=\"304\" align=\"left\" title=\"Ju_DSC_0464-1_2Mpx\" \/><\/a><div class=\"tiled-gallery-caption\">Julia Tschirka<\/div><\/div><\/div><div class=\"gallery-group images-1\" style=\"width: 544px; height: 308px;\"><div class=\"tiled-gallery-item tiled-gallery-item-large\"><a href=\"https:\/\/www.fotofreunde-lev.de\/?attachment_id=3913\"><img loading=\"lazy\" decoding=\"async\" data-attachment-id=\"3913\" data-orig-file=\"https:\/\/www.fotofreunde-lev.de\/wp-content\/uploads\/2016\/05\/WJ_DSC8557-Bearbeitet_2Mpx.jpg\" data-orig-size=\"1800,1013\" data-comments-opened=\"1\" data-image-meta=\"{&quot;aperture&quot;:&quot;8&quot;,&quot;credit&quot;:&quot;&quot;,&quot;camera&quot;:&quot;ILCE-7RM2&quot;,&quot;caption&quot;:&quot;&quot;,&quot;created_timestamp&quot;:&quot;1461418151&quot;,&quot;copyright&quot;:&quot;&quot;,&quot;focal_length&quot;:&quot;50&quot;,&quot;iso&quot;:&quot;100&quot;,&quot;shutter_speed&quot;:&quot;0.02&quot;,&quot;title&quot;:&quot;&quot;,&quot;orientation&quot;:&quot;1&quot;,&quot;keywords&quot;:&quot;Array&quot;}\" data-image-title=\"WJ_DSC8557-Bearbeitet_2Mpx\" data-image-description=\"\" data-medium-file=\"https:\/\/www.fotofreunde-lev.de\/wp-content\/uploads\/2016\/05\/WJ_DSC8557-Bearbeitet_2Mpx-440x248.jpg\" data-large-file=\"https:\/\/www.fotofreunde-lev.de\/wp-content\/uploads\/2016\/05\/WJ_DSC8557-Bearbeitet_2Mpx-980x552.jpg\" src=\"https:\/\/www.fotofreunde-lev.de\/wp-content\/uploads\/2016\/05\/WJ_DSC8557-Bearbeitet_2Mpx.jpg?w=540&#038;h=304\" width=\"540\" height=\"304\" align=\"left\" title=\"WJ_DSC8557-Bearbeitet_2Mpx\" \/><\/a><div class=\"tiled-gallery-caption\">Wolfgang Jansen<\/div><\/div><\/div><\/div><div class=\"gallery-row\" style=\"width: 751px; height: 179px;\"><div class=\"gallery-group images-1\" style=\"width: 751px; height: 183px;\"><div class=\"tiled-gallery-item tiled-gallery-item-large\"><a href=\"https:\/\/www.fotofreunde-lev.de\/?attachment_id=3911\"><img loading=\"lazy\" decoding=\"async\" data-attachment-id=\"3911\" data-orig-file=\"https:\/\/www.fotofreunde-lev.de\/wp-content\/uploads\/2016\/05\/WJ_DSC8460-Bearbeitet-Bearbeitet_2Mpx.jpg\" data-orig-size=\"3000,719\" data-comments-opened=\"1\" data-image-meta=\"{&quot;aperture&quot;:&quot;10&quot;,&quot;credit&quot;:&quot;&quot;,&quot;camera&quot;:&quot;ILCE-7RM2&quot;,&quot;caption&quot;:&quot;&quot;,&quot;created_timestamp&quot;:&quot;1461413197&quot;,&quot;copyright&quot;:&quot;&quot;,&quot;focal_length&quot;:&quot;12&quot;,&quot;iso&quot;:&quot;100&quot;,&quot;shutter_speed&quot;:&quot;0.01&quot;,&quot;title&quot;:&quot;&quot;,&quot;orientation&quot;:&quot;1&quot;,&quot;keywords&quot;:&quot;Array&quot;}\" data-image-title=\"WJ_DSC8460-Bearbeitet-Bearbeitet_2Mpx\" data-image-description=\"\" data-medium-file=\"https:\/\/www.fotofreunde-lev.de\/wp-content\/uploads\/2016\/05\/WJ_DSC8460-Bearbeitet-Bearbeitet_2Mpx-440x105.jpg\" data-large-file=\"https:\/\/www.fotofreunde-lev.de\/wp-content\/uploads\/2016\/05\/WJ_DSC8460-Bearbeitet-Bearbeitet_2Mpx-980x235.jpg\" src=\"https:\/\/www.fotofreunde-lev.de\/wp-content\/uploads\/2016\/05\/WJ_DSC8460-Bearbeitet-Bearbeitet_2Mpx.jpg?w=747&#038;h=179\" width=\"747\" height=\"179\" align=\"left\" title=\"WJ_DSC8460-Bearbeitet-Bearbeitet_2Mpx\" \/><\/a><div class=\"tiled-gallery-caption\">Wolfgang Jansen<\/div><\/div><\/div><\/div><div class=\"gallery-row\" style=\"width: 751px; height: 226px;\"><div class=\"gallery-group images-1\" style=\"width: 406px; height: 230px;\"><div class=\"tiled-gallery-item tiled-gallery-item-large\"><a href=\"https:\/\/www.fotofreunde-lev.de\/?attachment_id=3912\"><img loading=\"lazy\" decoding=\"async\" data-attachment-id=\"3912\" data-orig-file=\"https:\/\/www.fotofreunde-lev.de\/wp-content\/uploads\/2016\/05\/WJ_DSC8517-Bearbeitet-2_2Mpx.jpg\" data-orig-size=\"1800,1013\" data-comments-opened=\"1\" data-image-meta=\"{&quot;aperture&quot;:&quot;8&quot;,&quot;credit&quot;:&quot;&quot;,&quot;camera&quot;:&quot;ILCE-7RM2&quot;,&quot;caption&quot;:&quot;&quot;,&quot;created_timestamp&quot;:&quot;1461415987&quot;,&quot;copyright&quot;:&quot;&quot;,&quot;focal_length&quot;:&quot;50&quot;,&quot;iso&quot;:&quot;100&quot;,&quot;shutter_speed&quot;:&quot;0.005&quot;,&quot;title&quot;:&quot;&quot;,&quot;orientation&quot;:&quot;1&quot;,&quot;keywords&quot;:&quot;Array&quot;}\" data-image-title=\"WJ_DSC8517-Bearbeitet-2_2Mpx\" data-image-description=\"\" data-medium-file=\"https:\/\/www.fotofreunde-lev.de\/wp-content\/uploads\/2016\/05\/WJ_DSC8517-Bearbeitet-2_2Mpx-440x248.jpg\" data-large-file=\"https:\/\/www.fotofreunde-lev.de\/wp-content\/uploads\/2016\/05\/WJ_DSC8517-Bearbeitet-2_2Mpx-980x552.jpg\" src=\"https:\/\/www.fotofreunde-lev.de\/wp-content\/uploads\/2016\/05\/WJ_DSC8517-Bearbeitet-2_2Mpx.jpg?w=402&#038;h=226\" width=\"402\" height=\"226\" align=\"left\" title=\"WJ_DSC8517-Bearbeitet-2_2Mpx\" \/><\/a><div class=\"tiled-gallery-caption\">Wolfgang Jansen<\/div><\/div><\/div><div class=\"gallery-group images-1\" style=\"width: 345px; height: 230px;\"><div class=\"tiled-gallery-item tiled-gallery-item-large\"><a href=\"https:\/\/www.fotofreunde-lev.de\/?attachment_id=3897\"><img loading=\"lazy\" decoding=\"async\" data-attachment-id=\"3897\" data-orig-file=\"https:\/\/www.fotofreunde-lev.de\/wp-content\/uploads\/2016\/05\/PS_DSC_1130_HDR_2Mpx.jpg\" data-orig-size=\"1800,1195\" data-comments-opened=\"1\" data-image-meta=\"{&quot;aperture&quot;:&quot;6.3&quot;,&quot;credit&quot;:&quot;Peter Skwara psinfocus.com&quot;,&quot;camera&quot;:&quot;NIKON D750&quot;,&quot;caption&quot;:&quot;&quot;,&quot;created_timestamp&quot;:&quot;1461413374&quot;,&quot;copyright&quot;:&quot;psinfocus.com  Peter Skwara&quot;,&quot;focal_length&quot;:&quot;15&quot;,&quot;iso&quot;:&quot;200&quot;,&quot;shutter_speed&quot;:&quot;0&quot;,&quot;title&quot;:&quot;&quot;,&quot;orientation&quot;:&quot;1&quot;,&quot;keywords&quot;:&quot;Array&quot;}\" data-image-title=\"PS_DSC_1130_HDR_2Mpx\" data-image-description=\"\" data-medium-file=\"https:\/\/www.fotofreunde-lev.de\/wp-content\/uploads\/2016\/05\/PS_DSC_1130_HDR_2Mpx-440x292.jpg\" data-large-file=\"https:\/\/www.fotofreunde-lev.de\/wp-content\/uploads\/2016\/05\/PS_DSC_1130_HDR_2Mpx-980x651.jpg\" src=\"https:\/\/www.fotofreunde-lev.de\/wp-content\/uploads\/2016\/05\/PS_DSC_1130_HDR_2Mpx.jpg?w=341&#038;h=226\" width=\"341\" height=\"226\" align=\"left\" title=\"PS_DSC_1130_HDR_2Mpx\" \/><\/a><div class=\"tiled-gallery-caption\">Peter Skwara<\/div><\/div><\/div><\/div><div class=\"gallery-row\" style=\"width: 751px; height: 248px;\"><div class=\"gallery-group images-1\" style=\"width: 375px; height: 252px;\"><div class=\"tiled-gallery-item tiled-gallery-item-large\"><a href=\"https:\/\/www.fotofreunde-lev.de\/?attachment_id=3899\"><img loading=\"lazy\" decoding=\"async\" data-attachment-id=\"3899\" data-orig-file=\"https:\/\/www.fotofreunde-lev.de\/wp-content\/uploads\/2016\/05\/RM_20160423-Lu\u0308ttich-Fotoclub-11678-Bearbeitet_2Mpx.jpg\" data-orig-size=\"1800,1201\" data-comments-opened=\"1\" data-image-meta=\"{&quot;aperture&quot;:&quot;8&quot;,&quot;credit&quot;:&quot;Ralf Maximoff&quot;,&quot;camera&quot;:&quot;NIKON D800&quot;,&quot;caption&quot;:&quot;&quot;,&quot;created_timestamp&quot;:&quot;1461420948&quot;,&quot;copyright&quot;:&quot;(c) ralf maximoff - photography \\\/ leverkusen 2015&quot;,&quot;focal_length&quot;:&quot;35&quot;,&quot;iso&quot;:&quot;320&quot;,&quot;shutter_speed&quot;:&quot;0.002&quot;,&quot;title&quot;:&quot;&quot;,&quot;orientation&quot;:&quot;1&quot;,&quot;keywords&quot;:&quot;Array&quot;}\" data-image-title=\"RM_20160423 Lu\u0308ttich &#8212; Fotoclub  &#8211;  11678-Bearbeitet_2Mpx\" data-image-description=\"\" data-medium-file=\"https:\/\/www.fotofreunde-lev.de\/wp-content\/uploads\/2016\/05\/RM_20160423-Lu\u0308ttich-Fotoclub-11678-Bearbeitet_2Mpx-440x294.jpg\" data-large-file=\"https:\/\/www.fotofreunde-lev.de\/wp-content\/uploads\/2016\/05\/RM_20160423-Lu\u0308ttich-Fotoclub-11678-Bearbeitet_2Mpx-980x654.jpg\" src=\"https:\/\/www.fotofreunde-lev.de\/wp-content\/uploads\/2016\/05\/RM_20160423-Lu\u0308ttich-Fotoclub-11678-Bearbeitet_2Mpx.jpg?w=371&#038;h=248\" width=\"371\" height=\"248\" align=\"left\" title=\"RM_20160423 Lu\u0308ttich -- Fotoclub  -  11678-Bearbeitet_2Mpx\" \/><\/a><div class=\"tiled-gallery-caption\">Ralf Maximoff<\/div><\/div><\/div><div class=\"gallery-group images-1\" style=\"width: 376px; height: 252px;\"><div class=\"tiled-gallery-item tiled-gallery-item-large\"><a href=\"https:\/\/www.fotofreunde-lev.de\/?attachment_id=3905\"><img loading=\"lazy\" decoding=\"async\" data-attachment-id=\"3905\" data-orig-file=\"https:\/\/www.fotofreunde-lev.de\/wp-content\/uploads\/2016\/05\/SF_20160423-DSC02605_print_2Mpx.jpg\" data-orig-size=\"1800,1200\" data-comments-opened=\"1\" data-image-meta=\"{&quot;aperture&quot;:&quot;4.5&quot;,&quot;credit&quot;:&quot;&quot;,&quot;camera&quot;:&quot;SLT-A99V&quot;,&quot;caption&quot;:&quot;&quot;,&quot;created_timestamp&quot;:&quot;1461415220&quot;,&quot;copyright&quot;:&quot;&quot;,&quot;focal_length&quot;:&quot;70&quot;,&quot;iso&quot;:&quot;800&quot;,&quot;shutter_speed&quot;:&quot;0.00625&quot;,&quot;title&quot;:&quot;&quot;,&quot;orientation&quot;:&quot;1&quot;,&quot;keywords&quot;:&quot;Array&quot;}\" data-image-title=\"SF_20160423-DSC02605_print_2Mpx\" data-image-description=\"\" data-medium-file=\"https:\/\/www.fotofreunde-lev.de\/wp-content\/uploads\/2016\/05\/SF_20160423-DSC02605_print_2Mpx-440x293.jpg\" data-large-file=\"https:\/\/www.fotofreunde-lev.de\/wp-content\/uploads\/2016\/05\/SF_20160423-DSC02605_print_2Mpx-980x653.jpg\" src=\"https:\/\/www.fotofreunde-lev.de\/wp-content\/uploads\/2016\/05\/SF_20160423-DSC02605_print_2Mpx.jpg?w=372&#038;h=248\" width=\"372\" height=\"248\" align=\"left\" title=\"SF_20160423-DSC02605_print_2Mpx\" \/><\/a><div class=\"tiled-gallery-caption\">Stefan Frenger<\/div><\/div><\/div><\/div><\/div>\n<p>Beim Entwurf des Bauwerkes soll der Planer von einer sich auf dem R\u00fccken r\u00e4kelnden Frau inspiriert worden sein. Es wurden 312 Millionen Euro investiert und unter anderem 10.000 Tonnen Stahl verbaut. Der Zement ist Wei\u00df und extrem Druckfest, ein Markenzeichen von Calatrava.Nach einem internationalen Wettbewerb wurde das Projekt an den Architekten Santiago Calatrava vergeben.<br \/>\nCalatrava hat bereits mehrere Bahnh\u00f6fe gestaltet. Er entwarf den fr\u00fcheren Bahnhof Stadelhofen in Z\u00fcrich, den Bahnhof von Luzern, den Bahnhof Lyon-Saint-Exup\u00e9ry TGV,<br \/>\nden intermodalen Bahnhof Oriente in Lissabon und die neue PATH-Station in New York. Calatrava soll auch den neuen Bahnhof von Mons bauen.<br \/>\n<span style=\"font-size: 8pt\">(Text in weiten Teilen <a href=\"https:\/\/de.wikipedia.org\/wiki\/Bahnhof_Li%C3%A8ge-Guillemins\">Ausz\u00fcge aus wikipedia.de<\/a>)<\/span><\/p>\n","protected":false},"excerpt":{"rendered":"<p>Am 23.04.2016 waren wir Fotoclubber (fast alle) zusammen in L\u00fcttich, um uns einmal mit dem Bahnhof Guillemins zu befassen. Der Bahnhof Li\u00e8ge-Guillemins ist der wichtigste Bahnhof der in der belgischen Region Wallonien gelegenen Stadt L\u00fcttich.\u00a0Mit Beginn der Hochgeschwindigkeitsz\u00fcge galt der alte Bahnhof L\u00fcttich-Guillemins nicht mehr &hellip; <a href=\"https:\/\/www.fotofreunde-lev.de\/?p=3874\" class=\"more-link\"><span>Weiterlesen &#8230;<span class=\"screen-reader-text\">Fotowalk in L\u00fcttich, Bahnhof Guillemins<\/span><\/span><\/a><\/p>\n","protected":false},"author":2,"featured_media":3885,"comment_status":"open","ping_status":"open","sticky":false,"template":"","format":"gallery","meta":{"footnotes":"","_links_to":"","_links_to_target":""},"categories":[4],"tags":[],"class_list":["post-3874","post","type-post","status-publish","format-gallery","has-post-thumbnail","hentry","category-architektur","post_format-post-format-gallery"],"_links":{"self":[{"href":"https:\/\/www.fotofreunde-lev.de\/index.php?rest_route=\/wp\/v2\/posts\/3874","targetHints":{"allow":["GET"]}}],"collection":[{"href":"https:\/\/www.fotofreunde-lev.de\/index.php?rest_route=\/wp\/v2\/posts"}],"about":[{"href":"https:\/\/www.fotofreunde-lev.de\/index.php?rest_route=\/wp\/v2\/types\/post"}],"author":[{"embeddable":true,"href":"https:\/\/www.fotofreunde-lev.de\/index.php?rest_route=\/wp\/v2\/users\/2"}],"replies":[{"embeddable":true,"href":"https:\/\/www.fotofreunde-lev.de\/index.php?rest_route=%2Fwp%2Fv2%2Fcomments&post=3874"}],"version-history":[{"count":6,"href":"https:\/\/www.fotofreunde-lev.de\/index.php?rest_route=\/wp\/v2\/posts\/3874\/revisions"}],"predecessor-version":[{"id":3937,"href":"https:\/\/www.fotofreunde-lev.de\/index.php?rest_route=\/wp\/v2\/posts\/3874\/revisions\/3937"}],"wp:featuredmedia":[{"embeddable":true,"href":"https:\/\/www.fotofreunde-lev.de\/index.php?rest_route=\/wp\/v2\/media\/3885"}],"wp:attachment":[{"href":"https:\/\/www.fotofreunde-lev.de\/index.php?rest_route=%2Fwp%2Fv2%2Fmedia&parent=3874"}],"wp:term":[{"taxonomy":"category","embeddable":true,"href":"https:\/\/www.fotofreunde-lev.de\/index.php?rest_route=%2Fwp%2Fv2%2Fcategories&post=3874"},{"taxonomy":"post_tag","embeddable":true,"href":"https:\/\/www.fotofreunde-lev.de\/index.php?rest_route=%2Fwp%2Fv2%2Ftags&post=3874"}],"curies":[{"name":"wp","href":"https:\/\/api.w.org\/{rel}","templated":true}]}}