{"id":3511,"date":"2016-03-14T18:23:51","date_gmt":"2016-03-14T17:23:51","guid":{"rendered":"http:\/\/www.fotofreunde-lev.de\/?p=3511"},"modified":"2016-03-20T04:20:58","modified_gmt":"2016-03-20T03:20:58","slug":"shooting-november-2016","status":"publish","type":"post","link":"https:\/\/www.fotofreunde-lev.de\/?p=3511","title":{"rendered":"Shooting November 2015"},"content":{"rendered":"<p>Es hat leider etwas l\u00e4nger gedauert, bis ich in der Lage war, die Bilder von meinem ersten Shooting in unserem neuen Studio f\u00fcr mich zufriedenstellend zu bearbeiten. Mein Model hatte im Laufe des Nachmittages eine immer gl\u00e4nzendere Stirn bekommen, was mir leider zu sp\u00e4t aufgefallen war. Und dieses wei\u00dfe Loch auf der Stirn sollte nicht bleiben. Hier eine kleine Auswahl meiner Bem\u00fchungen.<\/p>\n<div data-carousel-extra='{\"blog_id\":1,\"permalink\":\"https:\\\/\\\/www.fotofreunde-lev.de\\\/?p=3511\",\"likes_blog_id\":false}' class=\"tiled-gallery type-rectangular tiled-gallery-unresized\" data-original-width=\"756\"><div class=\"gallery-row\" style=\"width: 751px; height: 210px;\"><div class=\"gallery-group images-1\" style=\"width: 144px; height: 214px;\"><div class=\"tiled-gallery-item tiled-gallery-item-small\"><a href=\"https:\/\/www.fotofreunde-lev.de\/?attachment_id=3512\"><img loading=\"lazy\" decoding=\"async\" data-attachment-id=\"3512\" data-orig-file=\"https:\/\/www.fotofreunde-lev.de\/wp-content\/uploads\/2016\/03\/DF0_4362_DxO_cs_2Mpx.jpg\" data-orig-size=\"1198,1800\" data-comments-opened=\"1\" data-image-meta=\"{&quot;aperture&quot;:&quot;8&quot;,&quot;credit&quot;:&quot;Wolfgang Weeber&quot;,&quot;camera&quot;:&quot;NIKON Df&quot;,&quot;caption&quot;:&quot;&quot;,&quot;created_timestamp&quot;:&quot;1448210693&quot;,&quot;copyright&quot;:&quot;whw-fotografie.de&quot;,&quot;focal_length&quot;:&quot;120&quot;,&quot;iso&quot;:&quot;100&quot;,&quot;shutter_speed&quot;:&quot;0.00625&quot;,&quot;title&quot;:&quot;&quot;,&quot;orientation&quot;:&quot;1&quot;,&quot;keywords&quot;:&quot;Array&quot;}\" data-image-title=\"DF0_4362_DxO_cs_2Mpx\" data-image-description=\"\" data-medium-file=\"https:\/\/www.fotofreunde-lev.de\/wp-content\/uploads\/2016\/03\/DF0_4362_DxO_cs_2Mpx-293x440.jpg\" data-large-file=\"https:\/\/www.fotofreunde-lev.de\/wp-content\/uploads\/2016\/03\/DF0_4362_DxO_cs_2Mpx-682x1024.jpg\" src=\"https:\/\/www.fotofreunde-lev.de\/wp-content\/uploads\/2016\/03\/DF0_4362_DxO_cs_2Mpx.jpg?w=140&#038;h=210\" width=\"140\" height=\"210\" align=\"left\" title=\"DF0_4362_DxO_cs_2Mpx\" \/><\/a><\/div><\/div><div class=\"gallery-group images-1\" style=\"width: 144px; height: 214px;\"><div class=\"tiled-gallery-item tiled-gallery-item-small\"><a href=\"https:\/\/www.fotofreunde-lev.de\/?attachment_id=3521\"><img loading=\"lazy\" decoding=\"async\" data-attachment-id=\"3521\" data-orig-file=\"https:\/\/www.fotofreunde-lev.de\/wp-content\/uploads\/2016\/03\/DF0_4376_DxO_cs_2Mpx.jpg\" data-orig-size=\"1198,1800\" data-comments-opened=\"1\" data-image-meta=\"{&quot;aperture&quot;:&quot;8&quot;,&quot;credit&quot;:&quot;Wolfgang Weeber&quot;,&quot;camera&quot;:&quot;NIKON Df&quot;,&quot;caption&quot;:&quot;&quot;,&quot;created_timestamp&quot;:&quot;1448210787&quot;,&quot;copyright&quot;:&quot;whw-fotografie.de&quot;,&quot;focal_length&quot;:&quot;78&quot;,&quot;iso&quot;:&quot;100&quot;,&quot;shutter_speed&quot;:&quot;0.00625&quot;,&quot;title&quot;:&quot;&quot;,&quot;orientation&quot;:&quot;1&quot;,&quot;keywords&quot;:&quot;Array&quot;}\" data-image-title=\"DF0_4376_DxO_cs_2Mpx\" data-image-description=\"\" data-medium-file=\"https:\/\/www.fotofreunde-lev.de\/wp-content\/uploads\/2016\/03\/DF0_4376_DxO_cs_2Mpx-293x440.jpg\" data-large-file=\"https:\/\/www.fotofreunde-lev.de\/wp-content\/uploads\/2016\/03\/DF0_4376_DxO_cs_2Mpx-682x1024.jpg\" src=\"https:\/\/www.fotofreunde-lev.de\/wp-content\/uploads\/2016\/03\/DF0_4376_DxO_cs_2Mpx.jpg?w=140&#038;h=210\" width=\"140\" height=\"210\" align=\"left\" title=\"DF0_4376_DxO_cs_2Mpx\" \/><\/a><\/div><\/div><div class=\"gallery-group images-1\" style=\"width: 144px; height: 214px;\"><div class=\"tiled-gallery-item tiled-gallery-item-small\"><a href=\"https:\/\/www.fotofreunde-lev.de\/?attachment_id=3513\"><img loading=\"lazy\" decoding=\"async\" data-attachment-id=\"3513\" data-orig-file=\"https:\/\/www.fotofreunde-lev.de\/wp-content\/uploads\/2016\/03\/DF0_4478_DxO_cs_2Mpx.jpg\" data-orig-size=\"1198,1800\" data-comments-opened=\"1\" data-image-meta=\"{&quot;aperture&quot;:&quot;8&quot;,&quot;credit&quot;:&quot;Wolfgang Weeber&quot;,&quot;camera&quot;:&quot;NIKON Df&quot;,&quot;caption&quot;:&quot;&quot;,&quot;created_timestamp&quot;:&quot;1448212724&quot;,&quot;copyright&quot;:&quot;whw-fotografie.de&quot;,&quot;focal_length&quot;:&quot;55&quot;,&quot;iso&quot;:&quot;100&quot;,&quot;shutter_speed&quot;:&quot;0.00625&quot;,&quot;title&quot;:&quot;&quot;,&quot;orientation&quot;:&quot;1&quot;,&quot;keywords&quot;:&quot;Array&quot;}\" data-image-title=\"DF0_4478_DxO_cs_2Mpx\" data-image-description=\"\" data-medium-file=\"https:\/\/www.fotofreunde-lev.de\/wp-content\/uploads\/2016\/03\/DF0_4478_DxO_cs_2Mpx-293x440.jpg\" data-large-file=\"https:\/\/www.fotofreunde-lev.de\/wp-content\/uploads\/2016\/03\/DF0_4478_DxO_cs_2Mpx-682x1024.jpg\" src=\"https:\/\/www.fotofreunde-lev.de\/wp-content\/uploads\/2016\/03\/DF0_4478_DxO_cs_2Mpx.jpg?w=140&#038;h=210\" width=\"140\" height=\"210\" align=\"left\" title=\"DF0_4478_DxO_cs_2Mpx\" \/><\/a><\/div><\/div><div class=\"gallery-group images-1\" style=\"width: 319px; height: 214px;\"><div class=\"tiled-gallery-item tiled-gallery-item-large\"><a href=\"https:\/\/www.fotofreunde-lev.de\/?attachment_id=3514\"><img loading=\"lazy\" decoding=\"async\" data-attachment-id=\"3514\" data-orig-file=\"https:\/\/www.fotofreunde-lev.de\/wp-content\/uploads\/2016\/03\/DF0_4494_DxO_cs_2Mpx.jpg\" data-orig-size=\"1800,1198\" data-comments-opened=\"1\" data-image-meta=\"{&quot;aperture&quot;:&quot;8&quot;,&quot;credit&quot;:&quot;Wolfgang Weeber&quot;,&quot;camera&quot;:&quot;NIKON Df&quot;,&quot;caption&quot;:&quot;&quot;,&quot;created_timestamp&quot;:&quot;1448212924&quot;,&quot;copyright&quot;:&quot;whw-fotografie.de&quot;,&quot;focal_length&quot;:&quot;70&quot;,&quot;iso&quot;:&quot;100&quot;,&quot;shutter_speed&quot;:&quot;0.00625&quot;,&quot;title&quot;:&quot;&quot;,&quot;orientation&quot;:&quot;1&quot;,&quot;keywords&quot;:&quot;Array&quot;}\" data-image-title=\"DF0_4494_DxO_cs_2Mpx\" data-image-description=\"\" data-medium-file=\"https:\/\/www.fotofreunde-lev.de\/wp-content\/uploads\/2016\/03\/DF0_4494_DxO_cs_2Mpx-440x293.jpg\" data-large-file=\"https:\/\/www.fotofreunde-lev.de\/wp-content\/uploads\/2016\/03\/DF0_4494_DxO_cs_2Mpx-980x652.jpg\" src=\"https:\/\/www.fotofreunde-lev.de\/wp-content\/uploads\/2016\/03\/DF0_4494_DxO_cs_2Mpx.jpg?w=315&#038;h=210\" width=\"315\" height=\"210\" align=\"left\" title=\"DF0_4494_DxO_cs_2Mpx\" \/><\/a><\/div><\/div><\/div><div class=\"gallery-row\" style=\"width: 751px; height: 261px;\"><div class=\"gallery-group images-1\" style=\"width: 178px; height: 265px;\"><div class=\"tiled-gallery-item tiled-gallery-item-small\"><a href=\"https:\/\/www.fotofreunde-lev.de\/?attachment_id=3515\"><img loading=\"lazy\" decoding=\"async\" data-attachment-id=\"3515\" data-orig-file=\"https:\/\/www.fotofreunde-lev.de\/wp-content\/uploads\/2016\/03\/DF0_4557_DxO_cs_2Mpx.jpg\" data-orig-size=\"1198,1800\" data-comments-opened=\"1\" data-image-meta=\"{&quot;aperture&quot;:&quot;5.6&quot;,&quot;credit&quot;:&quot;Wolfgang Weeber&quot;,&quot;camera&quot;:&quot;NIKON Df&quot;,&quot;caption&quot;:&quot;&quot;,&quot;created_timestamp&quot;:&quot;1448213844&quot;,&quot;copyright&quot;:&quot;whw-fotografie.de&quot;,&quot;focal_length&quot;:&quot;95&quot;,&quot;iso&quot;:&quot;100&quot;,&quot;shutter_speed&quot;:&quot;0.00625&quot;,&quot;title&quot;:&quot;&quot;,&quot;orientation&quot;:&quot;1&quot;,&quot;keywords&quot;:&quot;Array&quot;}\" data-image-title=\"DF0_4557_DxO_cs_2Mpx\" data-image-description=\"\" data-medium-file=\"https:\/\/www.fotofreunde-lev.de\/wp-content\/uploads\/2016\/03\/DF0_4557_DxO_cs_2Mpx-293x440.jpg\" data-large-file=\"https:\/\/www.fotofreunde-lev.de\/wp-content\/uploads\/2016\/03\/DF0_4557_DxO_cs_2Mpx-682x1024.jpg\" src=\"https:\/\/www.fotofreunde-lev.de\/wp-content\/uploads\/2016\/03\/DF0_4557_DxO_cs_2Mpx.jpg?w=174&#038;h=261\" width=\"174\" height=\"261\" align=\"left\" title=\"DF0_4557_DxO_cs_2Mpx\" \/><\/a><\/div><\/div><div class=\"gallery-group images-1\" style=\"width: 396px; height: 265px;\"><div class=\"tiled-gallery-item tiled-gallery-item-large\"><a href=\"https:\/\/www.fotofreunde-lev.de\/?attachment_id=3516\"><img loading=\"lazy\" decoding=\"async\" data-attachment-id=\"3516\" data-orig-file=\"https:\/\/www.fotofreunde-lev.de\/wp-content\/uploads\/2016\/03\/DF0_4560_DxO_cs_2Mpx.jpg\" data-orig-size=\"1800,1198\" data-comments-opened=\"1\" data-image-meta=\"{&quot;aperture&quot;:&quot;5.6&quot;,&quot;credit&quot;:&quot;Wolfgang Weeber&quot;,&quot;camera&quot;:&quot;NIKON Df&quot;,&quot;caption&quot;:&quot;&quot;,&quot;created_timestamp&quot;:&quot;1448213882&quot;,&quot;copyright&quot;:&quot;whw-fotografie.de&quot;,&quot;focal_length&quot;:&quot;82&quot;,&quot;iso&quot;:&quot;100&quot;,&quot;shutter_speed&quot;:&quot;0.00625&quot;,&quot;title&quot;:&quot;&quot;,&quot;orientation&quot;:&quot;1&quot;,&quot;keywords&quot;:&quot;Array&quot;}\" data-image-title=\"DF0_4560_DxO_cs_2Mpx\" data-image-description=\"\" data-medium-file=\"https:\/\/www.fotofreunde-lev.de\/wp-content\/uploads\/2016\/03\/DF0_4560_DxO_cs_2Mpx-440x293.jpg\" data-large-file=\"https:\/\/www.fotofreunde-lev.de\/wp-content\/uploads\/2016\/03\/DF0_4560_DxO_cs_2Mpx-980x652.jpg\" src=\"https:\/\/www.fotofreunde-lev.de\/wp-content\/uploads\/2016\/03\/DF0_4560_DxO_cs_2Mpx.jpg?w=392&#038;h=261\" width=\"392\" height=\"261\" align=\"left\" title=\"DF0_4560_DxO_cs_2Mpx\" \/><\/a><\/div><\/div><div class=\"gallery-group images-1\" style=\"width: 177px; height: 265px;\"><div class=\"tiled-gallery-item tiled-gallery-item-small\"><a href=\"https:\/\/www.fotofreunde-lev.de\/?attachment_id=3517\"><img loading=\"lazy\" decoding=\"async\" data-attachment-id=\"3517\" data-orig-file=\"https:\/\/www.fotofreunde-lev.de\/wp-content\/uploads\/2016\/03\/DF0_4632_DxO_cs_2Mpx.jpg\" data-orig-size=\"1198,1800\" data-comments-opened=\"1\" data-image-meta=\"{&quot;aperture&quot;:&quot;5.6&quot;,&quot;credit&quot;:&quot;Wolfgang Weeber&quot;,&quot;camera&quot;:&quot;NIKON Df&quot;,&quot;caption&quot;:&quot;&quot;,&quot;created_timestamp&quot;:&quot;1448215147&quot;,&quot;copyright&quot;:&quot;whw-fotografie.de&quot;,&quot;focal_length&quot;:&quot;65&quot;,&quot;iso&quot;:&quot;100&quot;,&quot;shutter_speed&quot;:&quot;0.00625&quot;,&quot;title&quot;:&quot;&quot;,&quot;orientation&quot;:&quot;1&quot;,&quot;keywords&quot;:&quot;Array&quot;}\" data-image-title=\"DF0_4632_DxO_cs_2Mpx\" data-image-description=\"\" data-medium-file=\"https:\/\/www.fotofreunde-lev.de\/wp-content\/uploads\/2016\/03\/DF0_4632_DxO_cs_2Mpx-293x440.jpg\" data-large-file=\"https:\/\/www.fotofreunde-lev.de\/wp-content\/uploads\/2016\/03\/DF0_4632_DxO_cs_2Mpx-682x1024.jpg\" src=\"https:\/\/www.fotofreunde-lev.de\/wp-content\/uploads\/2016\/03\/DF0_4632_DxO_cs_2Mpx.jpg?w=173&#038;h=261\" width=\"173\" height=\"261\" align=\"left\" title=\"DF0_4632_DxO_cs_2Mpx\" \/><\/a><\/div><\/div><\/div><div class=\"gallery-row\" style=\"width: 751px; height: 343px;\"><div class=\"gallery-group images-1\" style=\"width: 232px; height: 347px;\"><div class=\"tiled-gallery-item tiled-gallery-item-small\"><a href=\"https:\/\/www.fotofreunde-lev.de\/?attachment_id=3518\"><img loading=\"lazy\" decoding=\"async\" data-attachment-id=\"3518\" data-orig-file=\"https:\/\/www.fotofreunde-lev.de\/wp-content\/uploads\/2016\/03\/DF0_4640_DxO_cs_2Mpx.jpg\" data-orig-size=\"1198,1800\" data-comments-opened=\"1\" data-image-meta=\"{&quot;aperture&quot;:&quot;5.6&quot;,&quot;credit&quot;:&quot;Wolfgang Weeber&quot;,&quot;camera&quot;:&quot;NIKON Df&quot;,&quot;caption&quot;:&quot;&quot;,&quot;created_timestamp&quot;:&quot;1448215183&quot;,&quot;copyright&quot;:&quot;whw-fotografie.de&quot;,&quot;focal_length&quot;:&quot;120&quot;,&quot;iso&quot;:&quot;100&quot;,&quot;shutter_speed&quot;:&quot;0.00625&quot;,&quot;title&quot;:&quot;&quot;,&quot;orientation&quot;:&quot;1&quot;,&quot;keywords&quot;:&quot;Array&quot;}\" data-image-title=\"DF0_4640_DxO_cs_2Mpx\" data-image-description=\"\" data-medium-file=\"https:\/\/www.fotofreunde-lev.de\/wp-content\/uploads\/2016\/03\/DF0_4640_DxO_cs_2Mpx-293x440.jpg\" data-large-file=\"https:\/\/www.fotofreunde-lev.de\/wp-content\/uploads\/2016\/03\/DF0_4640_DxO_cs_2Mpx-682x1024.jpg\" src=\"https:\/\/www.fotofreunde-lev.de\/wp-content\/uploads\/2016\/03\/DF0_4640_DxO_cs_2Mpx.jpg?w=228&#038;h=343\" width=\"228\" height=\"343\" align=\"left\" title=\"DF0_4640_DxO_cs_2Mpx\" \/><\/a><\/div><\/div><div class=\"gallery-group images-1\" style=\"width: 519px; height: 347px;\"><div class=\"tiled-gallery-item tiled-gallery-item-large\"><a href=\"https:\/\/www.fotofreunde-lev.de\/?attachment_id=3519\"><img loading=\"lazy\" decoding=\"async\" data-attachment-id=\"3519\" data-orig-file=\"https:\/\/www.fotofreunde-lev.de\/wp-content\/uploads\/2016\/03\/DF0_4682_DxO_cs_2Mpx.jpg\" data-orig-size=\"1800,1198\" data-comments-opened=\"1\" data-image-meta=\"{&quot;aperture&quot;:&quot;7.1&quot;,&quot;credit&quot;:&quot;Wolfgang Weeber&quot;,&quot;camera&quot;:&quot;NIKON Df&quot;,&quot;caption&quot;:&quot;&quot;,&quot;created_timestamp&quot;:&quot;1448216069&quot;,&quot;copyright&quot;:&quot;whw-fotografie.de&quot;,&quot;focal_length&quot;:&quot;78&quot;,&quot;iso&quot;:&quot;100&quot;,&quot;shutter_speed&quot;:&quot;0.00625&quot;,&quot;title&quot;:&quot;&quot;,&quot;orientation&quot;:&quot;1&quot;,&quot;keywords&quot;:&quot;Array&quot;}\" data-image-title=\"DF0_4682_DxO_cs_2Mpx\" data-image-description=\"\" data-medium-file=\"https:\/\/www.fotofreunde-lev.de\/wp-content\/uploads\/2016\/03\/DF0_4682_DxO_cs_2Mpx-440x293.jpg\" data-large-file=\"https:\/\/www.fotofreunde-lev.de\/wp-content\/uploads\/2016\/03\/DF0_4682_DxO_cs_2Mpx-980x652.jpg\" src=\"https:\/\/www.fotofreunde-lev.de\/wp-content\/uploads\/2016\/03\/DF0_4682_DxO_cs_2Mpx.jpg?w=515&#038;h=343\" width=\"515\" height=\"343\" align=\"left\" title=\"DF0_4682_DxO_cs_2Mpx\" \/><\/a><\/div><\/div><\/div><\/div>\n","protected":false},"excerpt":{"rendered":"<p>Es hat leider etwas l\u00e4nger gedauert, bis ich in der Lage war, die Bilder von meinem ersten Shooting in unserem neuen Studio f\u00fcr mich zufriedenstellend zu bearbeiten. Mein Model hatte im Laufe des Nachmittages eine immer gl\u00e4nzendere Stirn bekommen, was mir leider zu sp\u00e4t aufgefallen &hellip; <a href=\"https:\/\/www.fotofreunde-lev.de\/?p=3511\" class=\"more-link\"><span>Weiterlesen &#8230;<span class=\"screen-reader-text\">Shooting November 2015<\/span><\/span><\/a><\/p>\n","protected":false},"author":2,"featured_media":3514,"comment_status":"open","ping_status":"open","sticky":false,"template":"","format":"gallery","meta":{"footnotes":"","_links_to":"","_links_to_target":""},"categories":[33],"tags":[48],"class_list":["post-3511","post","type-post","status-publish","format-gallery","has-post-thumbnail","hentry","category-portrait","tag-studio","post_format-post-format-gallery"],"_links":{"self":[{"href":"https:\/\/www.fotofreunde-lev.de\/index.php?rest_route=\/wp\/v2\/posts\/3511","targetHints":{"allow":["GET"]}}],"collection":[{"href":"https:\/\/www.fotofreunde-lev.de\/index.php?rest_route=\/wp\/v2\/posts"}],"about":[{"href":"https:\/\/www.fotofreunde-lev.de\/index.php?rest_route=\/wp\/v2\/types\/post"}],"author":[{"embeddable":true,"href":"https:\/\/www.fotofreunde-lev.de\/index.php?rest_route=\/wp\/v2\/users\/2"}],"replies":[{"embeddable":true,"href":"https:\/\/www.fotofreunde-lev.de\/index.php?rest_route=%2Fwp%2Fv2%2Fcomments&post=3511"}],"version-history":[{"count":4,"href":"https:\/\/www.fotofreunde-lev.de\/index.php?rest_route=\/wp\/v2\/posts\/3511\/revisions"}],"predecessor-version":[{"id":3584,"href":"https:\/\/www.fotofreunde-lev.de\/index.php?rest_route=\/wp\/v2\/posts\/3511\/revisions\/3584"}],"wp:featuredmedia":[{"embeddable":true,"href":"https:\/\/www.fotofreunde-lev.de\/index.php?rest_route=\/wp\/v2\/media\/3514"}],"wp:attachment":[{"href":"https:\/\/www.fotofreunde-lev.de\/index.php?rest_route=%2Fwp%2Fv2%2Fmedia&parent=3511"}],"wp:term":[{"taxonomy":"category","embeddable":true,"href":"https:\/\/www.fotofreunde-lev.de\/index.php?rest_route=%2Fwp%2Fv2%2Fcategories&post=3511"},{"taxonomy":"post_tag","embeddable":true,"href":"https:\/\/www.fotofreunde-lev.de\/index.php?rest_route=%2Fwp%2Fv2%2Ftags&post=3511"}],"curies":[{"name":"wp","href":"https:\/\/api.w.org\/{rel}","templated":true}]}}