{"id":2560,"date":"2014-05-29T18:18:16","date_gmt":"2014-05-29T17:18:16","guid":{"rendered":"http:\/\/www.fotofreunde-lev.de\/?p=2560"},"modified":"2020-08-17T18:12:15","modified_gmt":"2020-08-17T16:12:15","slug":"die-schlei-ein-ostsee-fjord-der-superlative","status":"publish","type":"post","link":"https:\/\/www.fotofreunde-lev.de\/?p=2560","title":{"rendered":"Die SCHLEI, ein Ostsee-Fjord der Superlative"},"content":{"rendered":"<p>Im Mai war ich f\u00fcr 2 Wochen an der Schlei, dies ist ein Ostsee-Fjord von 45 km L\u00e4nge und einer durchschnittlichen Breite von ca. 1 km. Dieser liegt ganz hoch im Norden, kurz vor Flensburg. Die Landschaft dort ist gepr\u00e4gt von Ackerbau und Viehzucht aber mit ausreichendem Platz f\u00fcr Naturfreunde. In der N\u00e4he von Kappeln -Hauptort an der Schlei- gibt es ein wunderbares, gro\u00dfes Naturschutzgebiet mit dem Namen Geltinger BIRK.<\/p>\n<p>Das Gebiet um die Schlei ist altes Siedlungsgel\u00e4nde der Wikinger, dieses wird auch sehr sch\u00f6n pr\u00e4sentiert im Wikingermuseum HAITHABU. Auch bemerkenswert ist Flensburg mit seinem Hafen und der wundersch\u00f6nen Altstadt, deren Architektur durch den Jugendstil und den Klassizismus gepr\u00e4gt ist. Fotografiert habe ich mit der Canon G11<\/p>\n<div data-carousel-extra='{\"blog_id\":1,\"permalink\":\"https:\\\/\\\/www.fotofreunde-lev.de\\\/?p=2560\",\"likes_blog_id\":false}' class=\"tiled-gallery type-rectangular tiled-gallery-unresized\" data-original-width=\"756\"><div class=\"gallery-row\" style=\"width: 751px; height: 373px;\"><div class=\"gallery-group images-1\" style=\"width: 501px; height: 377px;\"><div class=\"tiled-gallery-item tiled-gallery-item-large\"><a href=\"https:\/\/www.fotofreunde-lev.de\/?attachment_id=2561\"><img loading=\"lazy\" decoding=\"async\" data-attachment-id=\"2561\" data-orig-file=\"https:\/\/www.fotofreunde-lev.de\/wp-content\/uploads\/2014\/05\/Schlei-001.jpg\" data-orig-size=\"1024,768\" data-comments-opened=\"1\" data-image-meta=\"{&quot;aperture&quot;:&quot;4&quot;,&quot;credit&quot;:&quot;&quot;,&quot;camera&quot;:&quot;Canon PowerShot G11&quot;,&quot;caption&quot;:&quot;&quot;,&quot;created_timestamp&quot;:&quot;1400328589&quot;,&quot;copyright&quot;:&quot;&quot;,&quot;focal_length&quot;:&quot;6.1&quot;,&quot;iso&quot;:&quot;80&quot;,&quot;shutter_speed&quot;:&quot;0.008&quot;,&quot;title&quot;:&quot;&quot;}\" data-image-title=\"Schlei 001\" data-image-description=\"\" data-medium-file=\"https:\/\/www.fotofreunde-lev.de\/wp-content\/uploads\/2014\/05\/Schlei-001-440x330.jpg\" data-large-file=\"https:\/\/www.fotofreunde-lev.de\/wp-content\/uploads\/2014\/05\/Schlei-001-980x735.jpg\" src=\"https:\/\/www.fotofreunde-lev.de\/wp-content\/uploads\/2014\/05\/Schlei-001.jpg?w=497&#038;h=373\" width=\"497\" height=\"373\" align=\"left\" title=\"Schlei 001\" \/><\/a><div class=\"tiled-gallery-caption\">Schlei<\/div><\/div><\/div><div class=\"gallery-group images-2\" style=\"width: 250px; height: 377px;\"><div class=\"tiled-gallery-item tiled-gallery-item-small\"><a href=\"https:\/\/www.fotofreunde-lev.de\/?attachment_id=2562\"><img loading=\"lazy\" decoding=\"async\" data-attachment-id=\"2562\" data-orig-file=\"https:\/\/www.fotofreunde-lev.de\/wp-content\/uploads\/2014\/05\/Schlei-002.jpg\" data-orig-size=\"1024,768\" data-comments-opened=\"1\" data-image-meta=\"{&quot;aperture&quot;:&quot;4&quot;,&quot;credit&quot;:&quot;&quot;,&quot;camera&quot;:&quot;Canon PowerShot G11&quot;,&quot;caption&quot;:&quot;&quot;,&quot;created_timestamp&quot;:&quot;1400330518&quot;,&quot;copyright&quot;:&quot;&quot;,&quot;focal_length&quot;:&quot;21.461&quot;,&quot;iso&quot;:&quot;80&quot;,&quot;shutter_speed&quot;:&quot;0.00125&quot;,&quot;title&quot;:&quot;&quot;}\" data-image-title=\"Schlei 002\" data-image-description=\"\" data-medium-file=\"https:\/\/www.fotofreunde-lev.de\/wp-content\/uploads\/2014\/05\/Schlei-002-440x330.jpg\" data-large-file=\"https:\/\/www.fotofreunde-lev.de\/wp-content\/uploads\/2014\/05\/Schlei-002-980x735.jpg\" src=\"https:\/\/www.fotofreunde-lev.de\/wp-content\/uploads\/2014\/05\/Schlei-002.jpg?w=246&#038;h=185\" width=\"246\" height=\"185\" align=\"left\" title=\"Schlei 002\" \/><\/a><div class=\"tiled-gallery-caption\">Schlei<\/div><\/div><div class=\"tiled-gallery-item tiled-gallery-item-small\"><a href=\"https:\/\/www.fotofreunde-lev.de\/?attachment_id=2563\"><img loading=\"lazy\" decoding=\"async\" data-attachment-id=\"2563\" data-orig-file=\"https:\/\/www.fotofreunde-lev.de\/wp-content\/uploads\/2014\/05\/Schlei-003.jpg\" data-orig-size=\"1024,768\" data-comments-opened=\"1\" data-image-meta=\"{&quot;aperture&quot;:&quot;4&quot;,&quot;credit&quot;:&quot;&quot;,&quot;camera&quot;:&quot;Canon PowerShot G11&quot;,&quot;caption&quot;:&quot;&quot;,&quot;created_timestamp&quot;:&quot;1400331298&quot;,&quot;copyright&quot;:&quot;&quot;,&quot;focal_length&quot;:&quot;6.1&quot;,&quot;iso&quot;:&quot;80&quot;,&quot;shutter_speed&quot;:&quot;0.0015625&quot;,&quot;title&quot;:&quot;&quot;}\" data-image-title=\"Schlei 003\" data-image-description=\"\" data-medium-file=\"https:\/\/www.fotofreunde-lev.de\/wp-content\/uploads\/2014\/05\/Schlei-003-440x330.jpg\" data-large-file=\"https:\/\/www.fotofreunde-lev.de\/wp-content\/uploads\/2014\/05\/Schlei-003-980x735.jpg\" src=\"https:\/\/www.fotofreunde-lev.de\/wp-content\/uploads\/2014\/05\/Schlei-003.jpg?w=246&#038;h=184\" width=\"246\" height=\"184\" align=\"left\" title=\"Schlei 003\" \/><\/a><div class=\"tiled-gallery-caption\">Schlei<\/div><\/div><\/div><\/div><div class=\"gallery-row\" style=\"width: 751px; height: 526px;\"><div class=\"gallery-group images-2\" style=\"width: 352px; height: 530px;\"><div class=\"tiled-gallery-item tiled-gallery-item-large\"><a href=\"https:\/\/www.fotofreunde-lev.de\/?attachment_id=2564\"><img loading=\"lazy\" decoding=\"async\" data-attachment-id=\"2564\" data-orig-file=\"https:\/\/www.fotofreunde-lev.de\/wp-content\/uploads\/2014\/05\/Schlei-004.jpg\" data-orig-size=\"1024,768\" data-comments-opened=\"1\" data-image-meta=\"{&quot;aperture&quot;:&quot;4&quot;,&quot;credit&quot;:&quot;&quot;,&quot;camera&quot;:&quot;Canon PowerShot G11&quot;,&quot;caption&quot;:&quot;&quot;,&quot;created_timestamp&quot;:&quot;1399903324&quot;,&quot;copyright&quot;:&quot;&quot;,&quot;focal_length&quot;:&quot;13.761&quot;,&quot;iso&quot;:&quot;80&quot;,&quot;shutter_speed&quot;:&quot;0.000625&quot;,&quot;title&quot;:&quot;&quot;}\" data-image-title=\"Schlei 004\" data-image-description=\"\" data-medium-file=\"https:\/\/www.fotofreunde-lev.de\/wp-content\/uploads\/2014\/05\/Schlei-004-440x330.jpg\" data-large-file=\"https:\/\/www.fotofreunde-lev.de\/wp-content\/uploads\/2014\/05\/Schlei-004-980x735.jpg\" src=\"https:\/\/www.fotofreunde-lev.de\/wp-content\/uploads\/2014\/05\/Schlei-004.jpg?w=348&#038;h=261\" width=\"348\" height=\"261\" align=\"left\" title=\"Schlei 004\" \/><\/a><div class=\"tiled-gallery-caption\">Schlei<\/div><\/div><div class=\"tiled-gallery-item tiled-gallery-item-large\"><a href=\"https:\/\/www.fotofreunde-lev.de\/?attachment_id=2565\"><img loading=\"lazy\" decoding=\"async\" data-attachment-id=\"2565\" data-orig-file=\"https:\/\/www.fotofreunde-lev.de\/wp-content\/uploads\/2014\/05\/Schlei-005.jpg\" data-orig-size=\"1024,768\" data-comments-opened=\"1\" data-image-meta=\"{&quot;aperture&quot;:&quot;4&quot;,&quot;credit&quot;:&quot;&quot;,&quot;camera&quot;:&quot;Canon PowerShot G11&quot;,&quot;caption&quot;:&quot;&quot;,&quot;created_timestamp&quot;:&quot;1399903342&quot;,&quot;copyright&quot;:&quot;&quot;,&quot;focal_length&quot;:&quot;6.1&quot;,&quot;iso&quot;:&quot;80&quot;,&quot;shutter_speed&quot;:&quot;0.0008&quot;,&quot;title&quot;:&quot;&quot;}\" data-image-title=\"Schlei 005\" data-image-description=\"\" data-medium-file=\"https:\/\/www.fotofreunde-lev.de\/wp-content\/uploads\/2014\/05\/Schlei-005-440x330.jpg\" data-large-file=\"https:\/\/www.fotofreunde-lev.de\/wp-content\/uploads\/2014\/05\/Schlei-005-980x735.jpg\" src=\"https:\/\/www.fotofreunde-lev.de\/wp-content\/uploads\/2014\/05\/Schlei-005.jpg?w=348&#038;h=261\" width=\"348\" height=\"261\" align=\"left\" title=\"Schlei 005\" \/><\/a><div class=\"tiled-gallery-caption\">Schlei<\/div><\/div><\/div><div class=\"gallery-group images-1\" style=\"width: 399px; height: 530px;\"><div class=\"tiled-gallery-item tiled-gallery-item-large\"><a href=\"https:\/\/www.fotofreunde-lev.de\/?attachment_id=2566\"><img loading=\"lazy\" decoding=\"async\" data-attachment-id=\"2566\" data-orig-file=\"https:\/\/www.fotofreunde-lev.de\/wp-content\/uploads\/2014\/05\/Schlei-006.jpg\" data-orig-size=\"768,1024\" data-comments-opened=\"1\" data-image-meta=\"{&quot;aperture&quot;:&quot;4&quot;,&quot;credit&quot;:&quot;&quot;,&quot;camera&quot;:&quot;Canon PowerShot G11&quot;,&quot;caption&quot;:&quot;&quot;,&quot;created_timestamp&quot;:&quot;1400333669&quot;,&quot;copyright&quot;:&quot;&quot;,&quot;focal_length&quot;:&quot;6.1&quot;,&quot;iso&quot;:&quot;80&quot;,&quot;shutter_speed&quot;:&quot;0.0008&quot;,&quot;title&quot;:&quot;&quot;}\" data-image-title=\"Schlei 006\" data-image-description=\"\" data-medium-file=\"https:\/\/www.fotofreunde-lev.de\/wp-content\/uploads\/2014\/05\/Schlei-006-330x440.jpg\" data-large-file=\"https:\/\/www.fotofreunde-lev.de\/wp-content\/uploads\/2014\/05\/Schlei-006.jpg\" src=\"https:\/\/www.fotofreunde-lev.de\/wp-content\/uploads\/2014\/05\/Schlei-006.jpg?w=395&#038;h=526\" width=\"395\" height=\"526\" align=\"left\" title=\"Schlei 006\" \/><\/a><div class=\"tiled-gallery-caption\">Schlei<\/div><\/div><\/div><\/div><div class=\"gallery-row\" style=\"width: 751px; height: 272px;\"><div class=\"gallery-group images-1\" style=\"width: 385px; height: 276px;\"><div class=\"tiled-gallery-item tiled-gallery-item-large\"><a href=\"https:\/\/www.fotofreunde-lev.de\/?attachment_id=2567\"><img loading=\"lazy\" decoding=\"async\" data-attachment-id=\"2567\" data-orig-file=\"https:\/\/www.fotofreunde-lev.de\/wp-content\/uploads\/2014\/05\/Schlei-007.jpg\" data-orig-size=\"1024,731\" data-comments-opened=\"1\" data-image-meta=\"{&quot;aperture&quot;:&quot;4&quot;,&quot;credit&quot;:&quot;&quot;,&quot;camera&quot;:&quot;Canon PowerShot G11&quot;,&quot;caption&quot;:&quot;&quot;,&quot;created_timestamp&quot;:&quot;1400334898&quot;,&quot;copyright&quot;:&quot;&quot;,&quot;focal_length&quot;:&quot;6.1&quot;,&quot;iso&quot;:&quot;80&quot;,&quot;shutter_speed&quot;:&quot;0.003125&quot;,&quot;title&quot;:&quot;&quot;}\" data-image-title=\"Schlei 007\" data-image-description=\"\" data-medium-file=\"https:\/\/www.fotofreunde-lev.de\/wp-content\/uploads\/2014\/05\/Schlei-007-440x314.jpg\" data-large-file=\"https:\/\/www.fotofreunde-lev.de\/wp-content\/uploads\/2014\/05\/Schlei-007-980x699.jpg\" src=\"https:\/\/www.fotofreunde-lev.de\/wp-content\/uploads\/2014\/05\/Schlei-007.jpg?w=381&#038;h=272\" width=\"381\" height=\"272\" align=\"left\" title=\"Schlei 007\" \/><\/a><div class=\"tiled-gallery-caption\">Schlei, alte Br\u00fccke in Lindaunis<\/div><\/div><\/div><div class=\"gallery-group images-1\" style=\"width: 366px; height: 276px;\"><div class=\"tiled-gallery-item tiled-gallery-item-large\"><a href=\"https:\/\/www.fotofreunde-lev.de\/?attachment_id=2568\"><img loading=\"lazy\" decoding=\"async\" data-attachment-id=\"2568\" data-orig-file=\"https:\/\/www.fotofreunde-lev.de\/wp-content\/uploads\/2014\/05\/Schlei-008.jpg\" data-orig-size=\"1024,768\" data-comments-opened=\"1\" data-image-meta=\"{&quot;aperture&quot;:&quot;3.2&quot;,&quot;credit&quot;:&quot;&quot;,&quot;camera&quot;:&quot;Canon PowerShot G11&quot;,&quot;caption&quot;:&quot;&quot;,&quot;created_timestamp&quot;:&quot;1400335087&quot;,&quot;copyright&quot;:&quot;&quot;,&quot;focal_length&quot;:&quot;9.784&quot;,&quot;iso&quot;:&quot;80&quot;,&quot;shutter_speed&quot;:&quot;0.00125&quot;,&quot;title&quot;:&quot;&quot;}\" data-image-title=\"Schlei 008\" data-image-description=\"\" data-medium-file=\"https:\/\/www.fotofreunde-lev.de\/wp-content\/uploads\/2014\/05\/Schlei-008-440x330.jpg\" data-large-file=\"https:\/\/www.fotofreunde-lev.de\/wp-content\/uploads\/2014\/05\/Schlei-008-980x735.jpg\" src=\"https:\/\/www.fotofreunde-lev.de\/wp-content\/uploads\/2014\/05\/Schlei-008.jpg?w=362&#038;h=272\" width=\"362\" height=\"272\" align=\"left\" title=\"Schlei 008\" \/><\/a><div class=\"tiled-gallery-caption\">Schlei, alte Br\u00fccke in Lindaunis<\/div><\/div><\/div><\/div><div class=\"gallery-row\" style=\"width: 751px; height: 625px;\"><div class=\"gallery-group images-1\" style=\"width: 473px; height: 629px;\"><div class=\"tiled-gallery-item tiled-gallery-item-large\"><a href=\"https:\/\/www.fotofreunde-lev.de\/?attachment_id=2569\"><img loading=\"lazy\" decoding=\"async\" data-attachment-id=\"2569\" data-orig-file=\"https:\/\/www.fotofreunde-lev.de\/wp-content\/uploads\/2014\/05\/Schlei-009.jpg\" data-orig-size=\"768,1024\" data-comments-opened=\"1\" data-image-meta=\"{&quot;aperture&quot;:&quot;4&quot;,&quot;credit&quot;:&quot;&quot;,&quot;camera&quot;:&quot;Canon PowerShot G11&quot;,&quot;caption&quot;:&quot;&quot;,&quot;created_timestamp&quot;:&quot;1400154914&quot;,&quot;copyright&quot;:&quot;&quot;,&quot;focal_length&quot;:&quot;6.1&quot;,&quot;iso&quot;:&quot;80&quot;,&quot;shutter_speed&quot;:&quot;0.00625&quot;,&quot;title&quot;:&quot;&quot;}\" data-image-title=\"Schlei 009\" data-image-description=\"\" data-medium-file=\"https:\/\/www.fotofreunde-lev.de\/wp-content\/uploads\/2014\/05\/Schlei-009-330x440.jpg\" data-large-file=\"https:\/\/www.fotofreunde-lev.de\/wp-content\/uploads\/2014\/05\/Schlei-009.jpg\" src=\"https:\/\/www.fotofreunde-lev.de\/wp-content\/uploads\/2014\/05\/Schlei-009.jpg?w=469&#038;h=625\" width=\"469\" height=\"625\" align=\"left\" title=\"Schlei 009\" \/><\/a><div class=\"tiled-gallery-caption\">Thorsberger Moor<\/div><\/div><\/div><div class=\"gallery-group images-3\" style=\"width: 278px; height: 629px;\"><div class=\"tiled-gallery-item tiled-gallery-item-large\"><a href=\"https:\/\/www.fotofreunde-lev.de\/?attachment_id=2570\"><img loading=\"lazy\" decoding=\"async\" data-attachment-id=\"2570\" data-orig-file=\"https:\/\/www.fotofreunde-lev.de\/wp-content\/uploads\/2014\/05\/Schlei-010.jpg\" data-orig-size=\"1024,768\" data-comments-opened=\"1\" data-image-meta=\"{&quot;aperture&quot;:&quot;4&quot;,&quot;credit&quot;:&quot;&quot;,&quot;camera&quot;:&quot;Canon PowerShot G11&quot;,&quot;caption&quot;:&quot;&quot;,&quot;created_timestamp&quot;:&quot;1400154938&quot;,&quot;copyright&quot;:&quot;&quot;,&quot;focal_length&quot;:&quot;6.1&quot;,&quot;iso&quot;:&quot;80&quot;,&quot;shutter_speed&quot;:&quot;0.0025&quot;,&quot;title&quot;:&quot;&quot;}\" data-image-title=\"Schlei 010\" data-image-description=\"\" data-medium-file=\"https:\/\/www.fotofreunde-lev.de\/wp-content\/uploads\/2014\/05\/Schlei-010-440x330.jpg\" data-large-file=\"https:\/\/www.fotofreunde-lev.de\/wp-content\/uploads\/2014\/05\/Schlei-010-980x735.jpg\" src=\"https:\/\/www.fotofreunde-lev.de\/wp-content\/uploads\/2014\/05\/Schlei-010.jpg?w=274&#038;h=206\" width=\"274\" height=\"206\" align=\"left\" title=\"Schlei 010\" \/><\/a><div class=\"tiled-gallery-caption\">Thorsberger Moor<\/div><\/div><div class=\"tiled-gallery-item tiled-gallery-item-large\"><a href=\"https:\/\/www.fotofreunde-lev.de\/?attachment_id=2571\"><img loading=\"lazy\" decoding=\"async\" data-attachment-id=\"2571\" data-orig-file=\"https:\/\/www.fotofreunde-lev.de\/wp-content\/uploads\/2014\/05\/Schlei-011.jpg\" data-orig-size=\"1024,768\" data-comments-opened=\"1\" data-image-meta=\"{&quot;aperture&quot;:&quot;5&quot;,&quot;credit&quot;:&quot;&quot;,&quot;camera&quot;:&quot;Canon PowerShot G11&quot;,&quot;caption&quot;:&quot;&quot;,&quot;created_timestamp&quot;:&quot;1399897489&quot;,&quot;copyright&quot;:&quot;&quot;,&quot;focal_length&quot;:&quot;6.1&quot;,&quot;iso&quot;:&quot;80&quot;,&quot;shutter_speed&quot;:&quot;0.01&quot;,&quot;title&quot;:&quot;&quot;}\" data-image-title=\"Schlei 011\" data-image-description=\"\" data-medium-file=\"https:\/\/www.fotofreunde-lev.de\/wp-content\/uploads\/2014\/05\/Schlei-011-440x330.jpg\" data-large-file=\"https:\/\/www.fotofreunde-lev.de\/wp-content\/uploads\/2014\/05\/Schlei-011-980x735.jpg\" src=\"https:\/\/www.fotofreunde-lev.de\/wp-content\/uploads\/2014\/05\/Schlei-011.jpg?w=274&#038;h=206\" width=\"274\" height=\"206\" align=\"left\" title=\"Schlei 011\" \/><\/a><div class=\"tiled-gallery-caption\">Wikinger-Museum<\/div><\/div><div class=\"tiled-gallery-item tiled-gallery-item-large\"><a href=\"https:\/\/www.fotofreunde-lev.de\/?attachment_id=2572\"><img loading=\"lazy\" decoding=\"async\" data-attachment-id=\"2572\" data-orig-file=\"https:\/\/www.fotofreunde-lev.de\/wp-content\/uploads\/2014\/05\/Schlei-012.jpg\" data-orig-size=\"1024,768\" data-comments-opened=\"1\" data-image-meta=\"{&quot;aperture&quot;:&quot;4&quot;,&quot;credit&quot;:&quot;&quot;,&quot;camera&quot;:&quot;Canon PowerShot G11&quot;,&quot;caption&quot;:&quot;&quot;,&quot;created_timestamp&quot;:&quot;1400160107&quot;,&quot;copyright&quot;:&quot;&quot;,&quot;focal_length&quot;:&quot;9.784&quot;,&quot;iso&quot;:&quot;80&quot;,&quot;shutter_speed&quot;:&quot;0.00125&quot;,&quot;title&quot;:&quot;&quot;}\" data-image-title=\"Schlei 012\" data-image-description=\"\" data-medium-file=\"https:\/\/www.fotofreunde-lev.de\/wp-content\/uploads\/2014\/05\/Schlei-012-440x330.jpg\" data-large-file=\"https:\/\/www.fotofreunde-lev.de\/wp-content\/uploads\/2014\/05\/Schlei-012-980x735.jpg\" src=\"https:\/\/www.fotofreunde-lev.de\/wp-content\/uploads\/2014\/05\/Schlei-012.jpg?w=274&#038;h=205\" width=\"274\" height=\"205\" align=\"left\" title=\"Schlei 012\" \/><\/a><div class=\"tiled-gallery-caption\">Feudaler Gutshof<\/div><\/div><\/div><\/div><div class=\"gallery-row\" style=\"width: 751px; height: 373px;\"><div class=\"gallery-group images-1\" style=\"width: 501px; height: 377px;\"><div class=\"tiled-gallery-item tiled-gallery-item-large\"><a href=\"https:\/\/www.fotofreunde-lev.de\/?attachment_id=2573\"><img loading=\"lazy\" decoding=\"async\" data-attachment-id=\"2573\" data-orig-file=\"https:\/\/www.fotofreunde-lev.de\/wp-content\/uploads\/2014\/05\/Schlei-013.jpg\" data-orig-size=\"1024,768\" data-comments-opened=\"1\" data-image-meta=\"{&quot;aperture&quot;:&quot;4&quot;,&quot;credit&quot;:&quot;&quot;,&quot;camera&quot;:&quot;Canon PowerShot G11&quot;,&quot;caption&quot;:&quot;&quot;,&quot;created_timestamp&quot;:&quot;1400160011&quot;,&quot;copyright&quot;:&quot;&quot;,&quot;focal_length&quot;:&quot;9.784&quot;,&quot;iso&quot;:&quot;80&quot;,&quot;shutter_speed&quot;:&quot;0.003125&quot;,&quot;title&quot;:&quot;&quot;}\" data-image-title=\"Schlei 013\" data-image-description=\"\" data-medium-file=\"https:\/\/www.fotofreunde-lev.de\/wp-content\/uploads\/2014\/05\/Schlei-013-440x330.jpg\" data-large-file=\"https:\/\/www.fotofreunde-lev.de\/wp-content\/uploads\/2014\/05\/Schlei-013-980x735.jpg\" src=\"https:\/\/www.fotofreunde-lev.de\/wp-content\/uploads\/2014\/05\/Schlei-013.jpg?w=497&#038;h=373\" width=\"497\" height=\"373\" align=\"left\" title=\"Schlei 013\" \/><\/a><div class=\"tiled-gallery-caption\">Dorfteich<\/div><\/div><\/div><div class=\"gallery-group images-2\" style=\"width: 250px; height: 377px;\"><div class=\"tiled-gallery-item tiled-gallery-item-small\"><a href=\"https:\/\/www.fotofreunde-lev.de\/?attachment_id=2574\"><img loading=\"lazy\" decoding=\"async\" data-attachment-id=\"2574\" data-orig-file=\"https:\/\/www.fotofreunde-lev.de\/wp-content\/uploads\/2014\/05\/Schlei-014.jpg\" data-orig-size=\"1024,768\" data-comments-opened=\"1\" data-image-meta=\"{&quot;aperture&quot;:&quot;3.2&quot;,&quot;credit&quot;:&quot;&quot;,&quot;camera&quot;:&quot;Canon PowerShot G11&quot;,&quot;caption&quot;:&quot;&quot;,&quot;created_timestamp&quot;:&quot;1400502503&quot;,&quot;copyright&quot;:&quot;&quot;,&quot;focal_length&quot;:&quot;8.108&quot;,&quot;iso&quot;:&quot;80&quot;,&quot;shutter_speed&quot;:&quot;0.0008&quot;,&quot;title&quot;:&quot;&quot;}\" data-image-title=\"Schlei 014\" data-image-description=\"\" data-medium-file=\"https:\/\/www.fotofreunde-lev.de\/wp-content\/uploads\/2014\/05\/Schlei-014-440x330.jpg\" data-large-file=\"https:\/\/www.fotofreunde-lev.de\/wp-content\/uploads\/2014\/05\/Schlei-014-980x735.jpg\" src=\"https:\/\/www.fotofreunde-lev.de\/wp-content\/uploads\/2014\/05\/Schlei-014.jpg?w=246&#038;h=185\" width=\"246\" height=\"185\" align=\"left\" title=\"Schlei 014\" \/><\/a><div class=\"tiled-gallery-caption\">Flensburg<\/div><\/div><div class=\"tiled-gallery-item tiled-gallery-item-small\"><a href=\"https:\/\/www.fotofreunde-lev.de\/?attachment_id=2575\"><img loading=\"lazy\" decoding=\"async\" data-attachment-id=\"2575\" data-orig-file=\"https:\/\/www.fotofreunde-lev.de\/wp-content\/uploads\/2014\/05\/Schlei-015.jpg\" data-orig-size=\"1024,768\" data-comments-opened=\"1\" data-image-meta=\"{&quot;aperture&quot;:&quot;4&quot;,&quot;credit&quot;:&quot;&quot;,&quot;camera&quot;:&quot;Canon PowerShot G11&quot;,&quot;caption&quot;:&quot;&quot;,&quot;created_timestamp&quot;:&quot;1400502558&quot;,&quot;copyright&quot;:&quot;&quot;,&quot;focal_length&quot;:&quot;21.461&quot;,&quot;iso&quot;:&quot;80&quot;,&quot;shutter_speed&quot;:&quot;0.00125&quot;,&quot;title&quot;:&quot;&quot;}\" data-image-title=\"Schlei 015\" data-image-description=\"\" data-medium-file=\"https:\/\/www.fotofreunde-lev.de\/wp-content\/uploads\/2014\/05\/Schlei-015-440x330.jpg\" data-large-file=\"https:\/\/www.fotofreunde-lev.de\/wp-content\/uploads\/2014\/05\/Schlei-015-980x735.jpg\" src=\"https:\/\/www.fotofreunde-lev.de\/wp-content\/uploads\/2014\/05\/Schlei-015.jpg?w=246&#038;h=184\" width=\"246\" height=\"184\" align=\"left\" title=\"Schlei 015\" \/><\/a><div class=\"tiled-gallery-caption\">Flensburg<\/div><\/div><\/div><\/div><div class=\"gallery-row\" style=\"width: 751px; height: 182px;\"><div class=\"gallery-group images-1\" style=\"width: 246px; height: 186px;\"><div class=\"tiled-gallery-item tiled-gallery-item-small\"><a href=\"https:\/\/www.fotofreunde-lev.de\/?attachment_id=2576\"><img loading=\"lazy\" decoding=\"async\" data-attachment-id=\"2576\" data-orig-file=\"https:\/\/www.fotofreunde-lev.de\/wp-content\/uploads\/2014\/05\/Schlei-016.jpg\" data-orig-size=\"1024,768\" data-comments-opened=\"1\" data-image-meta=\"{&quot;aperture&quot;:&quot;3.5&quot;,&quot;credit&quot;:&quot;&quot;,&quot;camera&quot;:&quot;Canon PowerShot G11&quot;,&quot;caption&quot;:&quot;&quot;,&quot;created_timestamp&quot;:&quot;1400501763&quot;,&quot;copyright&quot;:&quot;&quot;,&quot;focal_length&quot;:&quot;13.761&quot;,&quot;iso&quot;:&quot;80&quot;,&quot;shutter_speed&quot;:&quot;0.001&quot;,&quot;title&quot;:&quot;&quot;}\" data-image-title=\"Schlei 016\" data-image-description=\"\" data-medium-file=\"https:\/\/www.fotofreunde-lev.de\/wp-content\/uploads\/2014\/05\/Schlei-016-440x330.jpg\" data-large-file=\"https:\/\/www.fotofreunde-lev.de\/wp-content\/uploads\/2014\/05\/Schlei-016-980x735.jpg\" src=\"https:\/\/www.fotofreunde-lev.de\/wp-content\/uploads\/2014\/05\/Schlei-016.jpg?w=242&#038;h=182\" width=\"242\" height=\"182\" align=\"left\" title=\"Schlei 016\" \/><\/a><div class=\"tiled-gallery-caption\">Flensburg<\/div><\/div><\/div><div class=\"gallery-group images-1\" style=\"width: 259px; height: 186px;\"><div class=\"tiled-gallery-item tiled-gallery-item-large\"><a href=\"https:\/\/www.fotofreunde-lev.de\/?attachment_id=2577\"><img loading=\"lazy\" decoding=\"async\" data-attachment-id=\"2577\" data-orig-file=\"https:\/\/www.fotofreunde-lev.de\/wp-content\/uploads\/2014\/05\/Schlei-017.jpg\" data-orig-size=\"1024,731\" data-comments-opened=\"1\" data-image-meta=\"{&quot;aperture&quot;:&quot;2.8&quot;,&quot;credit&quot;:&quot;&quot;,&quot;camera&quot;:&quot;Canon PowerShot G11&quot;,&quot;caption&quot;:&quot;&quot;,&quot;created_timestamp&quot;:&quot;1400503181&quot;,&quot;copyright&quot;:&quot;&quot;,&quot;focal_length&quot;:&quot;6.1&quot;,&quot;iso&quot;:&quot;80&quot;,&quot;shutter_speed&quot;:&quot;0.003125&quot;,&quot;title&quot;:&quot;&quot;}\" data-image-title=\"Schlei 017\" data-image-description=\"\" data-medium-file=\"https:\/\/www.fotofreunde-lev.de\/wp-content\/uploads\/2014\/05\/Schlei-017-440x314.jpg\" data-large-file=\"https:\/\/www.fotofreunde-lev.de\/wp-content\/uploads\/2014\/05\/Schlei-017-980x699.jpg\" src=\"https:\/\/www.fotofreunde-lev.de\/wp-content\/uploads\/2014\/05\/Schlei-017.jpg?w=255&#038;h=182\" width=\"255\" height=\"182\" align=\"left\" title=\"Schlei 017\" \/><\/a><div class=\"tiled-gallery-caption\">Flensburg<\/div><\/div><\/div><div class=\"gallery-group images-1\" style=\"width: 246px; height: 186px;\"><div class=\"tiled-gallery-item tiled-gallery-item-small\"><a href=\"https:\/\/www.fotofreunde-lev.de\/?attachment_id=2578\"><img loading=\"lazy\" decoding=\"async\" data-attachment-id=\"2578\" data-orig-file=\"https:\/\/www.fotofreunde-lev.de\/wp-content\/uploads\/2014\/05\/Schlei-018.jpg\" data-orig-size=\"1024,768\" data-comments-opened=\"1\" data-image-meta=\"{&quot;aperture&quot;:&quot;2.8&quot;,&quot;credit&quot;:&quot;&quot;,&quot;camera&quot;:&quot;Canon PowerShot G11&quot;,&quot;caption&quot;:&quot;&quot;,&quot;created_timestamp&quot;:&quot;1400503420&quot;,&quot;copyright&quot;:&quot;&quot;,&quot;focal_length&quot;:&quot;6.1&quot;,&quot;iso&quot;:&quot;80&quot;,&quot;shutter_speed&quot;:&quot;0.0015625&quot;,&quot;title&quot;:&quot;&quot;}\" data-image-title=\"Schlei 018\" data-image-description=\"\" data-medium-file=\"https:\/\/www.fotofreunde-lev.de\/wp-content\/uploads\/2014\/05\/Schlei-018-440x330.jpg\" data-large-file=\"https:\/\/www.fotofreunde-lev.de\/wp-content\/uploads\/2014\/05\/Schlei-018-980x735.jpg\" src=\"https:\/\/www.fotofreunde-lev.de\/wp-content\/uploads\/2014\/05\/Schlei-018.jpg?w=242&#038;h=182\" width=\"242\" height=\"182\" align=\"left\" title=\"Schlei 018\" \/><\/a><div class=\"tiled-gallery-caption\">Flensburg<\/div><\/div><\/div><\/div><div class=\"gallery-row\" style=\"width: 751px; height: 345px;\"><div class=\"gallery-group images-1\" style=\"width: 263px; height: 349px;\"><div class=\"tiled-gallery-item tiled-gallery-item-large\"><a href=\"https:\/\/www.fotofreunde-lev.de\/?attachment_id=2579\"><img loading=\"lazy\" decoding=\"async\" data-attachment-id=\"2579\" data-orig-file=\"https:\/\/www.fotofreunde-lev.de\/wp-content\/uploads\/2014\/05\/Schlei-019.jpg\" data-orig-size=\"768,1024\" data-comments-opened=\"1\" data-image-meta=\"{&quot;aperture&quot;:&quot;2.8&quot;,&quot;credit&quot;:&quot;&quot;,&quot;camera&quot;:&quot;Canon PowerShot G11&quot;,&quot;caption&quot;:&quot;&quot;,&quot;created_timestamp&quot;:&quot;1400504536&quot;,&quot;copyright&quot;:&quot;&quot;,&quot;focal_length&quot;:&quot;6.1&quot;,&quot;iso&quot;:&quot;80&quot;,&quot;shutter_speed&quot;:&quot;0.0166666666667&quot;,&quot;title&quot;:&quot;&quot;}\" data-image-title=\"Schlei 019\" data-image-description=\"\" data-medium-file=\"https:\/\/www.fotofreunde-lev.de\/wp-content\/uploads\/2014\/05\/Schlei-019-330x440.jpg\" data-large-file=\"https:\/\/www.fotofreunde-lev.de\/wp-content\/uploads\/2014\/05\/Schlei-019.jpg\" src=\"https:\/\/www.fotofreunde-lev.de\/wp-content\/uploads\/2014\/05\/Schlei-019.jpg?w=259&#038;h=345\" width=\"259\" height=\"345\" align=\"left\" title=\"Schlei 019\" \/><\/a><div class=\"tiled-gallery-caption\">Flensburg<\/div><\/div><\/div><div class=\"gallery-group images-1\" style=\"width: 488px; height: 349px;\"><div class=\"tiled-gallery-item tiled-gallery-item-large\"><a href=\"https:\/\/www.fotofreunde-lev.de\/?attachment_id=2581\"><img loading=\"lazy\" decoding=\"async\" data-attachment-id=\"2581\" data-orig-file=\"https:\/\/www.fotofreunde-lev.de\/wp-content\/uploads\/2014\/05\/Schlei-021.jpg\" data-orig-size=\"1024,731\" data-comments-opened=\"1\" data-image-meta=\"{&quot;aperture&quot;:&quot;5.6&quot;,&quot;credit&quot;:&quot;&quot;,&quot;camera&quot;:&quot;Canon PowerShot G11&quot;,&quot;caption&quot;:&quot;&quot;,&quot;created_timestamp&quot;:&quot;1400504880&quot;,&quot;copyright&quot;:&quot;&quot;,&quot;focal_length&quot;:&quot;6.1&quot;,&quot;iso&quot;:&quot;80&quot;,&quot;shutter_speed&quot;:&quot;0.0125&quot;,&quot;title&quot;:&quot;&quot;}\" data-image-title=\"\" data-image-description=\"\" data-medium-file=\"https:\/\/www.fotofreunde-lev.de\/wp-content\/uploads\/2014\/05\/Schlei-021-440x314.jpg\" data-large-file=\"https:\/\/www.fotofreunde-lev.de\/wp-content\/uploads\/2014\/05\/Schlei-021-980x699.jpg\" src=\"https:\/\/www.fotofreunde-lev.de\/wp-content\/uploads\/2014\/05\/Schlei-021.jpg?w=484&#038;h=345\" width=\"484\" height=\"345\" align=\"left\" title=\"\" \/><\/a><div class=\"tiled-gallery-caption\">W.Schumacher<\/div><\/div><\/div><\/div><div class=\"gallery-row\" style=\"width: 751px; height: 417px;\"><div class=\"gallery-group images-1\" style=\"width: 751px; height: 421px;\"><div class=\"tiled-gallery-item tiled-gallery-item-large\"><a href=\"https:\/\/www.fotofreunde-lev.de\/?attachment_id=2580\"><img loading=\"lazy\" decoding=\"async\" data-attachment-id=\"2580\" data-orig-file=\"https:\/\/www.fotofreunde-lev.de\/wp-content\/uploads\/2014\/05\/Schlei-020.jpg\" data-orig-size=\"1024,572\" data-comments-opened=\"1\" data-image-meta=\"{&quot;aperture&quot;:&quot;5.6&quot;,&quot;credit&quot;:&quot;&quot;,&quot;camera&quot;:&quot;Canon PowerShot G11&quot;,&quot;caption&quot;:&quot;&quot;,&quot;created_timestamp&quot;:&quot;1400504599&quot;,&quot;copyright&quot;:&quot;&quot;,&quot;focal_length&quot;:&quot;6.1&quot;,&quot;iso&quot;:&quot;80&quot;,&quot;shutter_speed&quot;:&quot;0.0125&quot;,&quot;title&quot;:&quot;&quot;}\" data-image-title=\"Schlei 020\" data-image-description=\"\" data-medium-file=\"https:\/\/www.fotofreunde-lev.de\/wp-content\/uploads\/2014\/05\/Schlei-020-440x245.jpg\" data-large-file=\"https:\/\/www.fotofreunde-lev.de\/wp-content\/uploads\/2014\/05\/Schlei-020-980x547.jpg\" src=\"https:\/\/www.fotofreunde-lev.de\/wp-content\/uploads\/2014\/05\/Schlei-020.jpg?w=747&#038;h=417\" width=\"747\" height=\"417\" align=\"left\" title=\"Schlei 020\" \/><\/a><div class=\"tiled-gallery-caption\">Flensburg, T\u00e4towierers Shop<\/div><\/div><\/div><\/div><\/div>\n<p>&nbsp;<\/p>\n<p>&nbsp;<\/p>\n","protected":false},"excerpt":{"rendered":"<p>Im Mai war ich f\u00fcr 2 Wochen an der Schlei, dies ist ein Ostsee-Fjord von 45 km L\u00e4nge und einer durchschnittlichen Breite von ca. 1 km. Dieser liegt ganz hoch im Norden, kurz vor Flensburg. Die Landschaft dort ist gepr\u00e4gt von Ackerbau und Viehzucht aber &hellip; <a href=\"https:\/\/www.fotofreunde-lev.de\/?p=2560\" class=\"more-link\"><span>Weiterlesen &#8230;<span class=\"screen-reader-text\">Die SCHLEI, ein Ostsee-Fjord der Superlative<\/span><\/span><\/a><\/p>\n","protected":false},"author":16,"featured_media":2563,"comment_status":"open","ping_status":"open","sticky":false,"template":"","format":"gallery","meta":{"footnotes":"","_links_to":"","_links_to_target":""},"categories":[4,23],"tags":[290,323,322,321],"class_list":["post-2560","post","type-post","status-publish","format-gallery","has-post-thumbnail","hentry","category-architektur","category-landschaft","tag-flensburg","tag-geltinger-birk","tag-kappeln","tag-schlei","post_format-post-format-gallery"],"_links":{"self":[{"href":"https:\/\/www.fotofreunde-lev.de\/index.php?rest_route=\/wp\/v2\/posts\/2560","targetHints":{"allow":["GET"]}}],"collection":[{"href":"https:\/\/www.fotofreunde-lev.de\/index.php?rest_route=\/wp\/v2\/posts"}],"about":[{"href":"https:\/\/www.fotofreunde-lev.de\/index.php?rest_route=\/wp\/v2\/types\/post"}],"author":[{"embeddable":true,"href":"https:\/\/www.fotofreunde-lev.de\/index.php?rest_route=\/wp\/v2\/users\/16"}],"replies":[{"embeddable":true,"href":"https:\/\/www.fotofreunde-lev.de\/index.php?rest_route=%2Fwp%2Fv2%2Fcomments&post=2560"}],"version-history":[{"count":7,"href":"https:\/\/www.fotofreunde-lev.de\/index.php?rest_route=\/wp\/v2\/posts\/2560\/revisions"}],"predecessor-version":[{"id":2592,"href":"https:\/\/www.fotofreunde-lev.de\/index.php?rest_route=\/wp\/v2\/posts\/2560\/revisions\/2592"}],"wp:featuredmedia":[{"embeddable":true,"href":"https:\/\/www.fotofreunde-lev.de\/index.php?rest_route=\/wp\/v2\/media\/2563"}],"wp:attachment":[{"href":"https:\/\/www.fotofreunde-lev.de\/index.php?rest_route=%2Fwp%2Fv2%2Fmedia&parent=2560"}],"wp:term":[{"taxonomy":"category","embeddable":true,"href":"https:\/\/www.fotofreunde-lev.de\/index.php?rest_route=%2Fwp%2Fv2%2Fcategories&post=2560"},{"taxonomy":"post_tag","embeddable":true,"href":"https:\/\/www.fotofreunde-lev.de\/index.php?rest_route=%2Fwp%2Fv2%2Ftags&post=2560"}],"curies":[{"name":"wp","href":"https:\/\/api.w.org\/{rel}","templated":true}]}}