{"id":2262,"date":"2014-01-30T19:02:28","date_gmt":"2014-01-30T18:02:28","guid":{"rendered":"http:\/\/www.fotofreunde-lev.de\/?p=2262"},"modified":"2020-08-17T18:16:51","modified_gmt":"2020-08-17T16:16:51","slug":"eiszeit-im-rheinland","status":"publish","type":"post","link":"https:\/\/www.fotofreunde-lev.de\/?p=2262","title":{"rendered":"Eiszeit im Rheinland"},"content":{"rendered":"<p>In der Nacht zu Mittwoch (29 Jan) hatten wir doch tats\u00e4chlich leichten Frost in unseren Gefilden. Die gut gef\u00fcllten Pf\u00fctzen hatten eine fragile Eisschicht. Da mich mein morgentlicher Spaziergang mit Hund in die Felder Hitdorf&#8217;s f\u00fchrt, habe ich mir meine kleine Canon PowerShot G11 in die Tasche gesteckt und die Eisbildung fotografiert. Anschlie\u00dfend wurden die ausgew\u00e4hlten Fotos in Photoshop bearbeitet (Tonwerttrennung und teilweise Solarisation). Hier ist das Ergebnis!<div data-carousel-extra='{\"blog_id\":1,\"permalink\":\"https:\\\/\\\/www.fotofreunde-lev.de\\\/?p=2262\",\"likes_blog_id\":false}' class=\"tiled-gallery type-rectangular tiled-gallery-unresized\" data-original-width=\"756\"><div class=\"gallery-row\" style=\"width: 751px; height: 332px;\"><div class=\"gallery-group images-1\" style=\"width: 501px; height: 336px;\"><div class=\"tiled-gallery-item tiled-gallery-item-large\"><a href=\"https:\/\/www.fotofreunde-lev.de\/?attachment_id=2264\"><img loading=\"lazy\" decoding=\"async\" data-attachment-id=\"2264\" data-orig-file=\"https:\/\/www.fotofreunde-lev.de\/wp-content\/uploads\/2014\/01\/Eiszeit_001.jpg\" data-orig-size=\"1024,683\" data-comments-opened=\"1\" data-image-meta=\"{&quot;aperture&quot;:&quot;4&quot;,&quot;credit&quot;:&quot;&quot;,&quot;camera&quot;:&quot;Canon PowerShot G11&quot;,&quot;caption&quot;:&quot;???????????????????????????????&quot;,&quot;created_timestamp&quot;:&quot;1390990626&quot;,&quot;copyright&quot;:&quot;&quot;,&quot;focal_length&quot;:&quot;6.1&quot;,&quot;iso&quot;:&quot;80&quot;,&quot;shutter_speed&quot;:&quot;0.0166666666667&quot;,&quot;title&quot;:&quot;&quot;}\" data-image-title=\"Eiszeit_001\" data-image-description=\"&lt;p&gt;???????????????????????????????&lt;\/p&gt;\n\" data-medium-file=\"https:\/\/www.fotofreunde-lev.de\/wp-content\/uploads\/2014\/01\/Eiszeit_001-440x293.jpg\" data-large-file=\"https:\/\/www.fotofreunde-lev.de\/wp-content\/uploads\/2014\/01\/Eiszeit_001-980x653.jpg\" src=\"https:\/\/www.fotofreunde-lev.de\/wp-content\/uploads\/2014\/01\/Eiszeit_001.jpg?w=497&#038;h=332\" width=\"497\" height=\"332\" align=\"left\" title=\"Eiszeit_001\" \/><\/a><\/div><\/div><div class=\"gallery-group images-2\" style=\"width: 250px; height: 336px;\"><div class=\"tiled-gallery-item tiled-gallery-item-small\"><a href=\"https:\/\/www.fotofreunde-lev.de\/?attachment_id=2265\"><img loading=\"lazy\" decoding=\"async\" data-attachment-id=\"2265\" data-orig-file=\"https:\/\/www.fotofreunde-lev.de\/wp-content\/uploads\/2014\/01\/Eiszeit_003.jpg\" data-orig-size=\"1024,683\" data-comments-opened=\"1\" data-image-meta=\"{&quot;aperture&quot;:&quot;4&quot;,&quot;credit&quot;:&quot;&quot;,&quot;camera&quot;:&quot;Canon PowerShot G11&quot;,&quot;caption&quot;:&quot;???????????????????????????????&quot;,&quot;created_timestamp&quot;:&quot;1390989883&quot;,&quot;copyright&quot;:&quot;&quot;,&quot;focal_length&quot;:&quot;6.1&quot;,&quot;iso&quot;:&quot;160&quot;,&quot;shutter_speed&quot;:&quot;0.0166666666667&quot;,&quot;title&quot;:&quot;&quot;}\" data-image-title=\"Eiszeit_003\" data-image-description=\"&lt;p&gt;???????????????????????????????&lt;\/p&gt;\n\" data-medium-file=\"https:\/\/www.fotofreunde-lev.de\/wp-content\/uploads\/2014\/01\/Eiszeit_003-440x293.jpg\" data-large-file=\"https:\/\/www.fotofreunde-lev.de\/wp-content\/uploads\/2014\/01\/Eiszeit_003-980x653.jpg\" src=\"https:\/\/www.fotofreunde-lev.de\/wp-content\/uploads\/2014\/01\/Eiszeit_003.jpg?w=246&#038;h=164\" width=\"246\" height=\"164\" align=\"left\" title=\"Eiszeit_003\" \/><\/a><\/div><div class=\"tiled-gallery-item tiled-gallery-item-small\"><a href=\"https:\/\/www.fotofreunde-lev.de\/?attachment_id=2266\"><img loading=\"lazy\" decoding=\"async\" data-attachment-id=\"2266\" data-orig-file=\"https:\/\/www.fotofreunde-lev.de\/wp-content\/uploads\/2014\/01\/Eiszeit_004.jpg\" data-orig-size=\"1024,683\" data-comments-opened=\"1\" data-image-meta=\"{&quot;aperture&quot;:&quot;4&quot;,&quot;credit&quot;:&quot;&quot;,&quot;camera&quot;:&quot;Canon PowerShot G11&quot;,&quot;caption&quot;:&quot;???????????????????????????????&quot;,&quot;created_timestamp&quot;:&quot;1390990007&quot;,&quot;copyright&quot;:&quot;&quot;,&quot;focal_length&quot;:&quot;6.1&quot;,&quot;iso&quot;:&quot;80&quot;,&quot;shutter_speed&quot;:&quot;0.0125&quot;,&quot;title&quot;:&quot;&quot;}\" data-image-title=\"Eiszeit_004\" data-image-description=\"&lt;p&gt;???????????????????????????????&lt;\/p&gt;\n\" data-medium-file=\"https:\/\/www.fotofreunde-lev.de\/wp-content\/uploads\/2014\/01\/Eiszeit_004-440x293.jpg\" data-large-file=\"https:\/\/www.fotofreunde-lev.de\/wp-content\/uploads\/2014\/01\/Eiszeit_004-980x653.jpg\" src=\"https:\/\/www.fotofreunde-lev.de\/wp-content\/uploads\/2014\/01\/Eiszeit_004.jpg?w=246&#038;h=164\" width=\"246\" height=\"164\" align=\"left\" title=\"Eiszeit_004\" \/><\/a><\/div><\/div><\/div><div class=\"gallery-row\" style=\"width: 751px; height: 164px;\"><div class=\"gallery-group images-1\" style=\"width: 251px; height: 168px;\"><div class=\"tiled-gallery-item tiled-gallery-item-small\"><a href=\"https:\/\/www.fotofreunde-lev.de\/?attachment_id=2267\"><img loading=\"lazy\" decoding=\"async\" data-attachment-id=\"2267\" data-orig-file=\"https:\/\/www.fotofreunde-lev.de\/wp-content\/uploads\/2014\/01\/Eiszeit_005.jpg\" data-orig-size=\"1024,683\" data-comments-opened=\"1\" data-image-meta=\"{&quot;aperture&quot;:&quot;4&quot;,&quot;credit&quot;:&quot;&quot;,&quot;camera&quot;:&quot;Canon PowerShot G11&quot;,&quot;caption&quot;:&quot;???????????????????????????????&quot;,&quot;created_timestamp&quot;:&quot;1390990016&quot;,&quot;copyright&quot;:&quot;&quot;,&quot;focal_length&quot;:&quot;6.1&quot;,&quot;iso&quot;:&quot;100&quot;,&quot;shutter_speed&quot;:&quot;0.0166666666667&quot;,&quot;title&quot;:&quot;&quot;}\" data-image-title=\"Eiszeit_005\" data-image-description=\"&lt;p&gt;???????????????????????????????&lt;\/p&gt;\n\" data-medium-file=\"https:\/\/www.fotofreunde-lev.de\/wp-content\/uploads\/2014\/01\/Eiszeit_005-440x293.jpg\" data-large-file=\"https:\/\/www.fotofreunde-lev.de\/wp-content\/uploads\/2014\/01\/Eiszeit_005-980x653.jpg\" src=\"https:\/\/www.fotofreunde-lev.de\/wp-content\/uploads\/2014\/01\/Eiszeit_005.jpg?w=247&#038;h=164\" width=\"247\" height=\"164\" align=\"left\" title=\"Eiszeit_005\" \/><\/a><\/div><\/div><div class=\"gallery-group images-1\" style=\"width: 250px; height: 168px;\"><div class=\"tiled-gallery-item tiled-gallery-item-small\"><a href=\"https:\/\/www.fotofreunde-lev.de\/?attachment_id=2268\"><img loading=\"lazy\" decoding=\"async\" data-attachment-id=\"2268\" data-orig-file=\"https:\/\/www.fotofreunde-lev.de\/wp-content\/uploads\/2014\/01\/Eiszeit_006.jpg\" data-orig-size=\"1024,683\" data-comments-opened=\"1\" data-image-meta=\"{&quot;aperture&quot;:&quot;4&quot;,&quot;credit&quot;:&quot;&quot;,&quot;camera&quot;:&quot;Canon PowerShot G11&quot;,&quot;caption&quot;:&quot;???????????????????????????????&quot;,&quot;created_timestamp&quot;:&quot;1390990053&quot;,&quot;copyright&quot;:&quot;&quot;,&quot;focal_length&quot;:&quot;6.1&quot;,&quot;iso&quot;:&quot;80&quot;,&quot;shutter_speed&quot;:&quot;0.0125&quot;,&quot;title&quot;:&quot;&quot;}\" data-image-title=\"Eiszeit_006\" data-image-description=\"&lt;p&gt;???????????????????????????????&lt;\/p&gt;\n\" data-medium-file=\"https:\/\/www.fotofreunde-lev.de\/wp-content\/uploads\/2014\/01\/Eiszeit_006-440x293.jpg\" data-large-file=\"https:\/\/www.fotofreunde-lev.de\/wp-content\/uploads\/2014\/01\/Eiszeit_006-980x653.jpg\" src=\"https:\/\/www.fotofreunde-lev.de\/wp-content\/uploads\/2014\/01\/Eiszeit_006.jpg?w=246&#038;h=164\" width=\"246\" height=\"164\" align=\"left\" title=\"Eiszeit_006\" \/><\/a><\/div><\/div><div class=\"gallery-group images-1\" style=\"width: 250px; height: 168px;\"><div class=\"tiled-gallery-item tiled-gallery-item-small\"><a href=\"https:\/\/www.fotofreunde-lev.de\/?attachment_id=2269\"><img loading=\"lazy\" decoding=\"async\" data-attachment-id=\"2269\" data-orig-file=\"https:\/\/www.fotofreunde-lev.de\/wp-content\/uploads\/2014\/01\/Eiszeit_007.jpg\" data-orig-size=\"1024,683\" data-comments-opened=\"1\" data-image-meta=\"{&quot;aperture&quot;:&quot;4&quot;,&quot;credit&quot;:&quot;&quot;,&quot;camera&quot;:&quot;Canon PowerShot G11&quot;,&quot;caption&quot;:&quot;???????????????????????????????&quot;,&quot;created_timestamp&quot;:&quot;1390990093&quot;,&quot;copyright&quot;:&quot;&quot;,&quot;focal_length&quot;:&quot;6.1&quot;,&quot;iso&quot;:&quot;80&quot;,&quot;shutter_speed&quot;:&quot;0.01&quot;,&quot;title&quot;:&quot;&quot;}\" data-image-title=\"Eiszeit_007\" data-image-description=\"&lt;p&gt;???????????????????????????????&lt;\/p&gt;\n\" data-medium-file=\"https:\/\/www.fotofreunde-lev.de\/wp-content\/uploads\/2014\/01\/Eiszeit_007-440x293.jpg\" data-large-file=\"https:\/\/www.fotofreunde-lev.de\/wp-content\/uploads\/2014\/01\/Eiszeit_007-980x653.jpg\" src=\"https:\/\/www.fotofreunde-lev.de\/wp-content\/uploads\/2014\/01\/Eiszeit_007.jpg?w=246&#038;h=164\" width=\"246\" height=\"164\" align=\"left\" title=\"Eiszeit_007\" \/><\/a><\/div><\/div><\/div><div class=\"gallery-row\" style=\"width: 751px; height: 332px;\"><div class=\"gallery-group images-2\" style=\"width: 250px; height: 336px;\"><div class=\"tiled-gallery-item tiled-gallery-item-small\"><a href=\"https:\/\/www.fotofreunde-lev.de\/?attachment_id=2270\"><img loading=\"lazy\" decoding=\"async\" data-attachment-id=\"2270\" data-orig-file=\"https:\/\/www.fotofreunde-lev.de\/wp-content\/uploads\/2014\/01\/Eiszeit_008.jpg\" data-orig-size=\"1024,683\" data-comments-opened=\"1\" data-image-meta=\"{&quot;aperture&quot;:&quot;4&quot;,&quot;credit&quot;:&quot;&quot;,&quot;camera&quot;:&quot;Canon PowerShot G11&quot;,&quot;caption&quot;:&quot;???????????????????????????????&quot;,&quot;created_timestamp&quot;:&quot;1390990145&quot;,&quot;copyright&quot;:&quot;&quot;,&quot;focal_length&quot;:&quot;6.1&quot;,&quot;iso&quot;:&quot;100&quot;,&quot;shutter_speed&quot;:&quot;0.0166666666667&quot;,&quot;title&quot;:&quot;&quot;}\" data-image-title=\"Eiszeit_008\" data-image-description=\"&lt;p&gt;???????????????????????????????&lt;\/p&gt;\n\" data-medium-file=\"https:\/\/www.fotofreunde-lev.de\/wp-content\/uploads\/2014\/01\/Eiszeit_008-440x293.jpg\" data-large-file=\"https:\/\/www.fotofreunde-lev.de\/wp-content\/uploads\/2014\/01\/Eiszeit_008-980x653.jpg\" src=\"https:\/\/www.fotofreunde-lev.de\/wp-content\/uploads\/2014\/01\/Eiszeit_008.jpg?w=246&#038;h=164\" width=\"246\" height=\"164\" align=\"left\" title=\"Eiszeit_008\" \/><\/a><\/div><div class=\"tiled-gallery-item tiled-gallery-item-small\"><a href=\"https:\/\/www.fotofreunde-lev.de\/?attachment_id=2271\"><img loading=\"lazy\" decoding=\"async\" data-attachment-id=\"2271\" data-orig-file=\"https:\/\/www.fotofreunde-lev.de\/wp-content\/uploads\/2014\/01\/Eiszeit_009.jpg\" data-orig-size=\"1024,683\" data-comments-opened=\"1\" data-image-meta=\"{&quot;aperture&quot;:&quot;4&quot;,&quot;credit&quot;:&quot;&quot;,&quot;camera&quot;:&quot;Canon PowerShot G11&quot;,&quot;caption&quot;:&quot;???????????????????????????????&quot;,&quot;created_timestamp&quot;:&quot;1390990260&quot;,&quot;copyright&quot;:&quot;&quot;,&quot;focal_length&quot;:&quot;6.1&quot;,&quot;iso&quot;:&quot;100&quot;,&quot;shutter_speed&quot;:&quot;0.0166666666667&quot;,&quot;title&quot;:&quot;&quot;}\" data-image-title=\"Eiszeit_009\" data-image-description=\"&lt;p&gt;???????????????????????????????&lt;\/p&gt;\n\" data-medium-file=\"https:\/\/www.fotofreunde-lev.de\/wp-content\/uploads\/2014\/01\/Eiszeit_009-440x293.jpg\" data-large-file=\"https:\/\/www.fotofreunde-lev.de\/wp-content\/uploads\/2014\/01\/Eiszeit_009-980x653.jpg\" src=\"https:\/\/www.fotofreunde-lev.de\/wp-content\/uploads\/2014\/01\/Eiszeit_009.jpg?w=246&#038;h=164\" width=\"246\" height=\"164\" align=\"left\" title=\"Eiszeit_009\" \/><\/a><\/div><\/div><div class=\"gallery-group images-1\" style=\"width: 501px; height: 336px;\"><div class=\"tiled-gallery-item tiled-gallery-item-large\"><a href=\"https:\/\/www.fotofreunde-lev.de\/?attachment_id=2277\"><img loading=\"lazy\" decoding=\"async\" data-attachment-id=\"2277\" data-orig-file=\"https:\/\/www.fotofreunde-lev.de\/wp-content\/uploads\/2014\/01\/Eiszeit_020.jpg\" data-orig-size=\"1024,683\" data-comments-opened=\"1\" data-image-meta=\"{&quot;aperture&quot;:&quot;4&quot;,&quot;credit&quot;:&quot;&quot;,&quot;camera&quot;:&quot;Canon PowerShot G11&quot;,&quot;caption&quot;:&quot;???????????????????????????????&quot;,&quot;created_timestamp&quot;:&quot;1390990738&quot;,&quot;copyright&quot;:&quot;&quot;,&quot;focal_length&quot;:&quot;6.1&quot;,&quot;iso&quot;:&quot;80&quot;,&quot;shutter_speed&quot;:&quot;0.0166666666667&quot;,&quot;title&quot;:&quot;&quot;}\" data-image-title=\"Eiszeit_020\" data-image-description=\"&lt;p&gt;???????????????????????????????&lt;\/p&gt;\n\" data-medium-file=\"https:\/\/www.fotofreunde-lev.de\/wp-content\/uploads\/2014\/01\/Eiszeit_020-440x293.jpg\" data-large-file=\"https:\/\/www.fotofreunde-lev.de\/wp-content\/uploads\/2014\/01\/Eiszeit_020-980x653.jpg\" src=\"https:\/\/www.fotofreunde-lev.de\/wp-content\/uploads\/2014\/01\/Eiszeit_020.jpg?w=497&#038;h=332\" width=\"497\" height=\"332\" align=\"left\" title=\"Eiszeit_020\" \/><\/a><\/div><\/div><\/div><div class=\"gallery-row\" style=\"width: 751px; height: 164px;\"><div class=\"gallery-group images-1\" style=\"width: 251px; height: 168px;\"><div class=\"tiled-gallery-item tiled-gallery-item-small\"><a href=\"https:\/\/www.fotofreunde-lev.de\/?attachment_id=2272\"><img loading=\"lazy\" decoding=\"async\" data-attachment-id=\"2272\" data-orig-file=\"https:\/\/www.fotofreunde-lev.de\/wp-content\/uploads\/2014\/01\/Eiszeit_012.jpg\" data-orig-size=\"1024,683\" data-comments-opened=\"1\" data-image-meta=\"{&quot;aperture&quot;:&quot;4&quot;,&quot;credit&quot;:&quot;&quot;,&quot;camera&quot;:&quot;Canon PowerShot G11&quot;,&quot;caption&quot;:&quot;???????????????????????????????&quot;,&quot;created_timestamp&quot;:&quot;1390990324&quot;,&quot;copyright&quot;:&quot;&quot;,&quot;focal_length&quot;:&quot;6.1&quot;,&quot;iso&quot;:&quot;80&quot;,&quot;shutter_speed&quot;:&quot;0.01&quot;,&quot;title&quot;:&quot;&quot;}\" data-image-title=\"Eiszeit_012\" data-image-description=\"&lt;p&gt;???????????????????????????????&lt;\/p&gt;\n\" data-medium-file=\"https:\/\/www.fotofreunde-lev.de\/wp-content\/uploads\/2014\/01\/Eiszeit_012-440x293.jpg\" data-large-file=\"https:\/\/www.fotofreunde-lev.de\/wp-content\/uploads\/2014\/01\/Eiszeit_012-980x653.jpg\" src=\"https:\/\/www.fotofreunde-lev.de\/wp-content\/uploads\/2014\/01\/Eiszeit_012.jpg?w=247&#038;h=164\" width=\"247\" height=\"164\" align=\"left\" title=\"Eiszeit_012\" \/><\/a><\/div><\/div><div class=\"gallery-group images-1\" style=\"width: 250px; height: 168px;\"><div class=\"tiled-gallery-item tiled-gallery-item-small\"><a href=\"https:\/\/www.fotofreunde-lev.de\/?attachment_id=2273\"><img loading=\"lazy\" decoding=\"async\" data-attachment-id=\"2273\" data-orig-file=\"https:\/\/www.fotofreunde-lev.de\/wp-content\/uploads\/2014\/01\/Eiszeit_014.jpg\" data-orig-size=\"1024,683\" data-comments-opened=\"1\" data-image-meta=\"{&quot;aperture&quot;:&quot;4&quot;,&quot;credit&quot;:&quot;&quot;,&quot;camera&quot;:&quot;Canon PowerShot G11&quot;,&quot;caption&quot;:&quot;???????????????????????????????&quot;,&quot;created_timestamp&quot;:&quot;1390990341&quot;,&quot;copyright&quot;:&quot;&quot;,&quot;focal_length&quot;:&quot;6.1&quot;,&quot;iso&quot;:&quot;80&quot;,&quot;shutter_speed&quot;:&quot;0.0125&quot;,&quot;title&quot;:&quot;&quot;}\" data-image-title=\"Eiszeit_014\" data-image-description=\"&lt;p&gt;???????????????????????????????&lt;\/p&gt;\n\" data-medium-file=\"https:\/\/www.fotofreunde-lev.de\/wp-content\/uploads\/2014\/01\/Eiszeit_014-440x293.jpg\" data-large-file=\"https:\/\/www.fotofreunde-lev.de\/wp-content\/uploads\/2014\/01\/Eiszeit_014-980x653.jpg\" src=\"https:\/\/www.fotofreunde-lev.de\/wp-content\/uploads\/2014\/01\/Eiszeit_014.jpg?w=246&#038;h=164\" width=\"246\" height=\"164\" align=\"left\" title=\"Eiszeit_014\" \/><\/a><\/div><\/div><div class=\"gallery-group images-1\" style=\"width: 250px; height: 168px;\"><div class=\"tiled-gallery-item tiled-gallery-item-small\"><a href=\"https:\/\/www.fotofreunde-lev.de\/?attachment_id=2275\"><img loading=\"lazy\" decoding=\"async\" data-attachment-id=\"2275\" data-orig-file=\"https:\/\/www.fotofreunde-lev.de\/wp-content\/uploads\/2014\/01\/Eiszeit_016.jpg\" data-orig-size=\"1024,683\" data-comments-opened=\"1\" data-image-meta=\"{&quot;aperture&quot;:&quot;4&quot;,&quot;credit&quot;:&quot;&quot;,&quot;camera&quot;:&quot;Canon PowerShot G11&quot;,&quot;caption&quot;:&quot;???????????????????????????????&quot;,&quot;created_timestamp&quot;:&quot;1390990579&quot;,&quot;copyright&quot;:&quot;&quot;,&quot;focal_length&quot;:&quot;6.1&quot;,&quot;iso&quot;:&quot;100&quot;,&quot;shutter_speed&quot;:&quot;0.0166666666667&quot;,&quot;title&quot;:&quot;&quot;}\" data-image-title=\"Eiszeit_016\" data-image-description=\"&lt;p&gt;???????????????????????????????&lt;\/p&gt;\n\" data-medium-file=\"https:\/\/www.fotofreunde-lev.de\/wp-content\/uploads\/2014\/01\/Eiszeit_016-440x293.jpg\" data-large-file=\"https:\/\/www.fotofreunde-lev.de\/wp-content\/uploads\/2014\/01\/Eiszeit_016-980x653.jpg\" src=\"https:\/\/www.fotofreunde-lev.de\/wp-content\/uploads\/2014\/01\/Eiszeit_016.jpg?w=246&#038;h=164\" width=\"246\" height=\"164\" align=\"left\" title=\"Eiszeit_016\" \/><\/a><\/div><\/div><\/div><div class=\"gallery-row\" style=\"width: 751px; height: 332px;\"><div class=\"gallery-group images-1\" style=\"width: 501px; height: 336px;\"><div class=\"tiled-gallery-item tiled-gallery-item-large\"><a href=\"https:\/\/www.fotofreunde-lev.de\/?attachment_id=2274\"><img loading=\"lazy\" decoding=\"async\" data-attachment-id=\"2274\" data-orig-file=\"https:\/\/www.fotofreunde-lev.de\/wp-content\/uploads\/2014\/01\/Eiszeit_015.jpg\" data-orig-size=\"1024,683\" data-comments-opened=\"1\" data-image-meta=\"{&quot;aperture&quot;:&quot;4&quot;,&quot;credit&quot;:&quot;&quot;,&quot;camera&quot;:&quot;Canon PowerShot G11&quot;,&quot;caption&quot;:&quot;???????????????????????????????&quot;,&quot;created_timestamp&quot;:&quot;1390990571&quot;,&quot;copyright&quot;:&quot;&quot;,&quot;focal_length&quot;:&quot;6.1&quot;,&quot;iso&quot;:&quot;160&quot;,&quot;shutter_speed&quot;:&quot;0.0166666666667&quot;,&quot;title&quot;:&quot;&quot;}\" data-image-title=\"Eiszeit_015\" data-image-description=\"&lt;p&gt;???????????????????????????????&lt;\/p&gt;\n\" data-medium-file=\"https:\/\/www.fotofreunde-lev.de\/wp-content\/uploads\/2014\/01\/Eiszeit_015-440x293.jpg\" data-large-file=\"https:\/\/www.fotofreunde-lev.de\/wp-content\/uploads\/2014\/01\/Eiszeit_015-980x653.jpg\" src=\"https:\/\/www.fotofreunde-lev.de\/wp-content\/uploads\/2014\/01\/Eiszeit_015.jpg?w=497&#038;h=332\" width=\"497\" height=\"332\" align=\"left\" title=\"Eiszeit_015\" \/><\/a><\/div><\/div><div class=\"gallery-group images-2\" style=\"width: 250px; height: 336px;\"><div class=\"tiled-gallery-item tiled-gallery-item-small\"><a href=\"https:\/\/www.fotofreunde-lev.de\/?attachment_id=2276\"><img loading=\"lazy\" decoding=\"async\" data-attachment-id=\"2276\" data-orig-file=\"https:\/\/www.fotofreunde-lev.de\/wp-content\/uploads\/2014\/01\/Eiszeit_017.jpg\" data-orig-size=\"1024,683\" data-comments-opened=\"1\" data-image-meta=\"{&quot;aperture&quot;:&quot;4&quot;,&quot;credit&quot;:&quot;&quot;,&quot;camera&quot;:&quot;Canon PowerShot G11&quot;,&quot;caption&quot;:&quot;???????????????????????????????&quot;,&quot;created_timestamp&quot;:&quot;1390990590&quot;,&quot;copyright&quot;:&quot;&quot;,&quot;focal_length&quot;:&quot;6.1&quot;,&quot;iso&quot;:&quot;125&quot;,&quot;shutter_speed&quot;:&quot;0.0166666666667&quot;,&quot;title&quot;:&quot;&quot;}\" data-image-title=\"Eiszeit_017\" data-image-description=\"&lt;p&gt;???????????????????????????????&lt;\/p&gt;\n\" data-medium-file=\"https:\/\/www.fotofreunde-lev.de\/wp-content\/uploads\/2014\/01\/Eiszeit_017-440x293.jpg\" data-large-file=\"https:\/\/www.fotofreunde-lev.de\/wp-content\/uploads\/2014\/01\/Eiszeit_017-980x653.jpg\" src=\"https:\/\/www.fotofreunde-lev.de\/wp-content\/uploads\/2014\/01\/Eiszeit_017.jpg?w=246&#038;h=164\" width=\"246\" height=\"164\" align=\"left\" title=\"Eiszeit_017\" \/><\/a><\/div><div class=\"tiled-gallery-item tiled-gallery-item-small\"><a href=\"https:\/\/www.fotofreunde-lev.de\/?attachment_id=2263\"><img loading=\"lazy\" decoding=\"async\" data-attachment-id=\"2263\" data-orig-file=\"https:\/\/www.fotofreunde-lev.de\/wp-content\/uploads\/2014\/01\/Eiszeit_021.jpg\" data-orig-size=\"1024,683\" data-comments-opened=\"1\" data-image-meta=\"{&quot;aperture&quot;:&quot;4&quot;,&quot;credit&quot;:&quot;&quot;,&quot;camera&quot;:&quot;Canon PowerShot G11&quot;,&quot;caption&quot;:&quot;???????????????????????????????&quot;,&quot;created_timestamp&quot;:&quot;1390991998&quot;,&quot;copyright&quot;:&quot;&quot;,&quot;focal_length&quot;:&quot;6.1&quot;,&quot;iso&quot;:&quot;80&quot;,&quot;shutter_speed&quot;:&quot;0.0125&quot;,&quot;title&quot;:&quot;&quot;}\" data-image-title=\"Eiszeit_021\" data-image-description=\"\" data-medium-file=\"https:\/\/www.fotofreunde-lev.de\/wp-content\/uploads\/2014\/01\/Eiszeit_021-440x293.jpg\" data-large-file=\"https:\/\/www.fotofreunde-lev.de\/wp-content\/uploads\/2014\/01\/Eiszeit_021-980x653.jpg\" src=\"https:\/\/www.fotofreunde-lev.de\/wp-content\/uploads\/2014\/01\/Eiszeit_021.jpg?w=246&#038;h=164\" width=\"246\" height=\"164\" align=\"left\" title=\"Eiszeit_021\" \/><\/a><\/div><\/div><\/div><\/div><\/p>\n","protected":false},"excerpt":{"rendered":"<p>In der Nacht zu Mittwoch (29 Jan) hatten wir doch tats\u00e4chlich leichten Frost in unseren Gefilden. Die gut gef\u00fcllten Pf\u00fctzen hatten eine fragile Eisschicht. Da mich mein morgentlicher Spaziergang mit Hund in die Felder Hitdorf&#8217;s f\u00fchrt, habe ich mir meine kleine Canon PowerShot G11 in &hellip; <a href=\"https:\/\/www.fotofreunde-lev.de\/?p=2262\" class=\"more-link\"><span>Weiterlesen &#8230;<span class=\"screen-reader-text\">Eiszeit im Rheinland<\/span><\/span><\/a><\/p>\n","protected":false},"author":16,"featured_media":2265,"comment_status":"open","ping_status":"open","sticky":false,"template":"","format":"gallery","meta":{"footnotes":"","_links_to":"","_links_to_target":""},"categories":[11],"tags":[239,325],"class_list":["post-2262","post","type-post","status-publish","format-gallery","has-post-thumbnail","hentry","category-natur","tag-eis","tag-hitdorf","post_format-post-format-gallery"],"_links":{"self":[{"href":"https:\/\/www.fotofreunde-lev.de\/index.php?rest_route=\/wp\/v2\/posts\/2262","targetHints":{"allow":["GET"]}}],"collection":[{"href":"https:\/\/www.fotofreunde-lev.de\/index.php?rest_route=\/wp\/v2\/posts"}],"about":[{"href":"https:\/\/www.fotofreunde-lev.de\/index.php?rest_route=\/wp\/v2\/types\/post"}],"author":[{"embeddable":true,"href":"https:\/\/www.fotofreunde-lev.de\/index.php?rest_route=\/wp\/v2\/users\/16"}],"replies":[{"embeddable":true,"href":"https:\/\/www.fotofreunde-lev.de\/index.php?rest_route=%2Fwp%2Fv2%2Fcomments&post=2262"}],"version-history":[{"count":1,"href":"https:\/\/www.fotofreunde-lev.de\/index.php?rest_route=\/wp\/v2\/posts\/2262\/revisions"}],"predecessor-version":[{"id":2278,"href":"https:\/\/www.fotofreunde-lev.de\/index.php?rest_route=\/wp\/v2\/posts\/2262\/revisions\/2278"}],"wp:featuredmedia":[{"embeddable":true,"href":"https:\/\/www.fotofreunde-lev.de\/index.php?rest_route=\/wp\/v2\/media\/2265"}],"wp:attachment":[{"href":"https:\/\/www.fotofreunde-lev.de\/index.php?rest_route=%2Fwp%2Fv2%2Fmedia&parent=2262"}],"wp:term":[{"taxonomy":"category","embeddable":true,"href":"https:\/\/www.fotofreunde-lev.de\/index.php?rest_route=%2Fwp%2Fv2%2Fcategories&post=2262"},{"taxonomy":"post_tag","embeddable":true,"href":"https:\/\/www.fotofreunde-lev.de\/index.php?rest_route=%2Fwp%2Fv2%2Ftags&post=2262"}],"curies":[{"name":"wp","href":"https:\/\/api.w.org\/{rel}","templated":true}]}}